{"id":46806,"date":"2022-07-28T12:50:09","date_gmt":"2022-07-28T10:50:09","guid":{"rendered":"https:\/\/aeeolica.org\/?p=46806"},"modified":"2022-07-28T12:50:12","modified_gmt":"2022-07-28T10:50:12","slug":"ministerio-de-industria-comunidades-autonomas-y-pymar-celebran-la-oportunidad-historica-de-transformar-el-sector-a-traves-del-perte-naval","status":"publish","type":"post","link":"https:\/\/aeeolica.org\/en\/ministerio-de-industria-comunidades-autonomas-y-pymar-celebran-la-oportunidad-historica-de-transformar-el-sector-a-traves-del-perte-naval\/","title":{"rendered":"Ministerio de Industria, Comunidades Aut\u00f3nomas y Pymar celebran la oportunidad hist\u00f3rica de transformar el sector a trav\u00e9s del PERTE Naval"},"content":{"rendered":"\n<p>La<strong>&nbsp;Ministra de Industria, Comercio y Turismo<\/strong>&nbsp;ha destacado que el PERTE Naval&nbsp;es \u201cuna demostraci\u00f3n&nbsp;del compromiso del Gobierno con el impulso de la industria naval espa\u00f1ola, un sector estrat\u00e9gico para contribuir a la autonom\u00eda industrial de Espa\u00f1a y de Europa\u201d<\/p>\n\n\n\n<p>El&nbsp;<strong>Presidente de la Xunta de Galicia&nbsp;<\/strong>se mostr\u00f3 convencido del papel \u201csignificativo\u201d de las pymes gallegas en los proyectos que se van a desarrollar y solicit\u00f3 la colaboraci\u00f3n de Pymar \u201cpara acertar y encauzar esta oportunidad que se nos presenta\u201d<\/p>\n\n\n\n<p>El&nbsp;<strong>Presidente del Principado de Asturias<\/strong>&nbsp;ha se\u00f1alado que \u201cel naval se ha situado a la vanguardia del desarrollo tecnol\u00f3gico de nuestra industria\u201d<\/p>\n\n\n\n<p>El&nbsp;<strong>Presidente del Gobierno de Canarias<\/strong>&nbsp;ha resaltado que \u201cla transformaci\u00f3n de toda la cadena de valor del sector naval, con m\u00e1s digitalizaci\u00f3n, sostenibilidad y diversificaci\u00f3n, se alinea con los objetivos del desarrollo sostenible que se ha marcado el gobierno que preside\u201d<\/p>\n\n\n\n<p>La&nbsp;<strong>Consejera Delegada de Pymar<\/strong>&nbsp;ha valorado que \u201cel PERTE NAVAL es una manera de sembrar y de abrir las puertas del futuro\u201d<\/p>\n\n\n\n<p>El&nbsp;<strong>Informe de Actividad del Sector<\/strong>&nbsp;constata el segundo puesto de Espa\u00f1a en el ranking de la UE de contrataci\u00f3n en el \u00faltimo a\u00f1o, con una cuota de mercado del 20%<\/p>\n\n\n\n<p>Pymar ha celebrado hoy su Junta General Ordinaria de Accionistas, cuya clausura ha corrido a cargo de la Ministra de Industria, Comercio y Turismo,&nbsp;<strong>Reyes Maroto<\/strong>. En el acto han participado asimismo el Secretario General de Industria y de la Peque\u00f1a y Mediana Empresa,&nbsp;<strong>Ra\u00fcl Blanco<\/strong>, y el Presidente y la Consejera Delegada de Pymar,<strong>&nbsp;\u00c1lvaro Platero&nbsp;<\/strong>y<strong>&nbsp;Almudena L\u00f3pez del Pozo.<\/strong><\/p>\n\n\n\n<p>El acto ha contado con la intervenci\u00f3n telem\u00e1tica de&nbsp;<strong>Alfonso Rueda<\/strong>, Presidente de la Xunta de Galicia,&nbsp;<strong>Adri\u00e1n Barb\u00f3n<\/strong>, Presidente del Principado de Asturias y&nbsp;<strong>\u00c1ngel V\u00edctor Torres<\/strong>, Presidente del Gobierno de Canarias. Asimismo, han asistido al evento&nbsp;<strong>Mikel Amundarain<\/strong>, Viceconsejero de Industria del Gobierno del Pa\u00eds Vasco, y&nbsp;<strong>Antonio Jos\u00e9 Olivera<\/strong>, Viceconsejero de la Presidencia del Gobierno de Canarias.<\/p>\n\n\n\n<p>En las intervenciones que han tenido lugar durante el acto, ha estado muy presente la reciente aprobaci\u00f3n del PERTE Naval, que busca impulsar una completa transformaci\u00f3n de toda la cadena de valor de la industria naval espa\u00f1ola a trav\u00e9s de los grandes pilares de la digitalizaci\u00f3n, la sostenibilidad medioambiental y eficiencia energ\u00e9tica, la diversificaci\u00f3n hacia mercados como el de la energ\u00eda e\u00f3lica marina, y la formaci\u00f3n y capacitaci\u00f3n.<\/p>\n\n\n\n<p><strong>Reyes Maroto<\/strong>&nbsp;ha puesto en valor el PERTE Naval del que ha dicho que es una demostraci\u00f3n&nbsp;del \u201ccompromiso del Gobierno con el impulso de la industria naval espa\u00f1ola, un sector estrat\u00e9gico para contribuir a la autonom\u00eda industrial de Espa\u00f1a y Europa y potenciar su diversificaci\u00f3n y su desarrollo sostenible, tecnol\u00f3gico y digital. Nuestro objetivo con este PERTE es generar importantes retornos econ\u00f3micos y sociales, as\u00ed como reforzar las capacidades industriales de nuestro pa\u00eds, contribuir al desarrollo tecnol\u00f3gico y digital del sector naval y a la generaci\u00f3n de empleo cualificado y de calidad. El desarrollo del PERTE Naval prev\u00e9 una<strong>&nbsp;inversi\u00f3n total de 1.460 millones de euros&nbsp;<\/strong>con una contribuci\u00f3n del sector p\u00fablico de 310 millones de euros y una inversi\u00f3n privada de 1.150 millones de euros\u201d.<\/p>\n\n\n\n<p><strong>Almudena L\u00f3pez del Pozo<\/strong>&nbsp;ha destacado que \u201ctenemos la oportunidad de dise\u00f1ar un nuevo modelo industrial, trabajando de manera colaborativa e integradora de toda la cadena de valor y de los agentes implicados en el sector naval\u201d. Seg\u00fan L\u00f3pez del Pozo, \u201ctodos los integrantes de esta industria debemos ser conscientes de la gran responsabilidad que tenemos en nuestras manos. Corresponder a la confianza que las Administraciones han depositado en nosotros siendo capaces de materializar todos los proyectos que nos faciliten un futuro mejor\u201d.<\/p>\n\n\n\n<p><strong>Alfonso Rueda<\/strong>&nbsp;se mostr\u00f3 convencido del papel \u201csignificativo\u201d de las pymes gallegas en los proyectos que se van a desarrollar y solicit\u00f3 la colaboraci\u00f3n de Pymar \u201cpara acertar y encauzar esta oportunidad que se nos presenta\u201d. Rueda mostr\u00f3 la disposici\u00f3n del Gobierno gallego a colaborar para que el sector naval se consolide como una potencia clave, \u201cporque sabemos hacerlo, ya lo hemos hecho muchas veces y lo haremos de nuevo\u201d.<\/p>\n\n\n\n<p>Por su parte,&nbsp;<strong>Adri\u00e1n Barb\u00f3n<\/strong>&nbsp;ha manifestado que \u201cel naval se ha situado a la vanguardia del desarrollo tecnol\u00f3gico de nuestra industria\u201d, subrayando \u201cque los astilleros asturianos son uno de los mejores ejemplos posibles de resiliencia empresarial\u201d. \u201cPara el sector naval, cambiar significa superar la digitalizaci\u00f3n, la transici\u00f3n ecol\u00f3gica, diversificar, responder a las demandas formativas y hacer cada d\u00eda buques y embarcaciones con niveles de innovaci\u00f3n m\u00e1s avanzados que respondan a las necesidades de los clientes\u201d, ha se\u00f1alado.<\/p>\n\n\n\n<p><strong>INCORPORACI\u00d3N DE CANARIAS AL CONSEJO DE ADMINISTRACI\u00d3N<\/strong><\/p>\n\n\n\n<p>\u00c1ngel&nbsp;<strong>V\u00edctor Torres P\u00e9rez<\/strong>&nbsp;se ha felicitado por la incorporaci\u00f3n de Canarias al Consejo de Administraci\u00f3n de Pymar, convirti\u00e9ndose de esta manera en la cuarta Comunidad Aut\u00f3noma con participaci\u00f3n en este \u00f3rgano, junto a Galicia, Asturias y Pa\u00eds Vasco.<\/p>\n\n\n\n<p>En este sentido, Torres P\u00e9rez ha destacado \u201cla colaboraci\u00f3n p\u00fablico-privada como fundamento para impulsar la transformaci\u00f3n del sector naval, a trav\u00e9s de una nueva forma de trabajar, con proyectos colaborativos en torno a tres ejes principales: la digitalizaci\u00f3n, la sostenibilidad medioambiental y la diversificaci\u00f3n de la actividad\u201d.<\/p>\n\n\n\n<p>En relaci\u00f3n con la diversificaci\u00f3n, el jefe del Ejecutivo canario quiso subrayar \u201cel potencial de crecimiento de Canarias en el \u00e1mbito de la energ\u00eda e\u00f3lica marina, en el que las islas pueden convertirse en referente de su desarrollo\u201d. Para Torres, la transformaci\u00f3n de la cadena de valor del sector naval se alinea con los objetivos de desarrollo sostenible de su gobierno, que en Canarias pasan innegablemente por la transformaci\u00f3n verde, el impulso a las renovables, la econom\u00eda azul y la diversificaci\u00f3n de nuestro sistema productivo. \u201cEs la apuesta clara de este Gobierno. Y en esa apuesta, y dada la importancia tanto de los astilleros como de la industria auxiliar en nuestra comunidad, cobra el mayor sentido que el Gobierno de Canarias forme parte del Consejo de Administraci\u00f3n de Pymar y, con ello, del \u00f3rgano de gesti\u00f3n y decisi\u00f3n de una herramienta p\u00fablico-privada clave para nuestro futuro econ\u00f3mico\u201d, apunt\u00f3.<\/p>\n\n\n\n<p>La industria naval canaria cuenta con un elevado reconocimiento internacional, particularmente en el \u00e1mbito de las grandes reparaciones y transformaciones de buques, y una alta competitividad de sus astilleros. El sector naval isle\u00f1o tendr\u00e1 una enorme oportunidad a futuro con el pr\u00f3ximo desarrollo de proyectos dentro del PERTE naval, tanto para el mantenimiento de su industria naval a la vanguardia del mercado, como para diversificar su actividad hacia el \u00e1mbito de la energ\u00eda e\u00f3lica marina, con un particular potencial en esta Comunidad.<\/p>\n\n\n\n<p>Por su parte,&nbsp;<strong>Mikel Amundarain<\/strong>&nbsp;ha se\u00f1alado que \u201cel sector naval y los astilleros vascos tienen que aprovechar la oportunidad derivada de los fondos europeos para poner en marcha y traccionar proyectos influyentes con fuerza transformadora, que nos permitan ser protagonistas de las grandes transiciones, la energ\u00e9tica-clim\u00e1tica, la digital-tecnol\u00f3gica y la demogr\u00e1fica social. La industria naval vasca y su cadena de valor est\u00e1 capacitada para competir\u201d.<\/p>\n\n\n\n<p><strong>INFORME ANUAL DE ACTIVIDAD DEL SECTOR<\/strong><\/p>\n\n\n\n<p>Durante el acto tambi\u00e9n se ha presentado el&nbsp;<a href=\"https:\/\/pymar.com\/Informe-de-actividad-2021\/\" target=\"_blank\" rel=\"noreferrer noopener\">Informe de Actividad del Sector de la Construcci\u00f3n Naval correspondiente a 2021<\/a>, donde se refleja la recuperaci\u00f3n y fortaleza mostrada por el sector naval espa\u00f1ol durante el pasado ejercicio. Como muestra, Espa\u00f1a volvi\u00f3 a figurar entre los primeros puestos en los rankings de contrataci\u00f3n internacional, situ\u00e1ndose como segundo pa\u00eds de la Uni\u00f3n Europea, con un 20% de cuota de mercado.<\/p>\n\n\n\n<p>Los astilleros espa\u00f1oles han seguido destacando en aquellos segmentos con mayor proyecci\u00f3n y crecimiento, como es el caso de los buques offshore dedicados a la e\u00f3lica marina, en los que nuestro pa\u00eds se situ\u00f3 como el l\u00edder absoluto dentro de la Uni\u00f3n Europea y segundo a nivel mundial con mayor cartera de pedidos. Asimismo, cabe destacar mercados como el de los grandes buques pesqueros, los buques de investigaci\u00f3n oceanogr\u00e1fica o los buques de apoyo a la acuicultura marina, donde Espa\u00f1a tambi\u00e9n lider\u00f3 la contrataci\u00f3n anual dentro de la Uni\u00f3n Europea.<\/p>\n\n\n\n<p>A cierre de 2021, se incrementaron en Espa\u00f1a el n\u00famero de buques en cartera respecto al a\u00f1o anterior, contabilizando un total de 45 buques. Esta cartera de pedidos aport\u00f3 cerca de 12,6 millones de horas de trabajo, posibilitando que la mayor\u00eda de los astilleros privados espa\u00f1oles cuente con carga de trabajo asegurada, al menos, hasta finales de 2023.<\/p>\n\n\n\n<p>En el competitivo segmento de la reparaci\u00f3n y transformaci\u00f3n naval, los astilleros espa\u00f1oles lograron cerrar el ejercicio 2021 con unas cifras de negocio excepcionales. Durante el conjunto del a\u00f1o se contabilizaron en Espa\u00f1a cerca de 900 grandes actuaciones de reparaci\u00f3n y transformaci\u00f3n naval, con una facturaci\u00f3n cercana a los 450 millones de euros, incrementando en m\u00e1s de un 30% la facturaci\u00f3n del a\u00f1o anterior.<\/p>\n\n\n\n<figure class=\"wp-block-image size-full\"><img decoding=\"async\" width=\"800\" height=\"419\" src=\"https:\/\/aeeolica.org\/wp-content\/uploads\/2022\/07\/foto-linkedin-1.png\" alt=\"\" class=\"wp-image-46803\" srcset=\"https:\/\/aeeolica.org\/wp-content\/uploads\/2022\/07\/foto-linkedin-1.png 800w, https:\/\/aeeolica.org\/wp-content\/uploads\/2022\/07\/foto-linkedin-1-480x251.png 480w\" sizes=\"(min-width: 0px) and (max-width: 480px) 480px, (min-width: 481px) 800px, 100vw\" \/><\/figure>\n","protected":false},"excerpt":{"rendered":"<p>La&nbsp;Ministra de Industria, Comercio y Turismo&nbsp;ha destacado que el PERTE Naval&nbsp;es \u201cuna demostraci\u00f3n&nbsp;del compromiso del Gobierno con el impulso de la industria naval espa\u00f1ola, un sector estrat\u00e9gico para contribuir a [&hellip;]<\/p>\n","protected":false},"author":2,"featured_media":0,"comment_status":"open","ping_status":"open","sticky":false,"template":"","format":"standard","meta":{"_acf_changed":false,"_bbp_topic_count":0,"_bbp_reply_count":0,"_bbp_total_topic_count":0,"_bbp_total_reply_count":0,"_bbp_voice_count":0,"_bbp_anonymous_reply_count":0,"_bbp_topic_count_hidden":0,"_bbp_reply_count_hidden":0,"_bbp_forum_subforum_count":0,"_et_pb_use_builder":"","_et_pb_old_content":"","_et_gb_content_width":"","footnotes":""},"categories":[438],"tags":[],"class_list":["post-46806","post","type-post","status-publish","format-standard","hentry","category-newsletter-julio-2022"],"acf":[],"yoast_head":"<!-- This site is optimized with the Yoast SEO plugin v27.4 - https:\/\/yoast.com\/product\/yoast-seo-wordpress\/ -->\n<title>Ministerio de Industria, Comunidades Aut\u00f3nomas y Pymar celebran la oportunidad hist\u00f3rica de transformar el sector a trav\u00e9s del PERTE Naval - Asociaci\u00f3n Empresarial E\u00f3lica<\/title>\n<meta name=\"robots\" content=\"index, follow, max-snippet:-1, max-image-preview:large, max-video-preview:-1\" \/>\n<link rel=\"canonical\" href=\"https:\/\/aeeolica.org\/ministerio-de-industria-comunidades-autonomas-y-pymar-celebran-la-oportunidad-historica-de-transformar-el-sector-a-traves-del-perte-naval\/\" \/>\n<meta property=\"og:locale\" content=\"en_US\" \/>\n<meta property=\"og:type\" content=\"article\" \/>\n<meta property=\"og:title\" content=\"Ministerio de Industria, Comunidades Aut\u00f3nomas y Pymar celebran la oportunidad hist\u00f3rica de transformar el sector a trav\u00e9s del PERTE Naval - Asociaci\u00f3n Empresarial E\u00f3lica\" \/>\n<meta property=\"og:description\" content=\"La&nbsp;Ministra de Industria, Comercio y Turismo&nbsp;ha destacado que el PERTE Naval&nbsp;es \u201cuna demostraci\u00f3n&nbsp;del compromiso del Gobierno con el impulso de la industria naval espa\u00f1ola, un sector estrat\u00e9gico para contribuir a [&hellip;]\" \/>\n<meta property=\"og:url\" content=\"https:\/\/aeeolica.org\/ministerio-de-industria-comunidades-autonomas-y-pymar-celebran-la-oportunidad-historica-de-transformar-el-sector-a-traves-del-perte-naval\/\" \/>\n<meta property=\"og:site_name\" content=\"Asociaci\u00f3n Empresarial E\u00f3lica\" \/>\n<meta property=\"article:publisher\" content=\"https:\/\/www.facebook.com\/aeeolica\" \/>\n<meta property=\"article:published_time\" content=\"2022-07-28T10:50:09+00:00\" \/>\n<meta property=\"article:modified_time\" content=\"2022-07-28T10:50:12+00:00\" \/>\n<meta property=\"og:image\" content=\"https:\/\/aeeolica.org\/wp-content\/uploads\/2022\/07\/foto-linkedin-1.png\" \/>\n<meta name=\"author\" content=\"Morante D\u00edaz, Mar\u00eda del Mar\" \/>\n<meta name=\"twitter:card\" content=\"summary_large_image\" \/>\n<meta name=\"twitter:creator\" content=\"@aeeolica\" \/>\n<meta name=\"twitter:site\" content=\"@aeeolica\" \/>\n<meta name=\"twitter:label1\" content=\"Written by\" \/>\n\t<meta name=\"twitter:data1\" content=\"Morante D\u00edaz, Mar\u00eda del Mar\" \/>\n\t<meta name=\"twitter:label2\" content=\"Est. reading time\" \/>\n\t<meta name=\"twitter:data2\" content=\"7 minutes\" \/>\n<script type=\"application\/ld+json\" class=\"yoast-schema-graph\">{\"@context\":\"https:\\\/\\\/schema.org\",\"@graph\":[{\"@type\":\"Article\",\"@id\":\"https:\\\/\\\/aeeolica.org\\\/ministerio-de-industria-comunidades-autonomas-y-pymar-celebran-la-oportunidad-historica-de-transformar-el-sector-a-traves-del-perte-naval\\\/#article\",\"isPartOf\":{\"@id\":\"https:\\\/\\\/aeeolica.org\\\/ministerio-de-industria-comunidades-autonomas-y-pymar-celebran-la-oportunidad-historica-de-transformar-el-sector-a-traves-del-perte-naval\\\/\"},\"author\":{\"name\":\"Morante D\u00edaz, Mar\u00eda del Mar\",\"@id\":\"https:\\\/\\\/aeeolica.org\\\/#\\\/schema\\\/person\\\/064b26f21f7ed52e0b3854e6b52f9772\"},\"headline\":\"Ministerio de Industria, Comunidades Aut\u00f3nomas y Pymar celebran la oportunidad hist\u00f3rica de transformar el sector a trav\u00e9s del PERTE Naval\",\"datePublished\":\"2022-07-28T10:50:09+00:00\",\"dateModified\":\"2022-07-28T10:50:12+00:00\",\"mainEntityOfPage\":{\"@id\":\"https:\\\/\\\/aeeolica.org\\\/ministerio-de-industria-comunidades-autonomas-y-pymar-celebran-la-oportunidad-historica-de-transformar-el-sector-a-traves-del-perte-naval\\\/\"},\"wordCount\":1613,\"commentCount\":1,\"publisher\":{\"@id\":\"https:\\\/\\\/aeeolica.org\\\/#organization\"},\"image\":{\"@id\":\"https:\\\/\\\/aeeolica.org\\\/ministerio-de-industria-comunidades-autonomas-y-pymar-celebran-la-oportunidad-historica-de-transformar-el-sector-a-traves-del-perte-naval\\\/#primaryimage\"},\"thumbnailUrl\":\"https:\\\/\\\/aeeolica.org\\\/wp-content\\\/uploads\\\/2022\\\/07\\\/foto-linkedin-1.png\",\"articleSection\":[\"Newsletter Julio 2022\"],\"inLanguage\":\"en-US\",\"potentialAction\":[{\"@type\":\"CommentAction\",\"name\":\"Comment\",\"target\":[\"https:\\\/\\\/aeeolica.org\\\/ministerio-de-industria-comunidades-autonomas-y-pymar-celebran-la-oportunidad-historica-de-transformar-el-sector-a-traves-del-perte-naval\\\/#respond\"]}]},{\"@type\":\"WebPage\",\"@id\":\"https:\\\/\\\/aeeolica.org\\\/ministerio-de-industria-comunidades-autonomas-y-pymar-celebran-la-oportunidad-historica-de-transformar-el-sector-a-traves-del-perte-naval\\\/\",\"url\":\"https:\\\/\\\/aeeolica.org\\\/ministerio-de-industria-comunidades-autonomas-y-pymar-celebran-la-oportunidad-historica-de-transformar-el-sector-a-traves-del-perte-naval\\\/\",\"name\":\"Ministerio de Industria, Comunidades Aut\u00f3nomas y Pymar celebran la oportunidad hist\u00f3rica de transformar el sector a trav\u00e9s del PERTE Naval - Asociaci\u00f3n Empresarial E\u00f3lica\",\"isPartOf\":{\"@id\":\"https:\\\/\\\/aeeolica.org\\\/#website\"},\"primaryImageOfPage\":{\"@id\":\"https:\\\/\\\/aeeolica.org\\\/ministerio-de-industria-comunidades-autonomas-y-pymar-celebran-la-oportunidad-historica-de-transformar-el-sector-a-traves-del-perte-naval\\\/#primaryimage\"},\"image\":{\"@id\":\"https:\\\/\\\/aeeolica.org\\\/ministerio-de-industria-comunidades-autonomas-y-pymar-celebran-la-oportunidad-historica-de-transformar-el-sector-a-traves-del-perte-naval\\\/#primaryimage\"},\"thumbnailUrl\":\"https:\\\/\\\/aeeolica.org\\\/wp-content\\\/uploads\\\/2022\\\/07\\\/foto-linkedin-1.png\",\"datePublished\":\"2022-07-28T10:50:09+00:00\",\"dateModified\":\"2022-07-28T10:50:12+00:00\",\"breadcrumb\":{\"@id\":\"https:\\\/\\\/aeeolica.org\\\/ministerio-de-industria-comunidades-autonomas-y-pymar-celebran-la-oportunidad-historica-de-transformar-el-sector-a-traves-del-perte-naval\\\/#breadcrumb\"},\"inLanguage\":\"en-US\",\"potentialAction\":[{\"@type\":\"ReadAction\",\"target\":[\"https:\\\/\\\/aeeolica.org\\\/ministerio-de-industria-comunidades-autonomas-y-pymar-celebran-la-oportunidad-historica-de-transformar-el-sector-a-traves-del-perte-naval\\\/\"]}]},{\"@type\":\"ImageObject\",\"inLanguage\":\"en-US\",\"@id\":\"https:\\\/\\\/aeeolica.org\\\/ministerio-de-industria-comunidades-autonomas-y-pymar-celebran-la-oportunidad-historica-de-transformar-el-sector-a-traves-del-perte-naval\\\/#primaryimage\",\"url\":\"https:\\\/\\\/aeeolica.org\\\/wp-content\\\/uploads\\\/2022\\\/07\\\/foto-linkedin-1.png\",\"contentUrl\":\"https:\\\/\\\/aeeolica.org\\\/wp-content\\\/uploads\\\/2022\\\/07\\\/foto-linkedin-1.png\"},{\"@type\":\"BreadcrumbList\",\"@id\":\"https:\\\/\\\/aeeolica.org\\\/ministerio-de-industria-comunidades-autonomas-y-pymar-celebran-la-oportunidad-historica-de-transformar-el-sector-a-traves-del-perte-naval\\\/#breadcrumb\",\"itemListElement\":[{\"@type\":\"ListItem\",\"position\":1,\"name\":\"Portada\",\"item\":\"https:\\\/\\\/aeeolica.org\\\/en\\\/inicio\\\/\"},{\"@type\":\"ListItem\",\"position\":2,\"name\":\"Ministerio de Industria, Comunidades Aut\u00f3nomas y Pymar celebran la oportunidad hist\u00f3rica de transformar el sector a trav\u00e9s del PERTE Naval\"}]},{\"@type\":\"WebSite\",\"@id\":\"https:\\\/\\\/aeeolica.org\\\/#website\",\"url\":\"https:\\\/\\\/aeeolica.org\\\/\",\"name\":\"Asociaci\u00f3n Empresarial E\u00f3lica\",\"description\":\"AEE Asociaci\u00f3n Empresarial E\u00f3lica\",\"publisher\":{\"@id\":\"https:\\\/\\\/aeeolica.org\\\/#organization\"},\"potentialAction\":[{\"@type\":\"SearchAction\",\"target\":{\"@type\":\"EntryPoint\",\"urlTemplate\":\"https:\\\/\\\/aeeolica.org\\\/?s={search_term_string}\"},\"query-input\":{\"@type\":\"PropertyValueSpecification\",\"valueRequired\":true,\"valueName\":\"search_term_string\"}}],\"inLanguage\":\"en-US\"},{\"@type\":\"Organization\",\"@id\":\"https:\\\/\\\/aeeolica.org\\\/#organization\",\"name\":\"Asociaci\u00f3n Empresarial E\u00f3lica\",\"url\":\"https:\\\/\\\/aeeolica.org\\\/\",\"logo\":{\"@type\":\"ImageObject\",\"inLanguage\":\"en-US\",\"@id\":\"https:\\\/\\\/aeeolica.org\\\/#\\\/schema\\\/logo\\\/image\\\/\",\"url\":\"https:\\\/\\\/aeeolica.org\\\/wp-content\\\/uploads\\\/2021\\\/08\\\/logo-aee.png\",\"contentUrl\":\"https:\\\/\\\/aeeolica.org\\\/wp-content\\\/uploads\\\/2021\\\/08\\\/logo-aee.png\",\"width\":180,\"height\":78,\"caption\":\"Asociaci\u00f3n Empresarial E\u00f3lica\"},\"image\":{\"@id\":\"https:\\\/\\\/aeeolica.org\\\/#\\\/schema\\\/logo\\\/image\\\/\"},\"sameAs\":[\"https:\\\/\\\/www.facebook.com\\\/aeeolica\",\"https:\\\/\\\/x.com\\\/aeeolica\",\"https:\\\/\\\/www.instagram.com\\\/aeeolica\\\/\",\"https:\\\/\\\/www.linkedin.com\\\/in\\\/aee-asociaci\u00f3n-empresarial-e\u00f3lica-6830946b\\\/\",\"https:\\\/\\\/www.youtube.com\\\/user\\\/AEEolica\"]},{\"@type\":\"Person\",\"@id\":\"https:\\\/\\\/aeeolica.org\\\/#\\\/schema\\\/person\\\/064b26f21f7ed52e0b3854e6b52f9772\",\"name\":\"Morante D\u00edaz, Mar\u00eda del Mar\",\"image\":{\"@type\":\"ImageObject\",\"inLanguage\":\"en-US\",\"@id\":\"https:\\\/\\\/secure.gravatar.com\\\/avatar\\\/8bfd23e1c4bf5aa0b9314f1c5c9d644e62672831e6a512513954c3f15dffdd5a?s=96&d=mm&r=g\",\"url\":\"https:\\\/\\\/secure.gravatar.com\\\/avatar\\\/8bfd23e1c4bf5aa0b9314f1c5c9d644e62672831e6a512513954c3f15dffdd5a?s=96&d=mm&r=g\",\"contentUrl\":\"https:\\\/\\\/secure.gravatar.com\\\/avatar\\\/8bfd23e1c4bf5aa0b9314f1c5c9d644e62672831e6a512513954c3f15dffdd5a?s=96&d=mm&r=g\",\"caption\":\"Morante D\u00edaz, Mar\u00eda del Mar\"},\"url\":\"https:\\\/\\\/aeeolica.org\\\/en\\\/author\\\/mar\\\/\"}]}<\/script>\n<!-- \/ Yoast SEO plugin. -->","yoast_head_json":{"title":"Ministerio de Industria, Comunidades Aut\u00f3nomas y Pymar celebran la oportunidad hist\u00f3rica de transformar el sector a trav\u00e9s del PERTE Naval - Asociaci\u00f3n Empresarial E\u00f3lica","robots":{"index":"index","follow":"follow","max-snippet":"max-snippet:-1","max-image-preview":"max-image-preview:large","max-video-preview":"max-video-preview:-1"},"canonical":"https:\/\/aeeolica.org\/ministerio-de-industria-comunidades-autonomas-y-pymar-celebran-la-oportunidad-historica-de-transformar-el-sector-a-traves-del-perte-naval\/","og_locale":"en_US","og_type":"article","og_title":"Ministerio de Industria, Comunidades Aut\u00f3nomas y Pymar celebran la oportunidad hist\u00f3rica de transformar el sector a trav\u00e9s del PERTE Naval - Asociaci\u00f3n Empresarial E\u00f3lica","og_description":"La&nbsp;Ministra de Industria, Comercio y Turismo&nbsp;ha destacado que el PERTE Naval&nbsp;es \u201cuna demostraci\u00f3n&nbsp;del compromiso del Gobierno con el impulso de la industria naval espa\u00f1ola, un sector estrat\u00e9gico para contribuir a [&hellip;]","og_url":"https:\/\/aeeolica.org\/ministerio-de-industria-comunidades-autonomas-y-pymar-celebran-la-oportunidad-historica-de-transformar-el-sector-a-traves-del-perte-naval\/","og_site_name":"Asociaci\u00f3n Empresarial E\u00f3lica","article_publisher":"https:\/\/www.facebook.com\/aeeolica","article_published_time":"2022-07-28T10:50:09+00:00","article_modified_time":"2022-07-28T10:50:12+00:00","og_image":[{"url":"https:\/\/aeeolica.org\/wp-content\/uploads\/2022\/07\/foto-linkedin-1.png","type":"","width":"","height":""}],"author":"Morante D\u00edaz, Mar\u00eda del Mar","twitter_card":"summary_large_image","twitter_creator":"@aeeolica","twitter_site":"@aeeolica","twitter_misc":{"Written by":"Morante D\u00edaz, Mar\u00eda del Mar","Est. reading time":"7 minutes"},"schema":{"@context":"https:\/\/schema.org","@graph":[{"@type":"Article","@id":"https:\/\/aeeolica.org\/ministerio-de-industria-comunidades-autonomas-y-pymar-celebran-la-oportunidad-historica-de-transformar-el-sector-a-traves-del-perte-naval\/#article","isPartOf":{"@id":"https:\/\/aeeolica.org\/ministerio-de-industria-comunidades-autonomas-y-pymar-celebran-la-oportunidad-historica-de-transformar-el-sector-a-traves-del-perte-naval\/"},"author":{"name":"Morante D\u00edaz, Mar\u00eda del Mar","@id":"https:\/\/aeeolica.org\/#\/schema\/person\/064b26f21f7ed52e0b3854e6b52f9772"},"headline":"Ministerio de Industria, Comunidades Aut\u00f3nomas y Pymar celebran la oportunidad hist\u00f3rica de transformar el sector a trav\u00e9s del PERTE Naval","datePublished":"2022-07-28T10:50:09+00:00","dateModified":"2022-07-28T10:50:12+00:00","mainEntityOfPage":{"@id":"https:\/\/aeeolica.org\/ministerio-de-industria-comunidades-autonomas-y-pymar-celebran-la-oportunidad-historica-de-transformar-el-sector-a-traves-del-perte-naval\/"},"wordCount":1613,"commentCount":1,"publisher":{"@id":"https:\/\/aeeolica.org\/#organization"},"image":{"@id":"https:\/\/aeeolica.org\/ministerio-de-industria-comunidades-autonomas-y-pymar-celebran-la-oportunidad-historica-de-transformar-el-sector-a-traves-del-perte-naval\/#primaryimage"},"thumbnailUrl":"https:\/\/aeeolica.org\/wp-content\/uploads\/2022\/07\/foto-linkedin-1.png","articleSection":["Newsletter Julio 2022"],"inLanguage":"en-US","potentialAction":[{"@type":"CommentAction","name":"Comment","target":["https:\/\/aeeolica.org\/ministerio-de-industria-comunidades-autonomas-y-pymar-celebran-la-oportunidad-historica-de-transformar-el-sector-a-traves-del-perte-naval\/#respond"]}]},{"@type":"WebPage","@id":"https:\/\/aeeolica.org\/ministerio-de-industria-comunidades-autonomas-y-pymar-celebran-la-oportunidad-historica-de-transformar-el-sector-a-traves-del-perte-naval\/","url":"https:\/\/aeeolica.org\/ministerio-de-industria-comunidades-autonomas-y-pymar-celebran-la-oportunidad-historica-de-transformar-el-sector-a-traves-del-perte-naval\/","name":"Ministerio de Industria, Comunidades Aut\u00f3nomas y Pymar celebran la oportunidad hist\u00f3rica de transformar el sector a trav\u00e9s del PERTE Naval - Asociaci\u00f3n Empresarial E\u00f3lica","isPartOf":{"@id":"https:\/\/aeeolica.org\/#website"},"primaryImageOfPage":{"@id":"https:\/\/aeeolica.org\/ministerio-de-industria-comunidades-autonomas-y-pymar-celebran-la-oportunidad-historica-de-transformar-el-sector-a-traves-del-perte-naval\/#primaryimage"},"image":{"@id":"https:\/\/aeeolica.org\/ministerio-de-industria-comunidades-autonomas-y-pymar-celebran-la-oportunidad-historica-de-transformar-el-sector-a-traves-del-perte-naval\/#primaryimage"},"thumbnailUrl":"https:\/\/aeeolica.org\/wp-content\/uploads\/2022\/07\/foto-linkedin-1.png","datePublished":"2022-07-28T10:50:09+00:00","dateModified":"2022-07-28T10:50:12+00:00","breadcrumb":{"@id":"https:\/\/aeeolica.org\/ministerio-de-industria-comunidades-autonomas-y-pymar-celebran-la-oportunidad-historica-de-transformar-el-sector-a-traves-del-perte-naval\/#breadcrumb"},"inLanguage":"en-US","potentialAction":[{"@type":"ReadAction","target":["https:\/\/aeeolica.org\/ministerio-de-industria-comunidades-autonomas-y-pymar-celebran-la-oportunidad-historica-de-transformar-el-sector-a-traves-del-perte-naval\/"]}]},{"@type":"ImageObject","inLanguage":"en-US","@id":"https:\/\/aeeolica.org\/ministerio-de-industria-comunidades-autonomas-y-pymar-celebran-la-oportunidad-historica-de-transformar-el-sector-a-traves-del-perte-naval\/#primaryimage","url":"https:\/\/aeeolica.org\/wp-content\/uploads\/2022\/07\/foto-linkedin-1.png","contentUrl":"https:\/\/aeeolica.org\/wp-content\/uploads\/2022\/07\/foto-linkedin-1.png"},{"@type":"BreadcrumbList","@id":"https:\/\/aeeolica.org\/ministerio-de-industria-comunidades-autonomas-y-pymar-celebran-la-oportunidad-historica-de-transformar-el-sector-a-traves-del-perte-naval\/#breadcrumb","itemListElement":[{"@type":"ListItem","position":1,"name":"Portada","item":"https:\/\/aeeolica.org\/en\/inicio\/"},{"@type":"ListItem","position":2,"name":"Ministerio de Industria, Comunidades Aut\u00f3nomas y Pymar celebran la oportunidad hist\u00f3rica de transformar el sector a trav\u00e9s del PERTE Naval"}]},{"@type":"WebSite","@id":"https:\/\/aeeolica.org\/#website","url":"https:\/\/aeeolica.org\/","name":"Asociaci\u00f3n Empresarial E\u00f3lica","description":"AEE Asociaci\u00f3n Empresarial E\u00f3lica","publisher":{"@id":"https:\/\/aeeolica.org\/#organization"},"potentialAction":[{"@type":"SearchAction","target":{"@type":"EntryPoint","urlTemplate":"https:\/\/aeeolica.org\/?s={search_term_string}"},"query-input":{"@type":"PropertyValueSpecification","valueRequired":true,"valueName":"search_term_string"}}],"inLanguage":"en-US"},{"@type":"Organization","@id":"https:\/\/aeeolica.org\/#organization","name":"Asociaci\u00f3n Empresarial E\u00f3lica","url":"https:\/\/aeeolica.org\/","logo":{"@type":"ImageObject","inLanguage":"en-US","@id":"https:\/\/aeeolica.org\/#\/schema\/logo\/image\/","url":"https:\/\/aeeolica.org\/wp-content\/uploads\/2021\/08\/logo-aee.png","contentUrl":"https:\/\/aeeolica.org\/wp-content\/uploads\/2021\/08\/logo-aee.png","width":180,"height":78,"caption":"Asociaci\u00f3n Empresarial E\u00f3lica"},"image":{"@id":"https:\/\/aeeolica.org\/#\/schema\/logo\/image\/"},"sameAs":["https:\/\/www.facebook.com\/aeeolica","https:\/\/x.com\/aeeolica","https:\/\/www.instagram.com\/aeeolica\/","https:\/\/www.linkedin.com\/in\/aee-asociaci\u00f3n-empresarial-e\u00f3lica-6830946b\/","https:\/\/www.youtube.com\/user\/AEEolica"]},{"@type":"Person","@id":"https:\/\/aeeolica.org\/#\/schema\/person\/064b26f21f7ed52e0b3854e6b52f9772","name":"Morante D\u00edaz, Mar\u00eda del Mar","image":{"@type":"ImageObject","inLanguage":"en-US","@id":"https:\/\/secure.gravatar.com\/avatar\/8bfd23e1c4bf5aa0b9314f1c5c9d644e62672831e6a512513954c3f15dffdd5a?s=96&d=mm&r=g","url":"https:\/\/secure.gravatar.com\/avatar\/8bfd23e1c4bf5aa0b9314f1c5c9d644e62672831e6a512513954c3f15dffdd5a?s=96&d=mm&r=g","contentUrl":"https:\/\/secure.gravatar.com\/avatar\/8bfd23e1c4bf5aa0b9314f1c5c9d644e62672831e6a512513954c3f15dffdd5a?s=96&d=mm&r=g","caption":"Morante D\u00edaz, Mar\u00eda del Mar"},"url":"https:\/\/aeeolica.org\/en\/author\/mar\/"}]}},"_links":{"self":[{"href":"https:\/\/aeeolica.org\/en\/wp-json\/wp\/v2\/posts\/46806","targetHints":{"allow":["GET"]}}],"collection":[{"href":"https:\/\/aeeolica.org\/en\/wp-json\/wp\/v2\/posts"}],"about":[{"href":"https:\/\/aeeolica.org\/en\/wp-json\/wp\/v2\/types\/post"}],"author":[{"embeddable":true,"href":"https:\/\/aeeolica.org\/en\/wp-json\/wp\/v2\/users\/2"}],"replies":[{"embeddable":true,"href":"https:\/\/aeeolica.org\/en\/wp-json\/wp\/v2\/comments?post=46806"}],"version-history":[{"count":0,"href":"https:\/\/aeeolica.org\/en\/wp-json\/wp\/v2\/posts\/46806\/revisions"}],"wp:attachment":[{"href":"https:\/\/aeeolica.org\/en\/wp-json\/wp\/v2\/media?parent=46806"}],"wp:term":[{"taxonomy":"category","embeddable":true,"href":"https:\/\/aeeolica.org\/en\/wp-json\/wp\/v2\/categories?post=46806"},{"taxonomy":"post_tag","embeddable":true,"href":"https:\/\/aeeolica.org\/en\/wp-json\/wp\/v2\/tags?post=46806"}],"curies":[{"name":"wp","href":"https:\/\/api.w.org\/{rel}","templated":true}]}}