{"id":46813,"date":"2022-07-28T12:57:09","date_gmt":"2022-07-28T10:57:09","guid":{"rendered":"https:\/\/aeeolica.org\/?p=46813"},"modified":"2022-07-28T12:57:12","modified_gmt":"2022-07-28T10:57:12","slug":"enercluster-analiza-las-formulas-de-financiacion-de-empresas-y-proyectos-de-energias-renovables","status":"publish","type":"post","link":"https:\/\/aeeolica.org\/en\/enercluster-analiza-las-formulas-de-financiacion-de-empresas-y-proyectos-de-energias-renovables\/","title":{"rendered":"Enercluster analiza las f\u00f3rmulas de financiaci\u00f3n de empresas y proyectos de energ\u00edas renovables"},"content":{"rendered":"\n<p>Enercluster, el cl\u00faster de energ\u00edas renovables de Navarra, celebr\u00f3 recientemente su IV sesi\u00f3n plenaria en la sede de\u00a0<a href=\"https:\/\/www.acciona-energia.com\/es\/?_adin=02021864894\">Acciona Energ\u00eda<\/a>\u00a0(empresa asociada) y centr\u00f3 su contenido en las diferentes f\u00f3rmulas de financiaci\u00f3n a las que pueden acceder las empresas y proyectos de energ\u00edas renovables.<\/p>\n\n\n\n<p>La sesi\u00f3n cont\u00f3 con la participaci\u00f3n de cinco destacados profesionales del sector financiero y de inversiones que, uno por uno, fueron contando los servicios que ofrecen. Abri\u00f3 el turno de intervenciones Pello Bayona, director de Empresas de&nbsp;<a href=\"https:\/\/www.laboralkutxa.com\/es\/particulares\">Laboral Kutxa<\/a>, quien expuso las diferentes f\u00f3rmulas de financiaci\u00f3n que ofrece la entidad a las empresas.<\/p>\n\n\n\n<p>A continuaci\u00f3n fue Pablo Baroja, socio de&nbsp;<a href=\"https:\/\/www.stellumcapital.com\/\">Stellum Capital<\/a>, una gestora independiente de capital privado, quien detall\u00f3 los servicios financieros que ofrece su gestora a las compa\u00f1\u00edas de energ\u00edas renovables, un sector de gran importancia para ellos.<\/p>\n\n\n\n<p>Miguel Canalejo, presidente del Consejo Asesor de&nbsp;<a href=\"https:\/\/www.nazca.es\/\">Nazca Capital<\/a>, gestora de fondos de inversi\u00f3n que invierte a largo plazo en el segmento de peque\u00f1as y medianas empresas espa\u00f1olas, intervino posteriormente para contar la actividad de financiaci\u00f3n de su gestora.<\/p>\n\n\n\n<p>El cuarto ponente fue Javier Sanz, responsable de la estrategia de inversi\u00f3n de&nbsp;<a href=\"https:\/\/www.innoenergy.com\/\">EIT Innoenergy<\/a>, una compa\u00f1\u00eda centrada en la aceleraci\u00f3n de empresas que invierte alrededor de 100 millones de euros anuales. Javier afirm\u00f3 que el principal objetivo de su compa\u00f1\u00eda es movilizar cadenas industriales y que ahora mismo est\u00e1n desarrollando acciones en empresas de energ\u00edas renovables.<\/p>\n\n\n\n<p>Cerr\u00f3 el turno de intervenciones Mar\u00eda Eugenia Lecumberri, directora de Inversiones de&nbsp;<a href=\"https:\/\/www.sodena.com\/index.php\/es\/\">Sodena,<\/a>&nbsp;quien detall\u00f3 las estrategias de inversi\u00f3n que la entidad p\u00fablica desarrolla en Navarra. En concreto, afirm\u00f3 que todas las inversiones que realizan en Sodena tienen que cumplir dos requisitos: la rentabilidad financiera, por un lado, y la rentabilidad responsable, por otro. Cuando se cumplen ambas, el resultado es la creaci\u00f3n de valor sostenible para las empresas.<\/p>\n\n\n\n<p><strong>Conclusiones de la mesa redonda<\/strong><\/p>\n\n\n\n<p>Despu\u00e9s de las intervenciones individuales tuvo lugar una mesa redonda con los cinco ponentes. En ella se detallaron los retos y las oportunidades a los que se enfrentan las empresas del sector de energ\u00edas renovables. Javier Sanz afirm\u00f3: \u201cDebido a la situaci\u00f3n actual, a corto plazo creo que las empresas del sector pueden pasar un mal momento debido a la inflaci\u00f3n, a la crisis de suministros y a otros factores, pero estoy convencido de que a largo plazo las energ\u00edas renovables tienen un futuro muy positivo\u201d. De la misma opini\u00f3n fue Pello Bayona, quien sostuvo que \u201ca corto plazo se abre un periodo de mayor incertidumbre con la m\u00e1s que probable subida de tipos que veremos durante este a\u00f1o y el siguiente\u201d. Pablo Baroja afirm\u00f3 que \u201cel sector renovable debe conseguir redistribuir mejor los beneficios a lo largo de la cadena de suministro para evitar la situaci\u00f3n actual donde empresas tractoras est\u00e1n sufriendo\u201d.<\/p>\n\n\n\n<p>Por su parte, Mar\u00eda Eugenia Lecumberri hizo hincapi\u00e9 en la posici\u00f3n de Navarra y en el futuro de la Comunidad: \u201cHay financiaci\u00f3n disponible y el reto es dinamizar nuevas tecnolog\u00edas como el hidr\u00f3geno verde, la econom\u00eda circular o el almacenamiento para que Navarra siga siendo un referente\u201d. Miguel Canalejo coincidi\u00f3 en el diagn\u00f3stico y destac\u00f3 que \u201cel principal reto del sector renovable en Navarra es la competitividad y el tama\u00f1o. Sin facilidades para adquirir tama\u00f1o, ser\u00e1 dif\u00edcil competir en determinados sectores\u201d, finaliz\u00f3.<\/p>\n\n\n\n<p><a href=\"https:\/\/youtu.be\/-_RUympcrKA\" target=\"_blank\" rel=\"noreferrer noopener\">Consulta la grabaci\u00f3n \u00edntegra de la sesi\u00f3n.<\/a><\/p>\n\n\n\n<figure class=\"wp-block-image size-large\"><img decoding=\"async\" width=\"1024\" height=\"768\" src=\"https:\/\/aeeolica.org\/wp-content\/uploads\/2022\/07\/IV-Plenaria-Enercluster-scaled-1-1024x768.jpg\" alt=\"\" class=\"wp-image-46811\" srcset=\"https:\/\/aeeolica.org\/wp-content\/uploads\/2022\/07\/IV-Plenaria-Enercluster-scaled-1-980x735.jpg 980w, https:\/\/aeeolica.org\/wp-content\/uploads\/2022\/07\/IV-Plenaria-Enercluster-scaled-1-480x360.jpg 480w\" sizes=\"(min-width: 0px) and (max-width: 480px) 480px, (min-width: 481px) and (max-width: 980px) 980px, (min-width: 981px) 1024px, 100vw\" \/><\/figure>\n","protected":false},"excerpt":{"rendered":"<p>Enercluster, el cl\u00faster de energ\u00edas renovables de Navarra, celebr\u00f3 recientemente su IV sesi\u00f3n plenaria en la sede de\u00a0Acciona Energ\u00eda\u00a0(empresa asociada) y centr\u00f3 su contenido en las diferentes f\u00f3rmulas de financiaci\u00f3n [&hellip;]<\/p>\n","protected":false},"author":2,"featured_media":0,"comment_status":"open","ping_status":"open","sticky":false,"template":"","format":"standard","meta":{"_acf_changed":false,"_bbp_topic_count":0,"_bbp_reply_count":0,"_bbp_total_topic_count":0,"_bbp_total_reply_count":0,"_bbp_voice_count":0,"_bbp_anonymous_reply_count":0,"_bbp_topic_count_hidden":0,"_bbp_reply_count_hidden":0,"_bbp_forum_subforum_count":0,"_et_pb_use_builder":"","_et_pb_old_content":"","_et_gb_content_width":"","footnotes":""},"categories":[438],"tags":[],"class_list":["post-46813","post","type-post","status-publish","format-standard","hentry","category-newsletter-julio-2022"],"acf":[],"yoast_head":"<!-- This site is optimized with the Yoast SEO plugin v27.4 - https:\/\/yoast.com\/product\/yoast-seo-wordpress\/ -->\n<title>Enercluster analiza las f\u00f3rmulas de financiaci\u00f3n de empresas y proyectos de energ\u00edas renovables - Asociaci\u00f3n Empresarial E\u00f3lica<\/title>\n<meta name=\"robots\" content=\"index, follow, max-snippet:-1, max-image-preview:large, max-video-preview:-1\" \/>\n<link rel=\"canonical\" href=\"https:\/\/aeeolica.org\/enercluster-analiza-las-formulas-de-financiacion-de-empresas-y-proyectos-de-energias-renovables\/\" \/>\n<meta property=\"og:locale\" content=\"en_US\" \/>\n<meta property=\"og:type\" content=\"article\" \/>\n<meta property=\"og:title\" content=\"Enercluster analiza las f\u00f3rmulas de financiaci\u00f3n de empresas y proyectos de energ\u00edas renovables - Asociaci\u00f3n Empresarial E\u00f3lica\" \/>\n<meta property=\"og:description\" content=\"Enercluster, el cl\u00faster de energ\u00edas renovables de Navarra, celebr\u00f3 recientemente su IV sesi\u00f3n plenaria en la sede de\u00a0Acciona Energ\u00eda\u00a0(empresa asociada) y centr\u00f3 su contenido en las diferentes f\u00f3rmulas de financiaci\u00f3n [&hellip;]\" \/>\n<meta property=\"og:url\" content=\"https:\/\/aeeolica.org\/enercluster-analiza-las-formulas-de-financiacion-de-empresas-y-proyectos-de-energias-renovables\/\" \/>\n<meta property=\"og:site_name\" content=\"Asociaci\u00f3n Empresarial E\u00f3lica\" \/>\n<meta property=\"article:publisher\" content=\"https:\/\/www.facebook.com\/aeeolica\" \/>\n<meta property=\"article:published_time\" content=\"2022-07-28T10:57:09+00:00\" \/>\n<meta property=\"article:modified_time\" content=\"2022-07-28T10:57:12+00:00\" \/>\n<meta property=\"og:image\" content=\"https:\/\/aeeolica.org\/wp-content\/uploads\/2022\/07\/IV-Plenaria-Enercluster-scaled-1-1024x768.jpg\" \/>\n<meta name=\"author\" content=\"Morante D\u00edaz, Mar\u00eda del Mar\" \/>\n<meta name=\"twitter:card\" content=\"summary_large_image\" \/>\n<meta name=\"twitter:creator\" content=\"@aeeolica\" \/>\n<meta name=\"twitter:site\" content=\"@aeeolica\" \/>\n<meta name=\"twitter:label1\" content=\"Written by\" \/>\n\t<meta name=\"twitter:data1\" content=\"Morante D\u00edaz, Mar\u00eda del Mar\" \/>\n\t<meta name=\"twitter:label2\" content=\"Est. reading time\" \/>\n\t<meta name=\"twitter:data2\" content=\"3 minutes\" \/>\n<script type=\"application\/ld+json\" class=\"yoast-schema-graph\">{\"@context\":\"https:\\\/\\\/schema.org\",\"@graph\":[{\"@type\":\"Article\",\"@id\":\"https:\\\/\\\/aeeolica.org\\\/enercluster-analiza-las-formulas-de-financiacion-de-empresas-y-proyectos-de-energias-renovables\\\/#article\",\"isPartOf\":{\"@id\":\"https:\\\/\\\/aeeolica.org\\\/enercluster-analiza-las-formulas-de-financiacion-de-empresas-y-proyectos-de-energias-renovables\\\/\"},\"author\":{\"name\":\"Morante D\u00edaz, Mar\u00eda del Mar\",\"@id\":\"https:\\\/\\\/aeeolica.org\\\/#\\\/schema\\\/person\\\/064b26f21f7ed52e0b3854e6b52f9772\"},\"headline\":\"Enercluster analiza las f\u00f3rmulas de financiaci\u00f3n de empresas y proyectos de energ\u00edas renovables\",\"datePublished\":\"2022-07-28T10:57:09+00:00\",\"dateModified\":\"2022-07-28T10:57:12+00:00\",\"mainEntityOfPage\":{\"@id\":\"https:\\\/\\\/aeeolica.org\\\/enercluster-analiza-las-formulas-de-financiacion-de-empresas-y-proyectos-de-energias-renovables\\\/\"},\"wordCount\":617,\"commentCount\":7,\"publisher\":{\"@id\":\"https:\\\/\\\/aeeolica.org\\\/#organization\"},\"image\":{\"@id\":\"https:\\\/\\\/aeeolica.org\\\/enercluster-analiza-las-formulas-de-financiacion-de-empresas-y-proyectos-de-energias-renovables\\\/#primaryimage\"},\"thumbnailUrl\":\"https:\\\/\\\/aeeolica.org\\\/wp-content\\\/uploads\\\/2022\\\/07\\\/IV-Plenaria-Enercluster-scaled-1-1024x768.jpg\",\"articleSection\":[\"Newsletter Julio 2022\"],\"inLanguage\":\"en-US\",\"potentialAction\":[{\"@type\":\"CommentAction\",\"name\":\"Comment\",\"target\":[\"https:\\\/\\\/aeeolica.org\\\/enercluster-analiza-las-formulas-de-financiacion-de-empresas-y-proyectos-de-energias-renovables\\\/#respond\"]}]},{\"@type\":\"WebPage\",\"@id\":\"https:\\\/\\\/aeeolica.org\\\/enercluster-analiza-las-formulas-de-financiacion-de-empresas-y-proyectos-de-energias-renovables\\\/\",\"url\":\"https:\\\/\\\/aeeolica.org\\\/enercluster-analiza-las-formulas-de-financiacion-de-empresas-y-proyectos-de-energias-renovables\\\/\",\"name\":\"Enercluster analiza las f\u00f3rmulas de financiaci\u00f3n de empresas y proyectos de energ\u00edas renovables - Asociaci\u00f3n Empresarial E\u00f3lica\",\"isPartOf\":{\"@id\":\"https:\\\/\\\/aeeolica.org\\\/#website\"},\"primaryImageOfPage\":{\"@id\":\"https:\\\/\\\/aeeolica.org\\\/enercluster-analiza-las-formulas-de-financiacion-de-empresas-y-proyectos-de-energias-renovables\\\/#primaryimage\"},\"image\":{\"@id\":\"https:\\\/\\\/aeeolica.org\\\/enercluster-analiza-las-formulas-de-financiacion-de-empresas-y-proyectos-de-energias-renovables\\\/#primaryimage\"},\"thumbnailUrl\":\"https:\\\/\\\/aeeolica.org\\\/wp-content\\\/uploads\\\/2022\\\/07\\\/IV-Plenaria-Enercluster-scaled-1-1024x768.jpg\",\"datePublished\":\"2022-07-28T10:57:09+00:00\",\"dateModified\":\"2022-07-28T10:57:12+00:00\",\"breadcrumb\":{\"@id\":\"https:\\\/\\\/aeeolica.org\\\/enercluster-analiza-las-formulas-de-financiacion-de-empresas-y-proyectos-de-energias-renovables\\\/#breadcrumb\"},\"inLanguage\":\"en-US\",\"potentialAction\":[{\"@type\":\"ReadAction\",\"target\":[\"https:\\\/\\\/aeeolica.org\\\/enercluster-analiza-las-formulas-de-financiacion-de-empresas-y-proyectos-de-energias-renovables\\\/\"]}]},{\"@type\":\"ImageObject\",\"inLanguage\":\"en-US\",\"@id\":\"https:\\\/\\\/aeeolica.org\\\/enercluster-analiza-las-formulas-de-financiacion-de-empresas-y-proyectos-de-energias-renovables\\\/#primaryimage\",\"url\":\"https:\\\/\\\/aeeolica.org\\\/wp-content\\\/uploads\\\/2022\\\/07\\\/IV-Plenaria-Enercluster-scaled-1-1024x768.jpg\",\"contentUrl\":\"https:\\\/\\\/aeeolica.org\\\/wp-content\\\/uploads\\\/2022\\\/07\\\/IV-Plenaria-Enercluster-scaled-1-1024x768.jpg\"},{\"@type\":\"BreadcrumbList\",\"@id\":\"https:\\\/\\\/aeeolica.org\\\/enercluster-analiza-las-formulas-de-financiacion-de-empresas-y-proyectos-de-energias-renovables\\\/#breadcrumb\",\"itemListElement\":[{\"@type\":\"ListItem\",\"position\":1,\"name\":\"Portada\",\"item\":\"https:\\\/\\\/aeeolica.org\\\/en\\\/inicio\\\/\"},{\"@type\":\"ListItem\",\"position\":2,\"name\":\"Enercluster analiza las f\u00f3rmulas de financiaci\u00f3n de empresas y proyectos de energ\u00edas renovables\"}]},{\"@type\":\"WebSite\",\"@id\":\"https:\\\/\\\/aeeolica.org\\\/#website\",\"url\":\"https:\\\/\\\/aeeolica.org\\\/\",\"name\":\"Asociaci\u00f3n Empresarial E\u00f3lica\",\"description\":\"AEE Asociaci\u00f3n Empresarial E\u00f3lica\",\"publisher\":{\"@id\":\"https:\\\/\\\/aeeolica.org\\\/#organization\"},\"potentialAction\":[{\"@type\":\"SearchAction\",\"target\":{\"@type\":\"EntryPoint\",\"urlTemplate\":\"https:\\\/\\\/aeeolica.org\\\/?s={search_term_string}\"},\"query-input\":{\"@type\":\"PropertyValueSpecification\",\"valueRequired\":true,\"valueName\":\"search_term_string\"}}],\"inLanguage\":\"en-US\"},{\"@type\":\"Organization\",\"@id\":\"https:\\\/\\\/aeeolica.org\\\/#organization\",\"name\":\"Asociaci\u00f3n Empresarial E\u00f3lica\",\"url\":\"https:\\\/\\\/aeeolica.org\\\/\",\"logo\":{\"@type\":\"ImageObject\",\"inLanguage\":\"en-US\",\"@id\":\"https:\\\/\\\/aeeolica.org\\\/#\\\/schema\\\/logo\\\/image\\\/\",\"url\":\"https:\\\/\\\/aeeolica.org\\\/wp-content\\\/uploads\\\/2021\\\/08\\\/logo-aee.png\",\"contentUrl\":\"https:\\\/\\\/aeeolica.org\\\/wp-content\\\/uploads\\\/2021\\\/08\\\/logo-aee.png\",\"width\":180,\"height\":78,\"caption\":\"Asociaci\u00f3n Empresarial E\u00f3lica\"},\"image\":{\"@id\":\"https:\\\/\\\/aeeolica.org\\\/#\\\/schema\\\/logo\\\/image\\\/\"},\"sameAs\":[\"https:\\\/\\\/www.facebook.com\\\/aeeolica\",\"https:\\\/\\\/x.com\\\/aeeolica\",\"https:\\\/\\\/www.instagram.com\\\/aeeolica\\\/\",\"https:\\\/\\\/www.linkedin.com\\\/in\\\/aee-asociaci\u00f3n-empresarial-e\u00f3lica-6830946b\\\/\",\"https:\\\/\\\/www.youtube.com\\\/user\\\/AEEolica\"]},{\"@type\":\"Person\",\"@id\":\"https:\\\/\\\/aeeolica.org\\\/#\\\/schema\\\/person\\\/064b26f21f7ed52e0b3854e6b52f9772\",\"name\":\"Morante D\u00edaz, Mar\u00eda del Mar\",\"image\":{\"@type\":\"ImageObject\",\"inLanguage\":\"en-US\",\"@id\":\"https:\\\/\\\/secure.gravatar.com\\\/avatar\\\/8bfd23e1c4bf5aa0b9314f1c5c9d644e62672831e6a512513954c3f15dffdd5a?s=96&d=mm&r=g\",\"url\":\"https:\\\/\\\/secure.gravatar.com\\\/avatar\\\/8bfd23e1c4bf5aa0b9314f1c5c9d644e62672831e6a512513954c3f15dffdd5a?s=96&d=mm&r=g\",\"contentUrl\":\"https:\\\/\\\/secure.gravatar.com\\\/avatar\\\/8bfd23e1c4bf5aa0b9314f1c5c9d644e62672831e6a512513954c3f15dffdd5a?s=96&d=mm&r=g\",\"caption\":\"Morante D\u00edaz, Mar\u00eda del Mar\"},\"url\":\"https:\\\/\\\/aeeolica.org\\\/en\\\/author\\\/mar\\\/\"}]}<\/script>\n<!-- \/ Yoast SEO plugin. -->","yoast_head_json":{"title":"Enercluster analiza las f\u00f3rmulas de financiaci\u00f3n de empresas y proyectos de energ\u00edas renovables - Asociaci\u00f3n Empresarial E\u00f3lica","robots":{"index":"index","follow":"follow","max-snippet":"max-snippet:-1","max-image-preview":"max-image-preview:large","max-video-preview":"max-video-preview:-1"},"canonical":"https:\/\/aeeolica.org\/enercluster-analiza-las-formulas-de-financiacion-de-empresas-y-proyectos-de-energias-renovables\/","og_locale":"en_US","og_type":"article","og_title":"Enercluster analiza las f\u00f3rmulas de financiaci\u00f3n de empresas y proyectos de energ\u00edas renovables - Asociaci\u00f3n Empresarial E\u00f3lica","og_description":"Enercluster, el cl\u00faster de energ\u00edas renovables de Navarra, celebr\u00f3 recientemente su IV sesi\u00f3n plenaria en la sede de\u00a0Acciona Energ\u00eda\u00a0(empresa asociada) y centr\u00f3 su contenido en las diferentes f\u00f3rmulas de financiaci\u00f3n [&hellip;]","og_url":"https:\/\/aeeolica.org\/enercluster-analiza-las-formulas-de-financiacion-de-empresas-y-proyectos-de-energias-renovables\/","og_site_name":"Asociaci\u00f3n Empresarial E\u00f3lica","article_publisher":"https:\/\/www.facebook.com\/aeeolica","article_published_time":"2022-07-28T10:57:09+00:00","article_modified_time":"2022-07-28T10:57:12+00:00","og_image":[{"url":"https:\/\/aeeolica.org\/wp-content\/uploads\/2022\/07\/IV-Plenaria-Enercluster-scaled-1-1024x768.jpg","type":"","width":"","height":""}],"author":"Morante D\u00edaz, Mar\u00eda del Mar","twitter_card":"summary_large_image","twitter_creator":"@aeeolica","twitter_site":"@aeeolica","twitter_misc":{"Written by":"Morante D\u00edaz, Mar\u00eda del Mar","Est. reading time":"3 minutes"},"schema":{"@context":"https:\/\/schema.org","@graph":[{"@type":"Article","@id":"https:\/\/aeeolica.org\/enercluster-analiza-las-formulas-de-financiacion-de-empresas-y-proyectos-de-energias-renovables\/#article","isPartOf":{"@id":"https:\/\/aeeolica.org\/enercluster-analiza-las-formulas-de-financiacion-de-empresas-y-proyectos-de-energias-renovables\/"},"author":{"name":"Morante D\u00edaz, Mar\u00eda del Mar","@id":"https:\/\/aeeolica.org\/#\/schema\/person\/064b26f21f7ed52e0b3854e6b52f9772"},"headline":"Enercluster analiza las f\u00f3rmulas de financiaci\u00f3n de empresas y proyectos de energ\u00edas renovables","datePublished":"2022-07-28T10:57:09+00:00","dateModified":"2022-07-28T10:57:12+00:00","mainEntityOfPage":{"@id":"https:\/\/aeeolica.org\/enercluster-analiza-las-formulas-de-financiacion-de-empresas-y-proyectos-de-energias-renovables\/"},"wordCount":617,"commentCount":7,"publisher":{"@id":"https:\/\/aeeolica.org\/#organization"},"image":{"@id":"https:\/\/aeeolica.org\/enercluster-analiza-las-formulas-de-financiacion-de-empresas-y-proyectos-de-energias-renovables\/#primaryimage"},"thumbnailUrl":"https:\/\/aeeolica.org\/wp-content\/uploads\/2022\/07\/IV-Plenaria-Enercluster-scaled-1-1024x768.jpg","articleSection":["Newsletter Julio 2022"],"inLanguage":"en-US","potentialAction":[{"@type":"CommentAction","name":"Comment","target":["https:\/\/aeeolica.org\/enercluster-analiza-las-formulas-de-financiacion-de-empresas-y-proyectos-de-energias-renovables\/#respond"]}]},{"@type":"WebPage","@id":"https:\/\/aeeolica.org\/enercluster-analiza-las-formulas-de-financiacion-de-empresas-y-proyectos-de-energias-renovables\/","url":"https:\/\/aeeolica.org\/enercluster-analiza-las-formulas-de-financiacion-de-empresas-y-proyectos-de-energias-renovables\/","name":"Enercluster analiza las f\u00f3rmulas de financiaci\u00f3n de empresas y proyectos de energ\u00edas renovables - Asociaci\u00f3n Empresarial E\u00f3lica","isPartOf":{"@id":"https:\/\/aeeolica.org\/#website"},"primaryImageOfPage":{"@id":"https:\/\/aeeolica.org\/enercluster-analiza-las-formulas-de-financiacion-de-empresas-y-proyectos-de-energias-renovables\/#primaryimage"},"image":{"@id":"https:\/\/aeeolica.org\/enercluster-analiza-las-formulas-de-financiacion-de-empresas-y-proyectos-de-energias-renovables\/#primaryimage"},"thumbnailUrl":"https:\/\/aeeolica.org\/wp-content\/uploads\/2022\/07\/IV-Plenaria-Enercluster-scaled-1-1024x768.jpg","datePublished":"2022-07-28T10:57:09+00:00","dateModified":"2022-07-28T10:57:12+00:00","breadcrumb":{"@id":"https:\/\/aeeolica.org\/enercluster-analiza-las-formulas-de-financiacion-de-empresas-y-proyectos-de-energias-renovables\/#breadcrumb"},"inLanguage":"en-US","potentialAction":[{"@type":"ReadAction","target":["https:\/\/aeeolica.org\/enercluster-analiza-las-formulas-de-financiacion-de-empresas-y-proyectos-de-energias-renovables\/"]}]},{"@type":"ImageObject","inLanguage":"en-US","@id":"https:\/\/aeeolica.org\/enercluster-analiza-las-formulas-de-financiacion-de-empresas-y-proyectos-de-energias-renovables\/#primaryimage","url":"https:\/\/aeeolica.org\/wp-content\/uploads\/2022\/07\/IV-Plenaria-Enercluster-scaled-1-1024x768.jpg","contentUrl":"https:\/\/aeeolica.org\/wp-content\/uploads\/2022\/07\/IV-Plenaria-Enercluster-scaled-1-1024x768.jpg"},{"@type":"BreadcrumbList","@id":"https:\/\/aeeolica.org\/enercluster-analiza-las-formulas-de-financiacion-de-empresas-y-proyectos-de-energias-renovables\/#breadcrumb","itemListElement":[{"@type":"ListItem","position":1,"name":"Portada","item":"https:\/\/aeeolica.org\/en\/inicio\/"},{"@type":"ListItem","position":2,"name":"Enercluster analiza las f\u00f3rmulas de financiaci\u00f3n de empresas y proyectos de energ\u00edas renovables"}]},{"@type":"WebSite","@id":"https:\/\/aeeolica.org\/#website","url":"https:\/\/aeeolica.org\/","name":"Asociaci\u00f3n Empresarial E\u00f3lica","description":"AEE Asociaci\u00f3n Empresarial E\u00f3lica","publisher":{"@id":"https:\/\/aeeolica.org\/#organization"},"potentialAction":[{"@type":"SearchAction","target":{"@type":"EntryPoint","urlTemplate":"https:\/\/aeeolica.org\/?s={search_term_string}"},"query-input":{"@type":"PropertyValueSpecification","valueRequired":true,"valueName":"search_term_string"}}],"inLanguage":"en-US"},{"@type":"Organization","@id":"https:\/\/aeeolica.org\/#organization","name":"Asociaci\u00f3n Empresarial E\u00f3lica","url":"https:\/\/aeeolica.org\/","logo":{"@type":"ImageObject","inLanguage":"en-US","@id":"https:\/\/aeeolica.org\/#\/schema\/logo\/image\/","url":"https:\/\/aeeolica.org\/wp-content\/uploads\/2021\/08\/logo-aee.png","contentUrl":"https:\/\/aeeolica.org\/wp-content\/uploads\/2021\/08\/logo-aee.png","width":180,"height":78,"caption":"Asociaci\u00f3n Empresarial E\u00f3lica"},"image":{"@id":"https:\/\/aeeolica.org\/#\/schema\/logo\/image\/"},"sameAs":["https:\/\/www.facebook.com\/aeeolica","https:\/\/x.com\/aeeolica","https:\/\/www.instagram.com\/aeeolica\/","https:\/\/www.linkedin.com\/in\/aee-asociaci\u00f3n-empresarial-e\u00f3lica-6830946b\/","https:\/\/www.youtube.com\/user\/AEEolica"]},{"@type":"Person","@id":"https:\/\/aeeolica.org\/#\/schema\/person\/064b26f21f7ed52e0b3854e6b52f9772","name":"Morante D\u00edaz, Mar\u00eda del Mar","image":{"@type":"ImageObject","inLanguage":"en-US","@id":"https:\/\/secure.gravatar.com\/avatar\/8bfd23e1c4bf5aa0b9314f1c5c9d644e62672831e6a512513954c3f15dffdd5a?s=96&d=mm&r=g","url":"https:\/\/secure.gravatar.com\/avatar\/8bfd23e1c4bf5aa0b9314f1c5c9d644e62672831e6a512513954c3f15dffdd5a?s=96&d=mm&r=g","contentUrl":"https:\/\/secure.gravatar.com\/avatar\/8bfd23e1c4bf5aa0b9314f1c5c9d644e62672831e6a512513954c3f15dffdd5a?s=96&d=mm&r=g","caption":"Morante D\u00edaz, Mar\u00eda del Mar"},"url":"https:\/\/aeeolica.org\/en\/author\/mar\/"}]}},"_links":{"self":[{"href":"https:\/\/aeeolica.org\/en\/wp-json\/wp\/v2\/posts\/46813","targetHints":{"allow":["GET"]}}],"collection":[{"href":"https:\/\/aeeolica.org\/en\/wp-json\/wp\/v2\/posts"}],"about":[{"href":"https:\/\/aeeolica.org\/en\/wp-json\/wp\/v2\/types\/post"}],"author":[{"embeddable":true,"href":"https:\/\/aeeolica.org\/en\/wp-json\/wp\/v2\/users\/2"}],"replies":[{"embeddable":true,"href":"https:\/\/aeeolica.org\/en\/wp-json\/wp\/v2\/comments?post=46813"}],"version-history":[{"count":0,"href":"https:\/\/aeeolica.org\/en\/wp-json\/wp\/v2\/posts\/46813\/revisions"}],"wp:attachment":[{"href":"https:\/\/aeeolica.org\/en\/wp-json\/wp\/v2\/media?parent=46813"}],"wp:term":[{"taxonomy":"category","embeddable":true,"href":"https:\/\/aeeolica.org\/en\/wp-json\/wp\/v2\/categories?post=46813"},{"taxonomy":"post_tag","embeddable":true,"href":"https:\/\/aeeolica.org\/en\/wp-json\/wp\/v2\/tags?post=46813"}],"curies":[{"name":"wp","href":"https:\/\/api.w.org\/{rel}","templated":true}]}}