{"id":46819,"date":"2022-07-28T13:07:08","date_gmt":"2022-07-28T11:07:08","guid":{"rendered":"https:\/\/aeeolica.org\/?p=46819"},"modified":"2022-07-28T13:07:11","modified_gmt":"2022-07-28T11:07:11","slug":"gregorio-alvarez-ceo-de-grupo-ibereolica-renovables-recibe-el-premio-ceo-del-ano-en-el-sector-de-las-energias-renovables","status":"publish","type":"post","link":"https:\/\/aeeolica.org\/en\/gregorio-alvarez-ceo-de-grupo-ibereolica-renovables-recibe-el-premio-ceo-del-ano-en-el-sector-de-las-energias-renovables\/","title":{"rendered":"Gregorio \u00c1lvarez, CEO de Grupo Ibere\u00f3lica Renovables, recibe el Premio CEO del A\u00f1o en el Sector de las Energ\u00edas Renovables"},"content":{"rendered":"\n<ul class=\"wp-block-list\"><li><strong>El premio concedido por La Raz\u00f3n reconoce la trayectoria y el trabajo desarrollado en el sector energ\u00e9tico por Gregorio \u00c1lvarez<\/strong><\/li><li><strong>Gregorio \u00c1lvarez lleva 25 a\u00f1os al frente del Grupo Ibere\u00f3lica Renovables, que \u00e9l mismo fund\u00f3 en 1.996.<\/strong><\/li><li><strong>Desde Grupo Ibere\u00f3lica Renovables trabajamos para propiciar un futuro sostenible, y estamos convencidos de que las energ\u00edas renovables son la clave para conseguirlo.<\/strong><\/li><\/ul>\n\n\n\n<p>Francisco Marhuenda, Director del diario La Raz\u00f3n, ha hecho entrega a Gregorio \u00c1lvarez del galard\u00f3n CEO del A\u00f1o en el Sector de las Energ\u00edas Renovables. El premio reconoce el trabajo que \u00c1lvarez viene desarrollando desde 1.996 al frente de Grupo Ibere\u00f3lica Renovables, contribuyendo a la sostenibilidad mediante la puesta en marcha de proyectos de generaci\u00f3n de energ\u00eda el\u00e9ctrica a partir de fuentes renovables; desde Grupo Ibere\u00f3lica Renovables creemos&nbsp;firmemente que las energ\u00edas renovables son parte esencial de la soluci\u00f3n a la crisis de dependencia energ\u00e9tica que ahora padecemos.<\/p>\n\n\n\n<p>En palabras de Gregorio \u00c1lvarez, \u201cmis dos objetivos principales son, por un lado, seguir contribuyendo al desarrollo de las energ\u00edas renovables como la mejor alternativa para las generaciones futuras, completando el desarrollo y puesta en marcha de nuestra actual cartera de proyectos, lo que nos llevar\u00e1 a tener 5 GW en operaci\u00f3n en 2025 y otros 5 GW adicionales en 2028 en los mercados en los que actualmente estamos presentes (Espa\u00f1a, Chile, Per\u00fa y Brasil). Por otro lado, continuar trasladando nuestra filosof\u00eda de trabajo y experiencia a trav\u00e9s de proyectos innovadores a pa\u00edses como USA a partir de 2023\u201d.<\/p>\n\n\n\n<p>Para \u00c1lvarez, la cualidad imprescindible para ser un buen CEO pasa por saber integrar todas las \u00e1reas del negocio y coordinar al equipo humano que participa en dichas \u00e1reas. En esto, Gregorio \u00c1lvarez parte con ventaja, ya que su s\u00f3lida formaci\u00f3n t\u00e9cnica como Ingeniero Industrial le permite participar en todas las fases del desarrollo de sus proyectos, \u201cespecialmente en su fase inicial de dise\u00f1o\u201d, que considera clave para garantizar su viabilidad y su rentabilidad.<\/p>\n\n\n\n<p>Pero m\u00e1s all\u00e1 de estas cualidades, lo que impulsa el trabajo de Gregorio \u00c1lvarez&nbsp;en su d\u00eda a d\u00eda, son los tres motores que gobiernan su gesti\u00f3n desde sus inicios: \u201cEstos tres motores, para m\u00ed, son la pasi\u00f3n por lo que hago; mi absoluto convencimiento de que lo que hacemos en Grupo Ibere\u00f3lica Renovables est\u00e1 contribuyendo a la mejora del mundo en el que vivimos para las futuras generaciones; y mi ilusi\u00f3n por la mejora continua\u201d, ha manifestado.<\/p>\n\n\n\n<p>Y esta pasi\u00f3n, este convencimiento y esta ilusi\u00f3n, adem\u00e1s de su visi\u00f3n de futuro y de la excelencia en su trabajo, es lo que ha llevado a Gregorio \u00c1lvarez a ganar merecidamente el premio de CEO del A\u00f1o en el Sector de las Energ\u00edas Renovables. \u201cTanto para m\u00ed, a t\u00edtulo personal, como para el gran equipo humano que integra el Grupo Ibere\u00f3lica Renovables, este premio representa un muy importante reconocimiento al esfuerzo desplegado durante todos estos a\u00f1os para lograr que nuestro Grupo sea considerado como un referente en el sector de las energ\u00edas renovables a nivel global\u201d, declar\u00f3 al bajar del escenario despu\u00e9s de recoger el galard\u00f3n.<\/p>\n\n\n\n<p>Y, sin tiempo para celebraciones, toca mirar al futuro para, seg\u00fan ha manifestado \u00c1lvarez, \u201cseguir consolidando nuestra cartera de proyectos hasta completar m\u00e1s de 11 GW en operaci\u00f3n en 2030, siempre guiado por los tres principios esenciales que desde nuestros or\u00edgenes han impulsado nuestra gesti\u00f3n:\u00a0 Sostenibilidad, Innovaci\u00f3n, e Impacto social\u201d.<\/p>\n\n\n\n<p><strong><em>Grupo Ibere\u00f3lica Renovables es un Grupo empresarial espa\u00f1ol independiente, l\u00edder en el sector de energ\u00edas renovables, con m\u00e1s de 25 a\u00f1os de experiencia en desarrollo, construcci\u00f3n y explotaci\u00f3n de proyectos de generaci\u00f3n de energ\u00eda el\u00e9ctrica a partir de fuentes renovables. Actualmente, Grupo Ibere\u00f3lica Renovables\u00a0tiene en explotaci\u00f3n 820 MW,\u00a0 de los cuales\u00a0 613 MW\u00a0 en Chile y\u00a0 207 MW en Espa\u00f1a, 165MW e\u00f3licos y 270 MW fotovoltaicos en construcci\u00f3n en Chile, y\u00a0 cuenta con una plataforma global superior a los 11 GW en desarrollo e\u00f3lico, solar fotovolltaico, y en nuevas tecnolog\u00edas de generaci\u00f3n de hidr\u00f3geno\u00a0 renovable en Espa\u00f1a, Chile,Per\u00fa y Brasil. \u00a0El Grupo tiene una s\u00f3lida y dilatada experiencia en cada una de las fases de desarrollo, ingenier\u00eda, construcci\u00f3n y explotaci\u00f3n de proyectos de generaci\u00f3n con tecnolog\u00edas e\u00f3lica, solar e hidr\u00e1ulica. El Grupo Ibere\u00f3lica Renovables ha invertido hasta la fecha m\u00e1s de USD 1.500 MM en el desarrollo y construcci\u00f3n de proyectos de generaci\u00f3n de energ\u00eda renovable.<\/em><\/strong><\/p>\n\n\n\n<figure class=\"wp-block-image size-large\"><img decoding=\"async\" width=\"1024\" height=\"682\" src=\"https:\/\/aeeolica.org\/wp-content\/uploads\/2022\/07\/WhatsApp-Image-2022-07-18-at-5.02.42-PM-1024x682.jpeg\" alt=\"\" class=\"wp-image-46816\" srcset=\"https:\/\/aeeolica.org\/wp-content\/uploads\/2022\/07\/WhatsApp-Image-2022-07-18-at-5.02.42-PM-980x653.jpeg 980w, https:\/\/aeeolica.org\/wp-content\/uploads\/2022\/07\/WhatsApp-Image-2022-07-18-at-5.02.42-PM-480x320.jpeg 480w\" sizes=\"(min-width: 0px) and (max-width: 480px) 480px, (min-width: 481px) and (max-width: 980px) 980px, (min-width: 981px) 1024px, 100vw\" \/><\/figure>\n","protected":false},"excerpt":{"rendered":"<p>El premio concedido por La Raz\u00f3n reconoce la trayectoria y el trabajo desarrollado en el sector energ\u00e9tico por Gregorio \u00c1lvarez Gregorio \u00c1lvarez lleva 25 a\u00f1os al frente del Grupo Ibere\u00f3lica [&hellip;]<\/p>\n","protected":false},"author":2,"featured_media":0,"comment_status":"open","ping_status":"open","sticky":false,"template":"","format":"standard","meta":{"_acf_changed":false,"_bbp_topic_count":0,"_bbp_reply_count":0,"_bbp_total_topic_count":0,"_bbp_total_reply_count":0,"_bbp_voice_count":0,"_bbp_anonymous_reply_count":0,"_bbp_topic_count_hidden":0,"_bbp_reply_count_hidden":0,"_bbp_forum_subforum_count":0,"_et_pb_use_builder":"","_et_pb_old_content":"","_et_gb_content_width":"","footnotes":""},"categories":[438],"tags":[],"class_list":["post-46819","post","type-post","status-publish","format-standard","hentry","category-newsletter-julio-2022"],"acf":[],"yoast_head":"<!-- This site is optimized with the Yoast SEO plugin v27.4 - https:\/\/yoast.com\/product\/yoast-seo-wordpress\/ -->\n<title>Gregorio \u00c1lvarez, CEO de Grupo Ibere\u00f3lica Renovables, recibe el Premio CEO del A\u00f1o en el Sector de las Energ\u00edas Renovables - Asociaci\u00f3n Empresarial E\u00f3lica<\/title>\n<meta name=\"robots\" content=\"index, follow, max-snippet:-1, max-image-preview:large, max-video-preview:-1\" \/>\n<link rel=\"canonical\" href=\"https:\/\/aeeolica.org\/gregorio-alvarez-ceo-de-grupo-ibereolica-renovables-recibe-el-premio-ceo-del-ano-en-el-sector-de-las-energias-renovables\/\" \/>\n<meta property=\"og:locale\" content=\"en_US\" \/>\n<meta property=\"og:type\" content=\"article\" \/>\n<meta property=\"og:title\" content=\"Gregorio \u00c1lvarez, CEO de Grupo Ibere\u00f3lica Renovables, recibe el Premio CEO del A\u00f1o en el Sector de las Energ\u00edas Renovables - Asociaci\u00f3n Empresarial E\u00f3lica\" \/>\n<meta property=\"og:description\" content=\"El premio concedido por La Raz\u00f3n reconoce la trayectoria y el trabajo desarrollado en el sector energ\u00e9tico por Gregorio \u00c1lvarez Gregorio \u00c1lvarez lleva 25 a\u00f1os al frente del Grupo Ibere\u00f3lica [&hellip;]\" \/>\n<meta property=\"og:url\" content=\"https:\/\/aeeolica.org\/gregorio-alvarez-ceo-de-grupo-ibereolica-renovables-recibe-el-premio-ceo-del-ano-en-el-sector-de-las-energias-renovables\/\" \/>\n<meta property=\"og:site_name\" content=\"Asociaci\u00f3n Empresarial E\u00f3lica\" \/>\n<meta property=\"article:publisher\" content=\"https:\/\/www.facebook.com\/aeeolica\" \/>\n<meta property=\"article:published_time\" content=\"2022-07-28T11:07:08+00:00\" \/>\n<meta property=\"article:modified_time\" content=\"2022-07-28T11:07:11+00:00\" \/>\n<meta property=\"og:image\" content=\"https:\/\/aeeolica.org\/wp-content\/uploads\/2022\/07\/WhatsApp-Image-2022-07-18-at-5.02.42-PM-1024x682.jpeg\" \/>\n<meta name=\"author\" content=\"Morante D\u00edaz, Mar\u00eda del Mar\" \/>\n<meta name=\"twitter:card\" content=\"summary_large_image\" \/>\n<meta name=\"twitter:creator\" content=\"@aeeolica\" \/>\n<meta name=\"twitter:site\" content=\"@aeeolica\" \/>\n<meta name=\"twitter:label1\" content=\"Written by\" \/>\n\t<meta name=\"twitter:data1\" content=\"Morante D\u00edaz, Mar\u00eda del Mar\" \/>\n\t<meta name=\"twitter:label2\" content=\"Est. reading time\" \/>\n\t<meta name=\"twitter:data2\" content=\"4 minutes\" \/>\n<script type=\"application\/ld+json\" class=\"yoast-schema-graph\">{\"@context\":\"https:\\\/\\\/schema.org\",\"@graph\":[{\"@type\":\"Article\",\"@id\":\"https:\\\/\\\/aeeolica.org\\\/gregorio-alvarez-ceo-de-grupo-ibereolica-renovables-recibe-el-premio-ceo-del-ano-en-el-sector-de-las-energias-renovables\\\/#article\",\"isPartOf\":{\"@id\":\"https:\\\/\\\/aeeolica.org\\\/gregorio-alvarez-ceo-de-grupo-ibereolica-renovables-recibe-el-premio-ceo-del-ano-en-el-sector-de-las-energias-renovables\\\/\"},\"author\":{\"name\":\"Morante D\u00edaz, Mar\u00eda del Mar\",\"@id\":\"https:\\\/\\\/aeeolica.org\\\/#\\\/schema\\\/person\\\/064b26f21f7ed52e0b3854e6b52f9772\"},\"headline\":\"Gregorio \u00c1lvarez, CEO de Grupo Ibere\u00f3lica Renovables, recibe el Premio CEO del A\u00f1o en el Sector de las Energ\u00edas Renovables\",\"datePublished\":\"2022-07-28T11:07:08+00:00\",\"dateModified\":\"2022-07-28T11:07:11+00:00\",\"mainEntityOfPage\":{\"@id\":\"https:\\\/\\\/aeeolica.org\\\/gregorio-alvarez-ceo-de-grupo-ibereolica-renovables-recibe-el-premio-ceo-del-ano-en-el-sector-de-las-energias-renovables\\\/\"},\"wordCount\":809,\"commentCount\":2,\"publisher\":{\"@id\":\"https:\\\/\\\/aeeolica.org\\\/#organization\"},\"image\":{\"@id\":\"https:\\\/\\\/aeeolica.org\\\/gregorio-alvarez-ceo-de-grupo-ibereolica-renovables-recibe-el-premio-ceo-del-ano-en-el-sector-de-las-energias-renovables\\\/#primaryimage\"},\"thumbnailUrl\":\"https:\\\/\\\/aeeolica.org\\\/wp-content\\\/uploads\\\/2022\\\/07\\\/WhatsApp-Image-2022-07-18-at-5.02.42-PM-1024x682.jpeg\",\"articleSection\":[\"Newsletter Julio 2022\"],\"inLanguage\":\"en-US\",\"potentialAction\":[{\"@type\":\"CommentAction\",\"name\":\"Comment\",\"target\":[\"https:\\\/\\\/aeeolica.org\\\/gregorio-alvarez-ceo-de-grupo-ibereolica-renovables-recibe-el-premio-ceo-del-ano-en-el-sector-de-las-energias-renovables\\\/#respond\"]}]},{\"@type\":\"WebPage\",\"@id\":\"https:\\\/\\\/aeeolica.org\\\/gregorio-alvarez-ceo-de-grupo-ibereolica-renovables-recibe-el-premio-ceo-del-ano-en-el-sector-de-las-energias-renovables\\\/\",\"url\":\"https:\\\/\\\/aeeolica.org\\\/gregorio-alvarez-ceo-de-grupo-ibereolica-renovables-recibe-el-premio-ceo-del-ano-en-el-sector-de-las-energias-renovables\\\/\",\"name\":\"Gregorio \u00c1lvarez, CEO de Grupo Ibere\u00f3lica Renovables, recibe el Premio CEO del A\u00f1o en el Sector de las Energ\u00edas Renovables - Asociaci\u00f3n Empresarial E\u00f3lica\",\"isPartOf\":{\"@id\":\"https:\\\/\\\/aeeolica.org\\\/#website\"},\"primaryImageOfPage\":{\"@id\":\"https:\\\/\\\/aeeolica.org\\\/gregorio-alvarez-ceo-de-grupo-ibereolica-renovables-recibe-el-premio-ceo-del-ano-en-el-sector-de-las-energias-renovables\\\/#primaryimage\"},\"image\":{\"@id\":\"https:\\\/\\\/aeeolica.org\\\/gregorio-alvarez-ceo-de-grupo-ibereolica-renovables-recibe-el-premio-ceo-del-ano-en-el-sector-de-las-energias-renovables\\\/#primaryimage\"},\"thumbnailUrl\":\"https:\\\/\\\/aeeolica.org\\\/wp-content\\\/uploads\\\/2022\\\/07\\\/WhatsApp-Image-2022-07-18-at-5.02.42-PM-1024x682.jpeg\",\"datePublished\":\"2022-07-28T11:07:08+00:00\",\"dateModified\":\"2022-07-28T11:07:11+00:00\",\"breadcrumb\":{\"@id\":\"https:\\\/\\\/aeeolica.org\\\/gregorio-alvarez-ceo-de-grupo-ibereolica-renovables-recibe-el-premio-ceo-del-ano-en-el-sector-de-las-energias-renovables\\\/#breadcrumb\"},\"inLanguage\":\"en-US\",\"potentialAction\":[{\"@type\":\"ReadAction\",\"target\":[\"https:\\\/\\\/aeeolica.org\\\/gregorio-alvarez-ceo-de-grupo-ibereolica-renovables-recibe-el-premio-ceo-del-ano-en-el-sector-de-las-energias-renovables\\\/\"]}]},{\"@type\":\"ImageObject\",\"inLanguage\":\"en-US\",\"@id\":\"https:\\\/\\\/aeeolica.org\\\/gregorio-alvarez-ceo-de-grupo-ibereolica-renovables-recibe-el-premio-ceo-del-ano-en-el-sector-de-las-energias-renovables\\\/#primaryimage\",\"url\":\"https:\\\/\\\/aeeolica.org\\\/wp-content\\\/uploads\\\/2022\\\/07\\\/WhatsApp-Image-2022-07-18-at-5.02.42-PM-1024x682.jpeg\",\"contentUrl\":\"https:\\\/\\\/aeeolica.org\\\/wp-content\\\/uploads\\\/2022\\\/07\\\/WhatsApp-Image-2022-07-18-at-5.02.42-PM-1024x682.jpeg\"},{\"@type\":\"BreadcrumbList\",\"@id\":\"https:\\\/\\\/aeeolica.org\\\/gregorio-alvarez-ceo-de-grupo-ibereolica-renovables-recibe-el-premio-ceo-del-ano-en-el-sector-de-las-energias-renovables\\\/#breadcrumb\",\"itemListElement\":[{\"@type\":\"ListItem\",\"position\":1,\"name\":\"Portada\",\"item\":\"https:\\\/\\\/aeeolica.org\\\/en\\\/inicio\\\/\"},{\"@type\":\"ListItem\",\"position\":2,\"name\":\"Gregorio \u00c1lvarez, CEO de Grupo Ibere\u00f3lica Renovables, recibe el Premio CEO del A\u00f1o en el Sector de las Energ\u00edas Renovables\"}]},{\"@type\":\"WebSite\",\"@id\":\"https:\\\/\\\/aeeolica.org\\\/#website\",\"url\":\"https:\\\/\\\/aeeolica.org\\\/\",\"name\":\"Asociaci\u00f3n Empresarial E\u00f3lica\",\"description\":\"AEE Asociaci\u00f3n Empresarial E\u00f3lica\",\"publisher\":{\"@id\":\"https:\\\/\\\/aeeolica.org\\\/#organization\"},\"potentialAction\":[{\"@type\":\"SearchAction\",\"target\":{\"@type\":\"EntryPoint\",\"urlTemplate\":\"https:\\\/\\\/aeeolica.org\\\/?s={search_term_string}\"},\"query-input\":{\"@type\":\"PropertyValueSpecification\",\"valueRequired\":true,\"valueName\":\"search_term_string\"}}],\"inLanguage\":\"en-US\"},{\"@type\":\"Organization\",\"@id\":\"https:\\\/\\\/aeeolica.org\\\/#organization\",\"name\":\"Asociaci\u00f3n Empresarial E\u00f3lica\",\"url\":\"https:\\\/\\\/aeeolica.org\\\/\",\"logo\":{\"@type\":\"ImageObject\",\"inLanguage\":\"en-US\",\"@id\":\"https:\\\/\\\/aeeolica.org\\\/#\\\/schema\\\/logo\\\/image\\\/\",\"url\":\"https:\\\/\\\/aeeolica.org\\\/wp-content\\\/uploads\\\/2021\\\/08\\\/logo-aee.png\",\"contentUrl\":\"https:\\\/\\\/aeeolica.org\\\/wp-content\\\/uploads\\\/2021\\\/08\\\/logo-aee.png\",\"width\":180,\"height\":78,\"caption\":\"Asociaci\u00f3n Empresarial E\u00f3lica\"},\"image\":{\"@id\":\"https:\\\/\\\/aeeolica.org\\\/#\\\/schema\\\/logo\\\/image\\\/\"},\"sameAs\":[\"https:\\\/\\\/www.facebook.com\\\/aeeolica\",\"https:\\\/\\\/x.com\\\/aeeolica\",\"https:\\\/\\\/www.instagram.com\\\/aeeolica\\\/\",\"https:\\\/\\\/www.linkedin.com\\\/in\\\/aee-asociaci\u00f3n-empresarial-e\u00f3lica-6830946b\\\/\",\"https:\\\/\\\/www.youtube.com\\\/user\\\/AEEolica\"]},{\"@type\":\"Person\",\"@id\":\"https:\\\/\\\/aeeolica.org\\\/#\\\/schema\\\/person\\\/064b26f21f7ed52e0b3854e6b52f9772\",\"name\":\"Morante D\u00edaz, Mar\u00eda del Mar\",\"image\":{\"@type\":\"ImageObject\",\"inLanguage\":\"en-US\",\"@id\":\"https:\\\/\\\/secure.gravatar.com\\\/avatar\\\/8bfd23e1c4bf5aa0b9314f1c5c9d644e62672831e6a512513954c3f15dffdd5a?s=96&d=mm&r=g\",\"url\":\"https:\\\/\\\/secure.gravatar.com\\\/avatar\\\/8bfd23e1c4bf5aa0b9314f1c5c9d644e62672831e6a512513954c3f15dffdd5a?s=96&d=mm&r=g\",\"contentUrl\":\"https:\\\/\\\/secure.gravatar.com\\\/avatar\\\/8bfd23e1c4bf5aa0b9314f1c5c9d644e62672831e6a512513954c3f15dffdd5a?s=96&d=mm&r=g\",\"caption\":\"Morante D\u00edaz, Mar\u00eda del Mar\"},\"url\":\"https:\\\/\\\/aeeolica.org\\\/en\\\/author\\\/mar\\\/\"}]}<\/script>\n<!-- \/ Yoast SEO plugin. -->","yoast_head_json":{"title":"Gregorio \u00c1lvarez, CEO de Grupo Ibere\u00f3lica Renovables, recibe el Premio CEO del A\u00f1o en el Sector de las Energ\u00edas Renovables - Asociaci\u00f3n Empresarial E\u00f3lica","robots":{"index":"index","follow":"follow","max-snippet":"max-snippet:-1","max-image-preview":"max-image-preview:large","max-video-preview":"max-video-preview:-1"},"canonical":"https:\/\/aeeolica.org\/gregorio-alvarez-ceo-de-grupo-ibereolica-renovables-recibe-el-premio-ceo-del-ano-en-el-sector-de-las-energias-renovables\/","og_locale":"en_US","og_type":"article","og_title":"Gregorio \u00c1lvarez, CEO de Grupo Ibere\u00f3lica Renovables, recibe el Premio CEO del A\u00f1o en el Sector de las Energ\u00edas Renovables - Asociaci\u00f3n Empresarial E\u00f3lica","og_description":"El premio concedido por La Raz\u00f3n reconoce la trayectoria y el trabajo desarrollado en el sector energ\u00e9tico por Gregorio \u00c1lvarez Gregorio \u00c1lvarez lleva 25 a\u00f1os al frente del Grupo Ibere\u00f3lica [&hellip;]","og_url":"https:\/\/aeeolica.org\/gregorio-alvarez-ceo-de-grupo-ibereolica-renovables-recibe-el-premio-ceo-del-ano-en-el-sector-de-las-energias-renovables\/","og_site_name":"Asociaci\u00f3n Empresarial E\u00f3lica","article_publisher":"https:\/\/www.facebook.com\/aeeolica","article_published_time":"2022-07-28T11:07:08+00:00","article_modified_time":"2022-07-28T11:07:11+00:00","og_image":[{"url":"https:\/\/aeeolica.org\/wp-content\/uploads\/2022\/07\/WhatsApp-Image-2022-07-18-at-5.02.42-PM-1024x682.jpeg","type":"","width":"","height":""}],"author":"Morante D\u00edaz, Mar\u00eda del Mar","twitter_card":"summary_large_image","twitter_creator":"@aeeolica","twitter_site":"@aeeolica","twitter_misc":{"Written by":"Morante D\u00edaz, Mar\u00eda del Mar","Est. reading time":"4 minutes"},"schema":{"@context":"https:\/\/schema.org","@graph":[{"@type":"Article","@id":"https:\/\/aeeolica.org\/gregorio-alvarez-ceo-de-grupo-ibereolica-renovables-recibe-el-premio-ceo-del-ano-en-el-sector-de-las-energias-renovables\/#article","isPartOf":{"@id":"https:\/\/aeeolica.org\/gregorio-alvarez-ceo-de-grupo-ibereolica-renovables-recibe-el-premio-ceo-del-ano-en-el-sector-de-las-energias-renovables\/"},"author":{"name":"Morante D\u00edaz, Mar\u00eda del Mar","@id":"https:\/\/aeeolica.org\/#\/schema\/person\/064b26f21f7ed52e0b3854e6b52f9772"},"headline":"Gregorio \u00c1lvarez, CEO de Grupo Ibere\u00f3lica Renovables, recibe el Premio CEO del A\u00f1o en el Sector de las Energ\u00edas Renovables","datePublished":"2022-07-28T11:07:08+00:00","dateModified":"2022-07-28T11:07:11+00:00","mainEntityOfPage":{"@id":"https:\/\/aeeolica.org\/gregorio-alvarez-ceo-de-grupo-ibereolica-renovables-recibe-el-premio-ceo-del-ano-en-el-sector-de-las-energias-renovables\/"},"wordCount":809,"commentCount":2,"publisher":{"@id":"https:\/\/aeeolica.org\/#organization"},"image":{"@id":"https:\/\/aeeolica.org\/gregorio-alvarez-ceo-de-grupo-ibereolica-renovables-recibe-el-premio-ceo-del-ano-en-el-sector-de-las-energias-renovables\/#primaryimage"},"thumbnailUrl":"https:\/\/aeeolica.org\/wp-content\/uploads\/2022\/07\/WhatsApp-Image-2022-07-18-at-5.02.42-PM-1024x682.jpeg","articleSection":["Newsletter Julio 2022"],"inLanguage":"en-US","potentialAction":[{"@type":"CommentAction","name":"Comment","target":["https:\/\/aeeolica.org\/gregorio-alvarez-ceo-de-grupo-ibereolica-renovables-recibe-el-premio-ceo-del-ano-en-el-sector-de-las-energias-renovables\/#respond"]}]},{"@type":"WebPage","@id":"https:\/\/aeeolica.org\/gregorio-alvarez-ceo-de-grupo-ibereolica-renovables-recibe-el-premio-ceo-del-ano-en-el-sector-de-las-energias-renovables\/","url":"https:\/\/aeeolica.org\/gregorio-alvarez-ceo-de-grupo-ibereolica-renovables-recibe-el-premio-ceo-del-ano-en-el-sector-de-las-energias-renovables\/","name":"Gregorio \u00c1lvarez, CEO de Grupo Ibere\u00f3lica Renovables, recibe el Premio CEO del A\u00f1o en el Sector de las Energ\u00edas Renovables - Asociaci\u00f3n Empresarial E\u00f3lica","isPartOf":{"@id":"https:\/\/aeeolica.org\/#website"},"primaryImageOfPage":{"@id":"https:\/\/aeeolica.org\/gregorio-alvarez-ceo-de-grupo-ibereolica-renovables-recibe-el-premio-ceo-del-ano-en-el-sector-de-las-energias-renovables\/#primaryimage"},"image":{"@id":"https:\/\/aeeolica.org\/gregorio-alvarez-ceo-de-grupo-ibereolica-renovables-recibe-el-premio-ceo-del-ano-en-el-sector-de-las-energias-renovables\/#primaryimage"},"thumbnailUrl":"https:\/\/aeeolica.org\/wp-content\/uploads\/2022\/07\/WhatsApp-Image-2022-07-18-at-5.02.42-PM-1024x682.jpeg","datePublished":"2022-07-28T11:07:08+00:00","dateModified":"2022-07-28T11:07:11+00:00","breadcrumb":{"@id":"https:\/\/aeeolica.org\/gregorio-alvarez-ceo-de-grupo-ibereolica-renovables-recibe-el-premio-ceo-del-ano-en-el-sector-de-las-energias-renovables\/#breadcrumb"},"inLanguage":"en-US","potentialAction":[{"@type":"ReadAction","target":["https:\/\/aeeolica.org\/gregorio-alvarez-ceo-de-grupo-ibereolica-renovables-recibe-el-premio-ceo-del-ano-en-el-sector-de-las-energias-renovables\/"]}]},{"@type":"ImageObject","inLanguage":"en-US","@id":"https:\/\/aeeolica.org\/gregorio-alvarez-ceo-de-grupo-ibereolica-renovables-recibe-el-premio-ceo-del-ano-en-el-sector-de-las-energias-renovables\/#primaryimage","url":"https:\/\/aeeolica.org\/wp-content\/uploads\/2022\/07\/WhatsApp-Image-2022-07-18-at-5.02.42-PM-1024x682.jpeg","contentUrl":"https:\/\/aeeolica.org\/wp-content\/uploads\/2022\/07\/WhatsApp-Image-2022-07-18-at-5.02.42-PM-1024x682.jpeg"},{"@type":"BreadcrumbList","@id":"https:\/\/aeeolica.org\/gregorio-alvarez-ceo-de-grupo-ibereolica-renovables-recibe-el-premio-ceo-del-ano-en-el-sector-de-las-energias-renovables\/#breadcrumb","itemListElement":[{"@type":"ListItem","position":1,"name":"Portada","item":"https:\/\/aeeolica.org\/en\/inicio\/"},{"@type":"ListItem","position":2,"name":"Gregorio \u00c1lvarez, CEO de Grupo Ibere\u00f3lica Renovables, recibe el Premio CEO del A\u00f1o en el Sector de las Energ\u00edas Renovables"}]},{"@type":"WebSite","@id":"https:\/\/aeeolica.org\/#website","url":"https:\/\/aeeolica.org\/","name":"Asociaci\u00f3n Empresarial E\u00f3lica","description":"AEE Asociaci\u00f3n Empresarial E\u00f3lica","publisher":{"@id":"https:\/\/aeeolica.org\/#organization"},"potentialAction":[{"@type":"SearchAction","target":{"@type":"EntryPoint","urlTemplate":"https:\/\/aeeolica.org\/?s={search_term_string}"},"query-input":{"@type":"PropertyValueSpecification","valueRequired":true,"valueName":"search_term_string"}}],"inLanguage":"en-US"},{"@type":"Organization","@id":"https:\/\/aeeolica.org\/#organization","name":"Asociaci\u00f3n Empresarial E\u00f3lica","url":"https:\/\/aeeolica.org\/","logo":{"@type":"ImageObject","inLanguage":"en-US","@id":"https:\/\/aeeolica.org\/#\/schema\/logo\/image\/","url":"https:\/\/aeeolica.org\/wp-content\/uploads\/2021\/08\/logo-aee.png","contentUrl":"https:\/\/aeeolica.org\/wp-content\/uploads\/2021\/08\/logo-aee.png","width":180,"height":78,"caption":"Asociaci\u00f3n Empresarial E\u00f3lica"},"image":{"@id":"https:\/\/aeeolica.org\/#\/schema\/logo\/image\/"},"sameAs":["https:\/\/www.facebook.com\/aeeolica","https:\/\/x.com\/aeeolica","https:\/\/www.instagram.com\/aeeolica\/","https:\/\/www.linkedin.com\/in\/aee-asociaci\u00f3n-empresarial-e\u00f3lica-6830946b\/","https:\/\/www.youtube.com\/user\/AEEolica"]},{"@type":"Person","@id":"https:\/\/aeeolica.org\/#\/schema\/person\/064b26f21f7ed52e0b3854e6b52f9772","name":"Morante D\u00edaz, Mar\u00eda del Mar","image":{"@type":"ImageObject","inLanguage":"en-US","@id":"https:\/\/secure.gravatar.com\/avatar\/8bfd23e1c4bf5aa0b9314f1c5c9d644e62672831e6a512513954c3f15dffdd5a?s=96&d=mm&r=g","url":"https:\/\/secure.gravatar.com\/avatar\/8bfd23e1c4bf5aa0b9314f1c5c9d644e62672831e6a512513954c3f15dffdd5a?s=96&d=mm&r=g","contentUrl":"https:\/\/secure.gravatar.com\/avatar\/8bfd23e1c4bf5aa0b9314f1c5c9d644e62672831e6a512513954c3f15dffdd5a?s=96&d=mm&r=g","caption":"Morante D\u00edaz, Mar\u00eda del Mar"},"url":"https:\/\/aeeolica.org\/en\/author\/mar\/"}]}},"_links":{"self":[{"href":"https:\/\/aeeolica.org\/en\/wp-json\/wp\/v2\/posts\/46819","targetHints":{"allow":["GET"]}}],"collection":[{"href":"https:\/\/aeeolica.org\/en\/wp-json\/wp\/v2\/posts"}],"about":[{"href":"https:\/\/aeeolica.org\/en\/wp-json\/wp\/v2\/types\/post"}],"author":[{"embeddable":true,"href":"https:\/\/aeeolica.org\/en\/wp-json\/wp\/v2\/users\/2"}],"replies":[{"embeddable":true,"href":"https:\/\/aeeolica.org\/en\/wp-json\/wp\/v2\/comments?post=46819"}],"version-history":[{"count":0,"href":"https:\/\/aeeolica.org\/en\/wp-json\/wp\/v2\/posts\/46819\/revisions"}],"wp:attachment":[{"href":"https:\/\/aeeolica.org\/en\/wp-json\/wp\/v2\/media?parent=46819"}],"wp:term":[{"taxonomy":"category","embeddable":true,"href":"https:\/\/aeeolica.org\/en\/wp-json\/wp\/v2\/categories?post=46819"},{"taxonomy":"post_tag","embeddable":true,"href":"https:\/\/aeeolica.org\/en\/wp-json\/wp\/v2\/tags?post=46819"}],"curies":[{"name":"wp","href":"https:\/\/api.w.org\/{rel}","templated":true}]}}