{"id":46845,"date":"2022-07-28T13:37:54","date_gmt":"2022-07-28T11:37:54","guid":{"rendered":"https:\/\/aeeolica.org\/?p=46845"},"modified":"2022-07-28T13:37:57","modified_gmt":"2022-07-28T11:37:57","slug":"nabla-wind-hub-llega-con-lo-ultimo-en-monitorizacion-de-parques-eolicos-con-la-herramienta-nabla-analytics","status":"publish","type":"post","link":"https:\/\/aeeolica.org\/en\/nabla-wind-hub-llega-con-lo-ultimo-en-monitorizacion-de-parques-eolicos-con-la-herramienta-nabla-analytics\/","title":{"rendered":"Nabla wind hub llega con lo \u00faltimo en monitorizaci\u00f3n de parques e\u00f3licos con la herramienta nabla analytics"},"content":{"rendered":"\n<p>La empresa nabla wind hub,empresa independiente del sector e\u00f3lico especializada en la extensi\u00f3n de vida de los parques, lanz\u00f3 en el mes de abril su nueva herramienta tecnol\u00f3gica destinada a la monitorizaci\u00f3n de cargas mec\u00e1nicas, predicci\u00f3n de fallo y control del rendimiento parques e\u00f3licos, que present\u00f3 oficialmente en el evento Wind Europe de este a\u00f1o 2022 celebrado en Bilbao (Vizcaya).<\/p>\n\n\n\n<p>El servicio m\u00e1s demandado por los clientes de la empresa de tecnolog\u00eda e\u00f3lica nabla se posiciona en el mercado como la herramienta de monitorizaci\u00f3n de parques e\u00f3licos m\u00e1s puntera hasta la fecha, ya que es la \u00fanica capaz de prever los fallos provocados por la fatiga y dar soluciones claras de O&amp;M (Operaci\u00f3n y Mantenimiento).<\/p>\n\n\n\n<p><a href=\"https:\/\/www.nablawindhub.com\/en\/redevelopment\/our-solutions\/analytics\"><strong>nabla analytics<\/strong><\/a> es una herramienta de operaci\u00f3n y mantenimiento destinada a ayudar a controlar y paliar el riesgo operacional dentro de cada a\u00f1o de operaci\u00f3n de un parque. As\u00ed mismo, <a href=\"https:\/\/www.nablawindhub.com\/en\/redevelopment\/our-solutions\/analytics\"><strong>nabla analytics<\/strong><\/a> es una herramienta de monitorizaci\u00f3n dise\u00f1ada no s\u00f3lo para proporcionar informaci\u00f3n predictiva \u00fatil que apoye en la planificaci\u00f3n a medio plazo de la Compa\u00f1\u00eda de Proyecto o SPV (Special Purpose Vehicle), sino tambi\u00e9n para garantizar el valor de los activos de cara a transacciones estrat\u00e9gicas (VDD &#8211; Vendor Due Diligences, M&amp;A &#8211; Merger and Acquisition).<\/p>\n\n\n\n<p>La herramienta de sistema de monitorizaci\u00f3n de la empresa nabla wind hub, se nutre de modelos aeroel\u00e1sticos independientes de precisi\u00f3n equivalente a los fabricantes (OEM \u2013 Original Equipment Manufacturers), construidos y validados siguiendo las recomendaciones de la norma IEC61400-28, adem\u00e1s de modelizado avanzado de viento, historial de O&amp;M, SCADAs, conocimiento t\u00e9cnico de las plataforma y, cuando es preciso, an\u00e1lisis de elementos finitos de los componentes (incluyendo diferentes an\u00e1lisis de fatiga multiaxial).<\/p>\n\n\n\n<p>Todas estas fuentes de datos dan lugar a predicciones de momento de fallo de cada componente, aerogenerador por aerogenerador. Y dicho momento de fallo se calcula teniendo en cuenta la acumulaci\u00f3n de fatiga en funci\u00f3n de factores como son las condiciones del emplazamiento detectadas en tiempo real, y a su vez, se corrige seg\u00fan los coeficientes de fiabilidad asignados a cada componente en esa plataforma y parque en particular.<\/p>\n\n\n\n<p>Una vez calculado el momento de fallo, \u00e9ste se aborda componente a componente mediante un calendario de preventivos, en el que se muestran las fechas m\u00e1s tempranas para las diferentes recomendaciones, hechas a medida para cada componente y posici\u00f3n dentro del parque e\u00f3lico, aconsejando inspecciones visuales, ensayos no destructivos (NDT, Non-Destructive Tests), acciones preventivas (CMS, Condition Monitoring Systems), planes de gesti\u00f3n del envejecimiento o aseguramiento de repuestos.<\/p>\n\n\n\n<p>Este nivel de detalle se traduce en un OPEX preventivo previsto a 2 a\u00f1os, que los operadores y gestores de activos pueden a\u00f1adir al OPEX fijo que surge de sus contratos de operaci\u00f3n y mantenimiento de alcance limitado (en sus diferentes variantes), y confrontarlo con el rendimiento del parque e\u00f3lico, que <a href=\"https:\/\/www.nablawindhub.com\/en\/redevelopment\/our-solutions\/analytics\"><strong>nabla analytics<\/strong><\/a> tambi\u00e9n es capaz de medir, comprobando la disponibilidad y el rendimiento real de cada parque e\u00f3lico (frente al contractual).<\/p>\n\n\n\n<p>Adem\u00e1s, y gracias a la fiabilidad de los c\u00e1lculos de cargas que ofrece la propia herramienta actualizados al ritmo de la disponibilidad de los datos del SCADA (y de cualquier otra sens\u00f3rica disponible instalada en el aerogenerador, como el sistema de medici\u00f3n del viento <a href=\"https:\/\/www.nablawindhub.com\/en\/redevelopment\/our-solutions\/ispin\">iSpin<\/a>), <a href=\"https:\/\/www.nablawindhub.com\/en\/redevelopment\/our-solutions\/analytics\"><strong>nabla analytics<\/strong><\/a> es capaz de detectar eventos extremos que provocan cargas extremas y enviar alarmas &#8220;estructurales&#8221; al equipo de operaci\u00f3n, evitando grandes riesgos operativos y reputacionales.<\/p>\n\n\n\n<p>Cabe destacar que los modelos aeroel\u00e1sticos independientes utilizados por <a href=\"https:\/\/www.nablawindhub.com\/en\/redevelopment\/our-solutions\/analytics\"><strong>nabla analytics<\/strong><\/a> est\u00e1n validados con el mayor nivel de precisi\u00f3n del sector, lo que permite obtener niveles de incertidumbre inferiores al 15% en la devoluci\u00f3n de resultados.<\/p>\n\n\n\n<p><a href=\"https:\/\/www.nablawindhub.com\/en\/redevelopment\/our-solutions\/analytics\"><strong>Nabla analytics<\/strong><\/a> es una herramienta h\u00edbrida de an\u00e1lisis de datos, que fusiona c\u00e1lculos f\u00edsicos con datos reales \u00fanicos, y ofrece previsiones m\u00e1s all\u00e1 de la capacidad de cualquier herramienta de BIG DATA.<\/p>\n\n\n\n<p>Esta herramienta puede mejorarse si se conecta al ya mencionado <a href=\"https:\/\/www.nablawindhub.com\/en\/redevelopment\/our-solutions\/ispin\">iSpin<\/a> (sistema de medici\u00f3n del viento propio de nabla), ya que permitir\u00eda al sistema detectar las rachas de viento, o los estados que se produzcan dentro de los registros de SCADA de 10 minutos, adem\u00e1s de proporcionar datos precisos sobre las condiciones del viento, YMA \u2013 Yaw Misalignment, y la caracter\u00edstica de la curva de potencia (conforme a la norma IEC61400-12-2).<\/p>\n\n\n\n<p><a href=\"https:\/\/www.nablawindhub.com\/en\/redevelopment\/our-solutions\/analytics\"><strong>Nabla analytics<\/strong><\/a> se posiciona hoy d\u00eda dentro del sector e\u00f3lico como la primera herramienta de monitorizaci\u00f3n de O&amp;M clave para reducir el coste nivelado de la energ\u00eda o el LCOE (Levelized Coste of Energy), manteniendo el valor de los activos e\u00f3licos lo m\u00e1s alto posible, con una mentalidad de prolongaci\u00f3n continua de la vida \u00fatil y mejora del rendimiento.<\/p>\n\n\n\n<p>La herramienta fue seleccionada y presentada mediante exposici\u00f3n de poster en el evento <a href=\"https:\/\/windeurope.org\/tech2022\/programme\/posters\/PO013\/\">Technology Workshop<\/a> de Bruselas organizado por la Wind Europe, el pasado mes de Junio de 2022.<\/p>\n\n\n\n<p>Adem\u00e1s, la empresa nabla wind hub, ha lanzado su <a href=\"https:\/\/www.nablawindhub.com\/en\/configurator\">servicio de auto-configuraci\u00f3n<\/a> de parques e\u00f3licos en su nueva web a principios de Julio, incluyendo la utilidad de nabla analytics entre las opciones de optimizaci\u00f3n de parques e\u00f3licos.<\/p>\n\n\n\n<p>Para m\u00e1s informaci\u00f3n acceda a la <a href=\"https:\/\/www.nablawindhub.com\/\">web<\/a> de nabla wind hub y descubra la oferta completa en <a href=\"https:\/\/www.nablawindhub.com\/en\/redevelopment\/our-solutions\">soluciones<\/a> de tecnolog\u00eda e\u00f3lica.<\/p>\n\n\n\n<figure class=\"wp-block-image size-large\"><img decoding=\"async\" width=\"1024\" height=\"576\" src=\"https:\/\/aeeolica.org\/wp-content\/uploads\/2022\/07\/Nabla-Analytics-1-1024x576.jpg\" alt=\"\" class=\"wp-image-46850\" srcset=\"https:\/\/aeeolica.org\/wp-content\/uploads\/2022\/07\/Nabla-Analytics-1-980x551.jpg 980w, https:\/\/aeeolica.org\/wp-content\/uploads\/2022\/07\/Nabla-Analytics-1-480x270.jpg 480w\" sizes=\"(min-width: 0px) and (max-width: 480px) 480px, (min-width: 481px) and (max-width: 980px) 980px, (min-width: 981px) 1024px, 100vw\" \/><\/figure>\n\n\n\n<figure class=\"wp-block-image size-large\"><img decoding=\"async\" width=\"1024\" height=\"576\" src=\"https:\/\/aeeolica.org\/wp-content\/uploads\/2022\/07\/Nabla-Analytics-1-1-1024x576.jpg\" alt=\"\" class=\"wp-image-46852\" srcset=\"https:\/\/aeeolica.org\/wp-content\/uploads\/2022\/07\/Nabla-Analytics-1-1-980x551.jpg 980w, https:\/\/aeeolica.org\/wp-content\/uploads\/2022\/07\/Nabla-Analytics-1-1-480x270.jpg 480w\" sizes=\"(min-width: 0px) and (max-width: 480px) 480px, (min-width: 481px) and (max-width: 980px) 980px, (min-width: 981px) 1024px, 100vw\" \/><\/figure>\n\n\n\n<figure class=\"wp-block-image size-large\"><img decoding=\"async\" width=\"1024\" height=\"576\" src=\"https:\/\/aeeolica.org\/wp-content\/uploads\/2022\/07\/nabla-analytics-1024x576.jpg\" alt=\"\" class=\"wp-image-46848\" srcset=\"https:\/\/aeeolica.org\/wp-content\/uploads\/2022\/07\/nabla-analytics-980x551.jpg 980w, https:\/\/aeeolica.org\/wp-content\/uploads\/2022\/07\/nabla-analytics-480x270.jpg 480w\" sizes=\"(min-width: 0px) and (max-width: 480px) 480px, (min-width: 481px) and (max-width: 980px) 980px, (min-width: 981px) 1024px, 100vw\" \/><\/figure>\n\n\n\n<figure class=\"wp-block-image size-large\"><img decoding=\"async\" width=\"1024\" height=\"574\" src=\"https:\/\/aeeolica.org\/wp-content\/uploads\/2022\/07\/Nbl-nLYTICA-1024x574.png\" alt=\"\" class=\"wp-image-46854\" srcset=\"https:\/\/aeeolica.org\/wp-content\/uploads\/2022\/07\/Nbl-nLYTICA-1024x574.png 1024w, https:\/\/aeeolica.org\/wp-content\/uploads\/2022\/07\/Nbl-nLYTICA-980x550.png 980w, https:\/\/aeeolica.org\/wp-content\/uploads\/2022\/07\/Nbl-nLYTICA-480x269.png 480w\" sizes=\"(min-width: 0px) and (max-width: 480px) 480px, (min-width: 481px) and (max-width: 980px) 980px, (min-width: 981px) 1024px, 100vw\" \/><\/figure>\n","protected":false},"excerpt":{"rendered":"<p>La empresa nabla wind hub,empresa independiente del sector e\u00f3lico especializada en la extensi\u00f3n de vida de los parques, lanz\u00f3 en el mes de abril su nueva herramienta tecnol\u00f3gica destinada a [&hellip;]<\/p>\n","protected":false},"author":2,"featured_media":0,"comment_status":"open","ping_status":"open","sticky":false,"template":"","format":"standard","meta":{"_acf_changed":false,"_bbp_topic_count":0,"_bbp_reply_count":0,"_bbp_total_topic_count":0,"_bbp_total_reply_count":0,"_bbp_voice_count":0,"_bbp_anonymous_reply_count":0,"_bbp_topic_count_hidden":0,"_bbp_reply_count_hidden":0,"_bbp_forum_subforum_count":0,"_et_pb_use_builder":"","_et_pb_old_content":"","_et_gb_content_width":"","footnotes":""},"categories":[438],"tags":[],"class_list":["post-46845","post","type-post","status-publish","format-standard","hentry","category-newsletter-julio-2022"],"acf":[],"yoast_head":"<!-- This site is optimized with the Yoast SEO plugin v27.4 - https:\/\/yoast.com\/product\/yoast-seo-wordpress\/ -->\n<title>Nabla wind hub llega con lo \u00faltimo en monitorizaci\u00f3n de parques e\u00f3licos con la herramienta nabla analytics - Asociaci\u00f3n Empresarial E\u00f3lica<\/title>\n<meta name=\"robots\" content=\"index, follow, max-snippet:-1, max-image-preview:large, max-video-preview:-1\" \/>\n<link rel=\"canonical\" href=\"https:\/\/aeeolica.org\/nabla-wind-hub-llega-con-lo-ultimo-en-monitorizacion-de-parques-eolicos-con-la-herramienta-nabla-analytics\/\" \/>\n<meta property=\"og:locale\" content=\"en_US\" \/>\n<meta property=\"og:type\" content=\"article\" \/>\n<meta property=\"og:title\" content=\"Nabla wind hub llega con lo \u00faltimo en monitorizaci\u00f3n de parques e\u00f3licos con la herramienta nabla analytics - Asociaci\u00f3n Empresarial E\u00f3lica\" \/>\n<meta property=\"og:description\" content=\"La empresa nabla wind hub,empresa independiente del sector e\u00f3lico especializada en la extensi\u00f3n de vida de los parques, lanz\u00f3 en el mes de abril su nueva herramienta tecnol\u00f3gica destinada a [&hellip;]\" \/>\n<meta property=\"og:url\" content=\"https:\/\/aeeolica.org\/nabla-wind-hub-llega-con-lo-ultimo-en-monitorizacion-de-parques-eolicos-con-la-herramienta-nabla-analytics\/\" \/>\n<meta property=\"og:site_name\" content=\"Asociaci\u00f3n Empresarial E\u00f3lica\" \/>\n<meta property=\"article:publisher\" content=\"https:\/\/www.facebook.com\/aeeolica\" \/>\n<meta property=\"article:published_time\" content=\"2022-07-28T11:37:54+00:00\" \/>\n<meta property=\"article:modified_time\" content=\"2022-07-28T11:37:57+00:00\" \/>\n<meta property=\"og:image\" content=\"https:\/\/aeeolica.org\/wp-content\/uploads\/2022\/07\/Nabla-Analytics-1-1024x576.jpg\" \/>\n<meta name=\"author\" content=\"Morante D\u00edaz, Mar\u00eda del Mar\" \/>\n<meta name=\"twitter:card\" content=\"summary_large_image\" \/>\n<meta name=\"twitter:creator\" content=\"@aeeolica\" \/>\n<meta name=\"twitter:site\" content=\"@aeeolica\" \/>\n<meta name=\"twitter:label1\" content=\"Written by\" \/>\n\t<meta name=\"twitter:data1\" content=\"Morante D\u00edaz, Mar\u00eda del Mar\" \/>\n\t<meta name=\"twitter:label2\" content=\"Est. reading time\" \/>\n\t<meta name=\"twitter:data2\" content=\"5 minutes\" \/>\n<script type=\"application\/ld+json\" class=\"yoast-schema-graph\">{\"@context\":\"https:\\\/\\\/schema.org\",\"@graph\":[{\"@type\":\"Article\",\"@id\":\"https:\\\/\\\/aeeolica.org\\\/nabla-wind-hub-llega-con-lo-ultimo-en-monitorizacion-de-parques-eolicos-con-la-herramienta-nabla-analytics\\\/#article\",\"isPartOf\":{\"@id\":\"https:\\\/\\\/aeeolica.org\\\/nabla-wind-hub-llega-con-lo-ultimo-en-monitorizacion-de-parques-eolicos-con-la-herramienta-nabla-analytics\\\/\"},\"author\":{\"name\":\"Morante D\u00edaz, Mar\u00eda del Mar\",\"@id\":\"https:\\\/\\\/aeeolica.org\\\/#\\\/schema\\\/person\\\/064b26f21f7ed52e0b3854e6b52f9772\"},\"headline\":\"Nabla wind hub llega con lo \u00faltimo en monitorizaci\u00f3n de parques e\u00f3licos con la herramienta nabla analytics\",\"datePublished\":\"2022-07-28T11:37:54+00:00\",\"dateModified\":\"2022-07-28T11:37:57+00:00\",\"mainEntityOfPage\":{\"@id\":\"https:\\\/\\\/aeeolica.org\\\/nabla-wind-hub-llega-con-lo-ultimo-en-monitorizacion-de-parques-eolicos-con-la-herramienta-nabla-analytics\\\/\"},\"wordCount\":942,\"commentCount\":3,\"publisher\":{\"@id\":\"https:\\\/\\\/aeeolica.org\\\/#organization\"},\"image\":{\"@id\":\"https:\\\/\\\/aeeolica.org\\\/nabla-wind-hub-llega-con-lo-ultimo-en-monitorizacion-de-parques-eolicos-con-la-herramienta-nabla-analytics\\\/#primaryimage\"},\"thumbnailUrl\":\"https:\\\/\\\/aeeolica.org\\\/wp-content\\\/uploads\\\/2022\\\/07\\\/Nabla-Analytics-1-1024x576.jpg\",\"articleSection\":[\"Newsletter Julio 2022\"],\"inLanguage\":\"en-US\",\"potentialAction\":[{\"@type\":\"CommentAction\",\"name\":\"Comment\",\"target\":[\"https:\\\/\\\/aeeolica.org\\\/nabla-wind-hub-llega-con-lo-ultimo-en-monitorizacion-de-parques-eolicos-con-la-herramienta-nabla-analytics\\\/#respond\"]}]},{\"@type\":\"WebPage\",\"@id\":\"https:\\\/\\\/aeeolica.org\\\/nabla-wind-hub-llega-con-lo-ultimo-en-monitorizacion-de-parques-eolicos-con-la-herramienta-nabla-analytics\\\/\",\"url\":\"https:\\\/\\\/aeeolica.org\\\/nabla-wind-hub-llega-con-lo-ultimo-en-monitorizacion-de-parques-eolicos-con-la-herramienta-nabla-analytics\\\/\",\"name\":\"Nabla wind hub llega con lo \u00faltimo en monitorizaci\u00f3n de parques e\u00f3licos con la herramienta nabla analytics - Asociaci\u00f3n Empresarial E\u00f3lica\",\"isPartOf\":{\"@id\":\"https:\\\/\\\/aeeolica.org\\\/#website\"},\"primaryImageOfPage\":{\"@id\":\"https:\\\/\\\/aeeolica.org\\\/nabla-wind-hub-llega-con-lo-ultimo-en-monitorizacion-de-parques-eolicos-con-la-herramienta-nabla-analytics\\\/#primaryimage\"},\"image\":{\"@id\":\"https:\\\/\\\/aeeolica.org\\\/nabla-wind-hub-llega-con-lo-ultimo-en-monitorizacion-de-parques-eolicos-con-la-herramienta-nabla-analytics\\\/#primaryimage\"},\"thumbnailUrl\":\"https:\\\/\\\/aeeolica.org\\\/wp-content\\\/uploads\\\/2022\\\/07\\\/Nabla-Analytics-1-1024x576.jpg\",\"datePublished\":\"2022-07-28T11:37:54+00:00\",\"dateModified\":\"2022-07-28T11:37:57+00:00\",\"breadcrumb\":{\"@id\":\"https:\\\/\\\/aeeolica.org\\\/nabla-wind-hub-llega-con-lo-ultimo-en-monitorizacion-de-parques-eolicos-con-la-herramienta-nabla-analytics\\\/#breadcrumb\"},\"inLanguage\":\"en-US\",\"potentialAction\":[{\"@type\":\"ReadAction\",\"target\":[\"https:\\\/\\\/aeeolica.org\\\/nabla-wind-hub-llega-con-lo-ultimo-en-monitorizacion-de-parques-eolicos-con-la-herramienta-nabla-analytics\\\/\"]}]},{\"@type\":\"ImageObject\",\"inLanguage\":\"en-US\",\"@id\":\"https:\\\/\\\/aeeolica.org\\\/nabla-wind-hub-llega-con-lo-ultimo-en-monitorizacion-de-parques-eolicos-con-la-herramienta-nabla-analytics\\\/#primaryimage\",\"url\":\"https:\\\/\\\/aeeolica.org\\\/wp-content\\\/uploads\\\/2022\\\/07\\\/Nabla-Analytics-1-1024x576.jpg\",\"contentUrl\":\"https:\\\/\\\/aeeolica.org\\\/wp-content\\\/uploads\\\/2022\\\/07\\\/Nabla-Analytics-1-1024x576.jpg\"},{\"@type\":\"BreadcrumbList\",\"@id\":\"https:\\\/\\\/aeeolica.org\\\/nabla-wind-hub-llega-con-lo-ultimo-en-monitorizacion-de-parques-eolicos-con-la-herramienta-nabla-analytics\\\/#breadcrumb\",\"itemListElement\":[{\"@type\":\"ListItem\",\"position\":1,\"name\":\"Portada\",\"item\":\"https:\\\/\\\/aeeolica.org\\\/en\\\/inicio\\\/\"},{\"@type\":\"ListItem\",\"position\":2,\"name\":\"Nabla wind hub llega con lo \u00faltimo en monitorizaci\u00f3n de parques e\u00f3licos con la herramienta nabla analytics\"}]},{\"@type\":\"WebSite\",\"@id\":\"https:\\\/\\\/aeeolica.org\\\/#website\",\"url\":\"https:\\\/\\\/aeeolica.org\\\/\",\"name\":\"Asociaci\u00f3n Empresarial E\u00f3lica\",\"description\":\"AEE Asociaci\u00f3n Empresarial E\u00f3lica\",\"publisher\":{\"@id\":\"https:\\\/\\\/aeeolica.org\\\/#organization\"},\"potentialAction\":[{\"@type\":\"SearchAction\",\"target\":{\"@type\":\"EntryPoint\",\"urlTemplate\":\"https:\\\/\\\/aeeolica.org\\\/?s={search_term_string}\"},\"query-input\":{\"@type\":\"PropertyValueSpecification\",\"valueRequired\":true,\"valueName\":\"search_term_string\"}}],\"inLanguage\":\"en-US\"},{\"@type\":\"Organization\",\"@id\":\"https:\\\/\\\/aeeolica.org\\\/#organization\",\"name\":\"Asociaci\u00f3n Empresarial E\u00f3lica\",\"url\":\"https:\\\/\\\/aeeolica.org\\\/\",\"logo\":{\"@type\":\"ImageObject\",\"inLanguage\":\"en-US\",\"@id\":\"https:\\\/\\\/aeeolica.org\\\/#\\\/schema\\\/logo\\\/image\\\/\",\"url\":\"https:\\\/\\\/aeeolica.org\\\/wp-content\\\/uploads\\\/2021\\\/08\\\/logo-aee.png\",\"contentUrl\":\"https:\\\/\\\/aeeolica.org\\\/wp-content\\\/uploads\\\/2021\\\/08\\\/logo-aee.png\",\"width\":180,\"height\":78,\"caption\":\"Asociaci\u00f3n Empresarial E\u00f3lica\"},\"image\":{\"@id\":\"https:\\\/\\\/aeeolica.org\\\/#\\\/schema\\\/logo\\\/image\\\/\"},\"sameAs\":[\"https:\\\/\\\/www.facebook.com\\\/aeeolica\",\"https:\\\/\\\/x.com\\\/aeeolica\",\"https:\\\/\\\/www.instagram.com\\\/aeeolica\\\/\",\"https:\\\/\\\/www.linkedin.com\\\/in\\\/aee-asociaci\u00f3n-empresarial-e\u00f3lica-6830946b\\\/\",\"https:\\\/\\\/www.youtube.com\\\/user\\\/AEEolica\"]},{\"@type\":\"Person\",\"@id\":\"https:\\\/\\\/aeeolica.org\\\/#\\\/schema\\\/person\\\/064b26f21f7ed52e0b3854e6b52f9772\",\"name\":\"Morante D\u00edaz, Mar\u00eda del Mar\",\"image\":{\"@type\":\"ImageObject\",\"inLanguage\":\"en-US\",\"@id\":\"https:\\\/\\\/secure.gravatar.com\\\/avatar\\\/8bfd23e1c4bf5aa0b9314f1c5c9d644e62672831e6a512513954c3f15dffdd5a?s=96&d=mm&r=g\",\"url\":\"https:\\\/\\\/secure.gravatar.com\\\/avatar\\\/8bfd23e1c4bf5aa0b9314f1c5c9d644e62672831e6a512513954c3f15dffdd5a?s=96&d=mm&r=g\",\"contentUrl\":\"https:\\\/\\\/secure.gravatar.com\\\/avatar\\\/8bfd23e1c4bf5aa0b9314f1c5c9d644e62672831e6a512513954c3f15dffdd5a?s=96&d=mm&r=g\",\"caption\":\"Morante D\u00edaz, Mar\u00eda del Mar\"},\"url\":\"https:\\\/\\\/aeeolica.org\\\/en\\\/author\\\/mar\\\/\"}]}<\/script>\n<!-- \/ Yoast SEO plugin. -->","yoast_head_json":{"title":"Nabla wind hub llega con lo \u00faltimo en monitorizaci\u00f3n de parques e\u00f3licos con la herramienta nabla analytics - Asociaci\u00f3n Empresarial E\u00f3lica","robots":{"index":"index","follow":"follow","max-snippet":"max-snippet:-1","max-image-preview":"max-image-preview:large","max-video-preview":"max-video-preview:-1"},"canonical":"https:\/\/aeeolica.org\/nabla-wind-hub-llega-con-lo-ultimo-en-monitorizacion-de-parques-eolicos-con-la-herramienta-nabla-analytics\/","og_locale":"en_US","og_type":"article","og_title":"Nabla wind hub llega con lo \u00faltimo en monitorizaci\u00f3n de parques e\u00f3licos con la herramienta nabla analytics - Asociaci\u00f3n Empresarial E\u00f3lica","og_description":"La empresa nabla wind hub,empresa independiente del sector e\u00f3lico especializada en la extensi\u00f3n de vida de los parques, lanz\u00f3 en el mes de abril su nueva herramienta tecnol\u00f3gica destinada a [&hellip;]","og_url":"https:\/\/aeeolica.org\/nabla-wind-hub-llega-con-lo-ultimo-en-monitorizacion-de-parques-eolicos-con-la-herramienta-nabla-analytics\/","og_site_name":"Asociaci\u00f3n Empresarial E\u00f3lica","article_publisher":"https:\/\/www.facebook.com\/aeeolica","article_published_time":"2022-07-28T11:37:54+00:00","article_modified_time":"2022-07-28T11:37:57+00:00","og_image":[{"url":"https:\/\/aeeolica.org\/wp-content\/uploads\/2022\/07\/Nabla-Analytics-1-1024x576.jpg","type":"","width":"","height":""}],"author":"Morante D\u00edaz, Mar\u00eda del Mar","twitter_card":"summary_large_image","twitter_creator":"@aeeolica","twitter_site":"@aeeolica","twitter_misc":{"Written by":"Morante D\u00edaz, Mar\u00eda del Mar","Est. reading time":"5 minutes"},"schema":{"@context":"https:\/\/schema.org","@graph":[{"@type":"Article","@id":"https:\/\/aeeolica.org\/nabla-wind-hub-llega-con-lo-ultimo-en-monitorizacion-de-parques-eolicos-con-la-herramienta-nabla-analytics\/#article","isPartOf":{"@id":"https:\/\/aeeolica.org\/nabla-wind-hub-llega-con-lo-ultimo-en-monitorizacion-de-parques-eolicos-con-la-herramienta-nabla-analytics\/"},"author":{"name":"Morante D\u00edaz, Mar\u00eda del Mar","@id":"https:\/\/aeeolica.org\/#\/schema\/person\/064b26f21f7ed52e0b3854e6b52f9772"},"headline":"Nabla wind hub llega con lo \u00faltimo en monitorizaci\u00f3n de parques e\u00f3licos con la herramienta nabla analytics","datePublished":"2022-07-28T11:37:54+00:00","dateModified":"2022-07-28T11:37:57+00:00","mainEntityOfPage":{"@id":"https:\/\/aeeolica.org\/nabla-wind-hub-llega-con-lo-ultimo-en-monitorizacion-de-parques-eolicos-con-la-herramienta-nabla-analytics\/"},"wordCount":942,"commentCount":3,"publisher":{"@id":"https:\/\/aeeolica.org\/#organization"},"image":{"@id":"https:\/\/aeeolica.org\/nabla-wind-hub-llega-con-lo-ultimo-en-monitorizacion-de-parques-eolicos-con-la-herramienta-nabla-analytics\/#primaryimage"},"thumbnailUrl":"https:\/\/aeeolica.org\/wp-content\/uploads\/2022\/07\/Nabla-Analytics-1-1024x576.jpg","articleSection":["Newsletter Julio 2022"],"inLanguage":"en-US","potentialAction":[{"@type":"CommentAction","name":"Comment","target":["https:\/\/aeeolica.org\/nabla-wind-hub-llega-con-lo-ultimo-en-monitorizacion-de-parques-eolicos-con-la-herramienta-nabla-analytics\/#respond"]}]},{"@type":"WebPage","@id":"https:\/\/aeeolica.org\/nabla-wind-hub-llega-con-lo-ultimo-en-monitorizacion-de-parques-eolicos-con-la-herramienta-nabla-analytics\/","url":"https:\/\/aeeolica.org\/nabla-wind-hub-llega-con-lo-ultimo-en-monitorizacion-de-parques-eolicos-con-la-herramienta-nabla-analytics\/","name":"Nabla wind hub llega con lo \u00faltimo en monitorizaci\u00f3n de parques e\u00f3licos con la herramienta nabla analytics - Asociaci\u00f3n Empresarial E\u00f3lica","isPartOf":{"@id":"https:\/\/aeeolica.org\/#website"},"primaryImageOfPage":{"@id":"https:\/\/aeeolica.org\/nabla-wind-hub-llega-con-lo-ultimo-en-monitorizacion-de-parques-eolicos-con-la-herramienta-nabla-analytics\/#primaryimage"},"image":{"@id":"https:\/\/aeeolica.org\/nabla-wind-hub-llega-con-lo-ultimo-en-monitorizacion-de-parques-eolicos-con-la-herramienta-nabla-analytics\/#primaryimage"},"thumbnailUrl":"https:\/\/aeeolica.org\/wp-content\/uploads\/2022\/07\/Nabla-Analytics-1-1024x576.jpg","datePublished":"2022-07-28T11:37:54+00:00","dateModified":"2022-07-28T11:37:57+00:00","breadcrumb":{"@id":"https:\/\/aeeolica.org\/nabla-wind-hub-llega-con-lo-ultimo-en-monitorizacion-de-parques-eolicos-con-la-herramienta-nabla-analytics\/#breadcrumb"},"inLanguage":"en-US","potentialAction":[{"@type":"ReadAction","target":["https:\/\/aeeolica.org\/nabla-wind-hub-llega-con-lo-ultimo-en-monitorizacion-de-parques-eolicos-con-la-herramienta-nabla-analytics\/"]}]},{"@type":"ImageObject","inLanguage":"en-US","@id":"https:\/\/aeeolica.org\/nabla-wind-hub-llega-con-lo-ultimo-en-monitorizacion-de-parques-eolicos-con-la-herramienta-nabla-analytics\/#primaryimage","url":"https:\/\/aeeolica.org\/wp-content\/uploads\/2022\/07\/Nabla-Analytics-1-1024x576.jpg","contentUrl":"https:\/\/aeeolica.org\/wp-content\/uploads\/2022\/07\/Nabla-Analytics-1-1024x576.jpg"},{"@type":"BreadcrumbList","@id":"https:\/\/aeeolica.org\/nabla-wind-hub-llega-con-lo-ultimo-en-monitorizacion-de-parques-eolicos-con-la-herramienta-nabla-analytics\/#breadcrumb","itemListElement":[{"@type":"ListItem","position":1,"name":"Portada","item":"https:\/\/aeeolica.org\/en\/inicio\/"},{"@type":"ListItem","position":2,"name":"Nabla wind hub llega con lo \u00faltimo en monitorizaci\u00f3n de parques e\u00f3licos con la herramienta nabla analytics"}]},{"@type":"WebSite","@id":"https:\/\/aeeolica.org\/#website","url":"https:\/\/aeeolica.org\/","name":"Asociaci\u00f3n Empresarial E\u00f3lica","description":"AEE Asociaci\u00f3n Empresarial E\u00f3lica","publisher":{"@id":"https:\/\/aeeolica.org\/#organization"},"potentialAction":[{"@type":"SearchAction","target":{"@type":"EntryPoint","urlTemplate":"https:\/\/aeeolica.org\/?s={search_term_string}"},"query-input":{"@type":"PropertyValueSpecification","valueRequired":true,"valueName":"search_term_string"}}],"inLanguage":"en-US"},{"@type":"Organization","@id":"https:\/\/aeeolica.org\/#organization","name":"Asociaci\u00f3n Empresarial E\u00f3lica","url":"https:\/\/aeeolica.org\/","logo":{"@type":"ImageObject","inLanguage":"en-US","@id":"https:\/\/aeeolica.org\/#\/schema\/logo\/image\/","url":"https:\/\/aeeolica.org\/wp-content\/uploads\/2021\/08\/logo-aee.png","contentUrl":"https:\/\/aeeolica.org\/wp-content\/uploads\/2021\/08\/logo-aee.png","width":180,"height":78,"caption":"Asociaci\u00f3n Empresarial E\u00f3lica"},"image":{"@id":"https:\/\/aeeolica.org\/#\/schema\/logo\/image\/"},"sameAs":["https:\/\/www.facebook.com\/aeeolica","https:\/\/x.com\/aeeolica","https:\/\/www.instagram.com\/aeeolica\/","https:\/\/www.linkedin.com\/in\/aee-asociaci\u00f3n-empresarial-e\u00f3lica-6830946b\/","https:\/\/www.youtube.com\/user\/AEEolica"]},{"@type":"Person","@id":"https:\/\/aeeolica.org\/#\/schema\/person\/064b26f21f7ed52e0b3854e6b52f9772","name":"Morante D\u00edaz, Mar\u00eda del Mar","image":{"@type":"ImageObject","inLanguage":"en-US","@id":"https:\/\/secure.gravatar.com\/avatar\/8bfd23e1c4bf5aa0b9314f1c5c9d644e62672831e6a512513954c3f15dffdd5a?s=96&d=mm&r=g","url":"https:\/\/secure.gravatar.com\/avatar\/8bfd23e1c4bf5aa0b9314f1c5c9d644e62672831e6a512513954c3f15dffdd5a?s=96&d=mm&r=g","contentUrl":"https:\/\/secure.gravatar.com\/avatar\/8bfd23e1c4bf5aa0b9314f1c5c9d644e62672831e6a512513954c3f15dffdd5a?s=96&d=mm&r=g","caption":"Morante D\u00edaz, Mar\u00eda del Mar"},"url":"https:\/\/aeeolica.org\/en\/author\/mar\/"}]}},"_links":{"self":[{"href":"https:\/\/aeeolica.org\/en\/wp-json\/wp\/v2\/posts\/46845","targetHints":{"allow":["GET"]}}],"collection":[{"href":"https:\/\/aeeolica.org\/en\/wp-json\/wp\/v2\/posts"}],"about":[{"href":"https:\/\/aeeolica.org\/en\/wp-json\/wp\/v2\/types\/post"}],"author":[{"embeddable":true,"href":"https:\/\/aeeolica.org\/en\/wp-json\/wp\/v2\/users\/2"}],"replies":[{"embeddable":true,"href":"https:\/\/aeeolica.org\/en\/wp-json\/wp\/v2\/comments?post=46845"}],"version-history":[{"count":0,"href":"https:\/\/aeeolica.org\/en\/wp-json\/wp\/v2\/posts\/46845\/revisions"}],"wp:attachment":[{"href":"https:\/\/aeeolica.org\/en\/wp-json\/wp\/v2\/media?parent=46845"}],"wp:term":[{"taxonomy":"category","embeddable":true,"href":"https:\/\/aeeolica.org\/en\/wp-json\/wp\/v2\/categories?post=46845"},{"taxonomy":"post_tag","embeddable":true,"href":"https:\/\/aeeolica.org\/en\/wp-json\/wp\/v2\/tags?post=46845"}],"curies":[{"name":"wp","href":"https:\/\/api.w.org\/{rel}","templated":true}]}}