{"id":62755,"date":"2022-09-26T19:08:03","date_gmt":"2022-09-26T17:08:03","guid":{"rendered":"https:\/\/aeeolica.org\/?p=62755"},"modified":"2022-09-26T19:08:06","modified_gmt":"2022-09-26T17:08:06","slug":"edpr-inaugura-un-nuevo-parque-eolico-en-italia","status":"publish","type":"post","link":"https:\/\/aeeolica.org\/en\/edpr-inaugura-un-nuevo-parque-eolico-en-italia\/","title":{"rendered":"EDPR inaugura un nuevo parque e\u00f3lico en Italia"},"content":{"rendered":"\n<p>Esta iniciativa demuestra el compromiso de EDPR con la transici\u00f3n energ\u00e9tica y la independencia energ\u00e9tica de Italia y Europa.<\/p>\n\n\n\n<p>EDP Renewables (Euronext: EDPR), el cuarto productor mundial de energ\u00edas renovables, ha inaugurado a comienzos de esta semana el parque e\u00f3lico de Craco y Stigliano en la regi\u00f3n italiana de Basilicata.<\/p>\n\n\n\n<p>Las instalaciones de Craco y Stigliano incluyen 10 turbinas de 3,5 MW de capacidad cada una, con un total de 35 MW de capacidad. El parque e\u00f3lico podr\u00e1 producir 79 GWh al a\u00f1o, lo que supone una reducci\u00f3n de emisiones de CO2 de 37.250 toneladas anuales, y proporcionar\u00e1 energ\u00eda a 26.280 hogares. EDPR tambi\u00e9n ha construido la infraestructura de conexi\u00f3n de red a la que se conect\u00f3 el parque e\u00f3lico a finales de agosto. Si sumamos estas nuevas instalaciones, EDPR cuenta con una capacidad instalada total de 463 MW en Italia.<\/p>\n\n\n\n<p>En la inauguraci\u00f3n, el CEO de EDPR Miguel Stilwell d\u2019Andrade coment\u00f3: \u00abLa crisis energ\u00e9tica que atraviesa Europa en la actualidad y la necesidad imperiosa de independencia energ\u00e9tica nos lleva a reafirmar nuestro compromiso con la producci\u00f3n y suministro de energ\u00eda proveniente de fuentes renovables. Con la inauguraci\u00f3n de este nuevo parque e\u00f3lico, EDP contribuye orgullosamente para ayudar a Italia a convertirse en un pa\u00eds m\u00e1s verde y aumentar su independencia energ\u00e9tica\u00bb.<\/p>\n\n\n\n<p>La implicaci\u00f3n de las comunidades e instituciones locales qued\u00f3 patente con la asistencia a la ceremonia de Francesco Micucci, alcalde de Stigliano, y Vincenzo Lacopeta, alcalde de Craco: \u00abEstamos encantados de contribuir como comunidad a favor de una causa de inter\u00e9s nacional tan importante. Este parque e\u00f3lico es la prueba del esfuerzo de nuestra regi\u00f3n por la defensa medioambiental y la sostenibilidad\u00bb.<\/p>\n\n\n\n<p>Tambi\u00e9n acudieron al evento Duarte Bello, Chief Operating Officer de EDPR en Europa y Latam, y Roberto Pasqua, director general de EDPR en Italia, as\u00ed como estudiantes de las escuelas locales de Educaci\u00f3n Primaria.<\/p>\n\n\n\n<p>El parque e\u00f3lico de Craco y Stigliano refuerza a\u00fan m\u00e1s el v\u00ednculo entre EDPR y los territorios de Italia. La compa\u00f1\u00eda est\u00e1 presente en el pa\u00eds con numerosos parques e\u00f3licos y, recientemente, present\u00f3 la campa\u00f1a de crowdfunding \u00abJuntos por la Energ\u00eda. La campa\u00f1a de energ\u00edas renovables en Italia\u00bb para ofrecer a los residentes italianos la oportunidad de formar parte de la transici\u00f3n energ\u00e9tica, reconociendo y premiando la vinculaci\u00f3n con los territorios.<\/p>\n\n\n\n<p>EDPR tambi\u00e9n tiene un compromiso con el desarrollo de programas formativos para que los j\u00f3venes puedan aprovechar las oportunidades laborales que supone la presencia de parques e\u00f3licos en su regi\u00f3n.<\/p>\n\n\n\n<figure class=\"wp-block-image size-large\"><img decoding=\"async\" width=\"1024\" height=\"682\" src=\"https:\/\/aeeolica.org\/wp-content\/uploads\/2022\/09\/IMG-20220916-WA0001-1024x682.jpg\" alt=\"\" class=\"wp-image-62756\" srcset=\"https:\/\/aeeolica.org\/wp-content\/uploads\/2022\/09\/IMG-20220916-WA0001-980x652.jpg 980w, https:\/\/aeeolica.org\/wp-content\/uploads\/2022\/09\/IMG-20220916-WA0001-480x320.jpg 480w\" sizes=\"(min-width: 0px) and (max-width: 480px) 480px, (min-width: 481px) and (max-width: 980px) 980px, (min-width: 981px) 1024px, 100vw\" \/><\/figure>\n","protected":false},"excerpt":{"rendered":"<p>Esta iniciativa demuestra el compromiso de EDPR con la transici\u00f3n energ\u00e9tica y la independencia energ\u00e9tica de Italia y Europa. EDP Renewables (Euronext: EDPR), el cuarto productor mundial de energ\u00edas renovables, [&hellip;]<\/p>\n","protected":false},"author":2,"featured_media":0,"comment_status":"open","ping_status":"open","sticky":false,"template":"","format":"standard","meta":{"_acf_changed":false,"_bbp_topic_count":0,"_bbp_reply_count":0,"_bbp_total_topic_count":0,"_bbp_total_reply_count":0,"_bbp_voice_count":0,"_bbp_anonymous_reply_count":0,"_bbp_topic_count_hidden":0,"_bbp_reply_count_hidden":0,"_bbp_forum_subforum_count":0,"_et_pb_use_builder":"","_et_pb_old_content":"","_et_gb_content_width":"","footnotes":""},"categories":[438],"tags":[],"class_list":["post-62755","post","type-post","status-publish","format-standard","hentry","category-newsletter-julio-2022"],"acf":[],"yoast_head":"<!-- This site is optimized with the Yoast SEO plugin v27.4 - https:\/\/yoast.com\/product\/yoast-seo-wordpress\/ -->\n<title>EDPR inaugura un nuevo parque e\u00f3lico en Italia - Asociaci\u00f3n Empresarial E\u00f3lica<\/title>\n<meta name=\"robots\" content=\"index, follow, max-snippet:-1, max-image-preview:large, max-video-preview:-1\" \/>\n<link rel=\"canonical\" href=\"https:\/\/aeeolica.org\/edpr-inaugura-un-nuevo-parque-eolico-en-italia\/\" \/>\n<meta property=\"og:locale\" content=\"en_US\" \/>\n<meta property=\"og:type\" content=\"article\" \/>\n<meta property=\"og:title\" content=\"EDPR inaugura un nuevo parque e\u00f3lico en Italia - Asociaci\u00f3n Empresarial E\u00f3lica\" \/>\n<meta property=\"og:description\" content=\"Esta iniciativa demuestra el compromiso de EDPR con la transici\u00f3n energ\u00e9tica y la independencia energ\u00e9tica de Italia y Europa. EDP Renewables (Euronext: EDPR), el cuarto productor mundial de energ\u00edas renovables, [&hellip;]\" \/>\n<meta property=\"og:url\" content=\"https:\/\/aeeolica.org\/edpr-inaugura-un-nuevo-parque-eolico-en-italia\/\" \/>\n<meta property=\"og:site_name\" content=\"Asociaci\u00f3n Empresarial E\u00f3lica\" \/>\n<meta property=\"article:publisher\" content=\"https:\/\/www.facebook.com\/aeeolica\" \/>\n<meta property=\"article:published_time\" content=\"2022-09-26T17:08:03+00:00\" \/>\n<meta property=\"article:modified_time\" content=\"2022-09-26T17:08:06+00:00\" \/>\n<meta property=\"og:image\" content=\"https:\/\/aeeolica.org\/wp-content\/uploads\/2022\/09\/IMG-20220916-WA0001-1024x682.jpg\" \/>\n<meta name=\"author\" content=\"Morante D\u00edaz, Mar\u00eda del Mar\" \/>\n<meta name=\"twitter:card\" content=\"summary_large_image\" \/>\n<meta name=\"twitter:creator\" content=\"@aeeolica\" \/>\n<meta name=\"twitter:site\" content=\"@aeeolica\" \/>\n<meta name=\"twitter:label1\" content=\"Written by\" \/>\n\t<meta name=\"twitter:data1\" content=\"Morante D\u00edaz, Mar\u00eda del Mar\" \/>\n\t<meta name=\"twitter:label2\" content=\"Est. reading time\" \/>\n\t<meta name=\"twitter:data2\" content=\"3 minutes\" \/>\n<script type=\"application\/ld+json\" class=\"yoast-schema-graph\">{\"@context\":\"https:\\\/\\\/schema.org\",\"@graph\":[{\"@type\":\"Article\",\"@id\":\"https:\\\/\\\/aeeolica.org\\\/edpr-inaugura-un-nuevo-parque-eolico-en-italia\\\/#article\",\"isPartOf\":{\"@id\":\"https:\\\/\\\/aeeolica.org\\\/edpr-inaugura-un-nuevo-parque-eolico-en-italia\\\/\"},\"author\":{\"name\":\"Morante D\u00edaz, Mar\u00eda del Mar\",\"@id\":\"https:\\\/\\\/aeeolica.org\\\/#\\\/schema\\\/person\\\/064b26f21f7ed52e0b3854e6b52f9772\"},\"headline\":\"EDPR inaugura un nuevo parque e\u00f3lico en Italia\",\"datePublished\":\"2022-09-26T17:08:03+00:00\",\"dateModified\":\"2022-09-26T17:08:06+00:00\",\"mainEntityOfPage\":{\"@id\":\"https:\\\/\\\/aeeolica.org\\\/edpr-inaugura-un-nuevo-parque-eolico-en-italia\\\/\"},\"wordCount\":459,\"commentCount\":1,\"publisher\":{\"@id\":\"https:\\\/\\\/aeeolica.org\\\/#organization\"},\"image\":{\"@id\":\"https:\\\/\\\/aeeolica.org\\\/edpr-inaugura-un-nuevo-parque-eolico-en-italia\\\/#primaryimage\"},\"thumbnailUrl\":\"https:\\\/\\\/aeeolica.org\\\/wp-content\\\/uploads\\\/2022\\\/09\\\/IMG-20220916-WA0001-1024x682.jpg\",\"articleSection\":[\"Newsletter Julio 2022\"],\"inLanguage\":\"en-US\",\"potentialAction\":[{\"@type\":\"CommentAction\",\"name\":\"Comment\",\"target\":[\"https:\\\/\\\/aeeolica.org\\\/edpr-inaugura-un-nuevo-parque-eolico-en-italia\\\/#respond\"]}]},{\"@type\":\"WebPage\",\"@id\":\"https:\\\/\\\/aeeolica.org\\\/edpr-inaugura-un-nuevo-parque-eolico-en-italia\\\/\",\"url\":\"https:\\\/\\\/aeeolica.org\\\/edpr-inaugura-un-nuevo-parque-eolico-en-italia\\\/\",\"name\":\"EDPR inaugura un nuevo parque e\u00f3lico en Italia - Asociaci\u00f3n Empresarial E\u00f3lica\",\"isPartOf\":{\"@id\":\"https:\\\/\\\/aeeolica.org\\\/#website\"},\"primaryImageOfPage\":{\"@id\":\"https:\\\/\\\/aeeolica.org\\\/edpr-inaugura-un-nuevo-parque-eolico-en-italia\\\/#primaryimage\"},\"image\":{\"@id\":\"https:\\\/\\\/aeeolica.org\\\/edpr-inaugura-un-nuevo-parque-eolico-en-italia\\\/#primaryimage\"},\"thumbnailUrl\":\"https:\\\/\\\/aeeolica.org\\\/wp-content\\\/uploads\\\/2022\\\/09\\\/IMG-20220916-WA0001-1024x682.jpg\",\"datePublished\":\"2022-09-26T17:08:03+00:00\",\"dateModified\":\"2022-09-26T17:08:06+00:00\",\"breadcrumb\":{\"@id\":\"https:\\\/\\\/aeeolica.org\\\/edpr-inaugura-un-nuevo-parque-eolico-en-italia\\\/#breadcrumb\"},\"inLanguage\":\"en-US\",\"potentialAction\":[{\"@type\":\"ReadAction\",\"target\":[\"https:\\\/\\\/aeeolica.org\\\/edpr-inaugura-un-nuevo-parque-eolico-en-italia\\\/\"]}]},{\"@type\":\"ImageObject\",\"inLanguage\":\"en-US\",\"@id\":\"https:\\\/\\\/aeeolica.org\\\/edpr-inaugura-un-nuevo-parque-eolico-en-italia\\\/#primaryimage\",\"url\":\"https:\\\/\\\/aeeolica.org\\\/wp-content\\\/uploads\\\/2022\\\/09\\\/IMG-20220916-WA0001-1024x682.jpg\",\"contentUrl\":\"https:\\\/\\\/aeeolica.org\\\/wp-content\\\/uploads\\\/2022\\\/09\\\/IMG-20220916-WA0001-1024x682.jpg\"},{\"@type\":\"BreadcrumbList\",\"@id\":\"https:\\\/\\\/aeeolica.org\\\/edpr-inaugura-un-nuevo-parque-eolico-en-italia\\\/#breadcrumb\",\"itemListElement\":[{\"@type\":\"ListItem\",\"position\":1,\"name\":\"Portada\",\"item\":\"https:\\\/\\\/aeeolica.org\\\/en\\\/inicio\\\/\"},{\"@type\":\"ListItem\",\"position\":2,\"name\":\"EDPR inaugura un nuevo parque e\u00f3lico en Italia\"}]},{\"@type\":\"WebSite\",\"@id\":\"https:\\\/\\\/aeeolica.org\\\/#website\",\"url\":\"https:\\\/\\\/aeeolica.org\\\/\",\"name\":\"Asociaci\u00f3n Empresarial E\u00f3lica\",\"description\":\"AEE Asociaci\u00f3n Empresarial E\u00f3lica\",\"publisher\":{\"@id\":\"https:\\\/\\\/aeeolica.org\\\/#organization\"},\"potentialAction\":[{\"@type\":\"SearchAction\",\"target\":{\"@type\":\"EntryPoint\",\"urlTemplate\":\"https:\\\/\\\/aeeolica.org\\\/?s={search_term_string}\"},\"query-input\":{\"@type\":\"PropertyValueSpecification\",\"valueRequired\":true,\"valueName\":\"search_term_string\"}}],\"inLanguage\":\"en-US\"},{\"@type\":\"Organization\",\"@id\":\"https:\\\/\\\/aeeolica.org\\\/#organization\",\"name\":\"Asociaci\u00f3n Empresarial E\u00f3lica\",\"url\":\"https:\\\/\\\/aeeolica.org\\\/\",\"logo\":{\"@type\":\"ImageObject\",\"inLanguage\":\"en-US\",\"@id\":\"https:\\\/\\\/aeeolica.org\\\/#\\\/schema\\\/logo\\\/image\\\/\",\"url\":\"https:\\\/\\\/aeeolica.org\\\/wp-content\\\/uploads\\\/2021\\\/08\\\/logo-aee.png\",\"contentUrl\":\"https:\\\/\\\/aeeolica.org\\\/wp-content\\\/uploads\\\/2021\\\/08\\\/logo-aee.png\",\"width\":180,\"height\":78,\"caption\":\"Asociaci\u00f3n Empresarial E\u00f3lica\"},\"image\":{\"@id\":\"https:\\\/\\\/aeeolica.org\\\/#\\\/schema\\\/logo\\\/image\\\/\"},\"sameAs\":[\"https:\\\/\\\/www.facebook.com\\\/aeeolica\",\"https:\\\/\\\/x.com\\\/aeeolica\",\"https:\\\/\\\/www.instagram.com\\\/aeeolica\\\/\",\"https:\\\/\\\/www.linkedin.com\\\/in\\\/aee-asociaci\u00f3n-empresarial-e\u00f3lica-6830946b\\\/\",\"https:\\\/\\\/www.youtube.com\\\/user\\\/AEEolica\"]},{\"@type\":\"Person\",\"@id\":\"https:\\\/\\\/aeeolica.org\\\/#\\\/schema\\\/person\\\/064b26f21f7ed52e0b3854e6b52f9772\",\"name\":\"Morante D\u00edaz, Mar\u00eda del Mar\",\"image\":{\"@type\":\"ImageObject\",\"inLanguage\":\"en-US\",\"@id\":\"https:\\\/\\\/secure.gravatar.com\\\/avatar\\\/8bfd23e1c4bf5aa0b9314f1c5c9d644e62672831e6a512513954c3f15dffdd5a?s=96&d=mm&r=g\",\"url\":\"https:\\\/\\\/secure.gravatar.com\\\/avatar\\\/8bfd23e1c4bf5aa0b9314f1c5c9d644e62672831e6a512513954c3f15dffdd5a?s=96&d=mm&r=g\",\"contentUrl\":\"https:\\\/\\\/secure.gravatar.com\\\/avatar\\\/8bfd23e1c4bf5aa0b9314f1c5c9d644e62672831e6a512513954c3f15dffdd5a?s=96&d=mm&r=g\",\"caption\":\"Morante D\u00edaz, Mar\u00eda del Mar\"},\"url\":\"https:\\\/\\\/aeeolica.org\\\/en\\\/author\\\/mar\\\/\"}]}<\/script>\n<!-- \/ Yoast SEO plugin. -->","yoast_head_json":{"title":"EDPR inaugura un nuevo parque e\u00f3lico en Italia - Asociaci\u00f3n Empresarial E\u00f3lica","robots":{"index":"index","follow":"follow","max-snippet":"max-snippet:-1","max-image-preview":"max-image-preview:large","max-video-preview":"max-video-preview:-1"},"canonical":"https:\/\/aeeolica.org\/edpr-inaugura-un-nuevo-parque-eolico-en-italia\/","og_locale":"en_US","og_type":"article","og_title":"EDPR inaugura un nuevo parque e\u00f3lico en Italia - Asociaci\u00f3n Empresarial E\u00f3lica","og_description":"Esta iniciativa demuestra el compromiso de EDPR con la transici\u00f3n energ\u00e9tica y la independencia energ\u00e9tica de Italia y Europa. EDP Renewables (Euronext: EDPR), el cuarto productor mundial de energ\u00edas renovables, [&hellip;]","og_url":"https:\/\/aeeolica.org\/edpr-inaugura-un-nuevo-parque-eolico-en-italia\/","og_site_name":"Asociaci\u00f3n Empresarial E\u00f3lica","article_publisher":"https:\/\/www.facebook.com\/aeeolica","article_published_time":"2022-09-26T17:08:03+00:00","article_modified_time":"2022-09-26T17:08:06+00:00","og_image":[{"url":"https:\/\/aeeolica.org\/wp-content\/uploads\/2022\/09\/IMG-20220916-WA0001-1024x682.jpg","type":"","width":"","height":""}],"author":"Morante D\u00edaz, Mar\u00eda del Mar","twitter_card":"summary_large_image","twitter_creator":"@aeeolica","twitter_site":"@aeeolica","twitter_misc":{"Written by":"Morante D\u00edaz, Mar\u00eda del Mar","Est. reading time":"3 minutes"},"schema":{"@context":"https:\/\/schema.org","@graph":[{"@type":"Article","@id":"https:\/\/aeeolica.org\/edpr-inaugura-un-nuevo-parque-eolico-en-italia\/#article","isPartOf":{"@id":"https:\/\/aeeolica.org\/edpr-inaugura-un-nuevo-parque-eolico-en-italia\/"},"author":{"name":"Morante D\u00edaz, Mar\u00eda del Mar","@id":"https:\/\/aeeolica.org\/#\/schema\/person\/064b26f21f7ed52e0b3854e6b52f9772"},"headline":"EDPR inaugura un nuevo parque e\u00f3lico en Italia","datePublished":"2022-09-26T17:08:03+00:00","dateModified":"2022-09-26T17:08:06+00:00","mainEntityOfPage":{"@id":"https:\/\/aeeolica.org\/edpr-inaugura-un-nuevo-parque-eolico-en-italia\/"},"wordCount":459,"commentCount":1,"publisher":{"@id":"https:\/\/aeeolica.org\/#organization"},"image":{"@id":"https:\/\/aeeolica.org\/edpr-inaugura-un-nuevo-parque-eolico-en-italia\/#primaryimage"},"thumbnailUrl":"https:\/\/aeeolica.org\/wp-content\/uploads\/2022\/09\/IMG-20220916-WA0001-1024x682.jpg","articleSection":["Newsletter Julio 2022"],"inLanguage":"en-US","potentialAction":[{"@type":"CommentAction","name":"Comment","target":["https:\/\/aeeolica.org\/edpr-inaugura-un-nuevo-parque-eolico-en-italia\/#respond"]}]},{"@type":"WebPage","@id":"https:\/\/aeeolica.org\/edpr-inaugura-un-nuevo-parque-eolico-en-italia\/","url":"https:\/\/aeeolica.org\/edpr-inaugura-un-nuevo-parque-eolico-en-italia\/","name":"EDPR inaugura un nuevo parque e\u00f3lico en Italia - Asociaci\u00f3n Empresarial E\u00f3lica","isPartOf":{"@id":"https:\/\/aeeolica.org\/#website"},"primaryImageOfPage":{"@id":"https:\/\/aeeolica.org\/edpr-inaugura-un-nuevo-parque-eolico-en-italia\/#primaryimage"},"image":{"@id":"https:\/\/aeeolica.org\/edpr-inaugura-un-nuevo-parque-eolico-en-italia\/#primaryimage"},"thumbnailUrl":"https:\/\/aeeolica.org\/wp-content\/uploads\/2022\/09\/IMG-20220916-WA0001-1024x682.jpg","datePublished":"2022-09-26T17:08:03+00:00","dateModified":"2022-09-26T17:08:06+00:00","breadcrumb":{"@id":"https:\/\/aeeolica.org\/edpr-inaugura-un-nuevo-parque-eolico-en-italia\/#breadcrumb"},"inLanguage":"en-US","potentialAction":[{"@type":"ReadAction","target":["https:\/\/aeeolica.org\/edpr-inaugura-un-nuevo-parque-eolico-en-italia\/"]}]},{"@type":"ImageObject","inLanguage":"en-US","@id":"https:\/\/aeeolica.org\/edpr-inaugura-un-nuevo-parque-eolico-en-italia\/#primaryimage","url":"https:\/\/aeeolica.org\/wp-content\/uploads\/2022\/09\/IMG-20220916-WA0001-1024x682.jpg","contentUrl":"https:\/\/aeeolica.org\/wp-content\/uploads\/2022\/09\/IMG-20220916-WA0001-1024x682.jpg"},{"@type":"BreadcrumbList","@id":"https:\/\/aeeolica.org\/edpr-inaugura-un-nuevo-parque-eolico-en-italia\/#breadcrumb","itemListElement":[{"@type":"ListItem","position":1,"name":"Portada","item":"https:\/\/aeeolica.org\/en\/inicio\/"},{"@type":"ListItem","position":2,"name":"EDPR inaugura un nuevo parque e\u00f3lico en Italia"}]},{"@type":"WebSite","@id":"https:\/\/aeeolica.org\/#website","url":"https:\/\/aeeolica.org\/","name":"Asociaci\u00f3n Empresarial E\u00f3lica","description":"AEE Asociaci\u00f3n Empresarial E\u00f3lica","publisher":{"@id":"https:\/\/aeeolica.org\/#organization"},"potentialAction":[{"@type":"SearchAction","target":{"@type":"EntryPoint","urlTemplate":"https:\/\/aeeolica.org\/?s={search_term_string}"},"query-input":{"@type":"PropertyValueSpecification","valueRequired":true,"valueName":"search_term_string"}}],"inLanguage":"en-US"},{"@type":"Organization","@id":"https:\/\/aeeolica.org\/#organization","name":"Asociaci\u00f3n Empresarial E\u00f3lica","url":"https:\/\/aeeolica.org\/","logo":{"@type":"ImageObject","inLanguage":"en-US","@id":"https:\/\/aeeolica.org\/#\/schema\/logo\/image\/","url":"https:\/\/aeeolica.org\/wp-content\/uploads\/2021\/08\/logo-aee.png","contentUrl":"https:\/\/aeeolica.org\/wp-content\/uploads\/2021\/08\/logo-aee.png","width":180,"height":78,"caption":"Asociaci\u00f3n Empresarial E\u00f3lica"},"image":{"@id":"https:\/\/aeeolica.org\/#\/schema\/logo\/image\/"},"sameAs":["https:\/\/www.facebook.com\/aeeolica","https:\/\/x.com\/aeeolica","https:\/\/www.instagram.com\/aeeolica\/","https:\/\/www.linkedin.com\/in\/aee-asociaci\u00f3n-empresarial-e\u00f3lica-6830946b\/","https:\/\/www.youtube.com\/user\/AEEolica"]},{"@type":"Person","@id":"https:\/\/aeeolica.org\/#\/schema\/person\/064b26f21f7ed52e0b3854e6b52f9772","name":"Morante D\u00edaz, Mar\u00eda del Mar","image":{"@type":"ImageObject","inLanguage":"en-US","@id":"https:\/\/secure.gravatar.com\/avatar\/8bfd23e1c4bf5aa0b9314f1c5c9d644e62672831e6a512513954c3f15dffdd5a?s=96&d=mm&r=g","url":"https:\/\/secure.gravatar.com\/avatar\/8bfd23e1c4bf5aa0b9314f1c5c9d644e62672831e6a512513954c3f15dffdd5a?s=96&d=mm&r=g","contentUrl":"https:\/\/secure.gravatar.com\/avatar\/8bfd23e1c4bf5aa0b9314f1c5c9d644e62672831e6a512513954c3f15dffdd5a?s=96&d=mm&r=g","caption":"Morante D\u00edaz, Mar\u00eda del Mar"},"url":"https:\/\/aeeolica.org\/en\/author\/mar\/"}]}},"_links":{"self":[{"href":"https:\/\/aeeolica.org\/en\/wp-json\/wp\/v2\/posts\/62755","targetHints":{"allow":["GET"]}}],"collection":[{"href":"https:\/\/aeeolica.org\/en\/wp-json\/wp\/v2\/posts"}],"about":[{"href":"https:\/\/aeeolica.org\/en\/wp-json\/wp\/v2\/types\/post"}],"author":[{"embeddable":true,"href":"https:\/\/aeeolica.org\/en\/wp-json\/wp\/v2\/users\/2"}],"replies":[{"embeddable":true,"href":"https:\/\/aeeolica.org\/en\/wp-json\/wp\/v2\/comments?post=62755"}],"version-history":[{"count":0,"href":"https:\/\/aeeolica.org\/en\/wp-json\/wp\/v2\/posts\/62755\/revisions"}],"wp:attachment":[{"href":"https:\/\/aeeolica.org\/en\/wp-json\/wp\/v2\/media?parent=62755"}],"wp:term":[{"taxonomy":"category","embeddable":true,"href":"https:\/\/aeeolica.org\/en\/wp-json\/wp\/v2\/categories?post=62755"},{"taxonomy":"post_tag","embeddable":true,"href":"https:\/\/aeeolica.org\/en\/wp-json\/wp\/v2\/tags?post=62755"}],"curies":[{"name":"wp","href":"https:\/\/api.w.org\/{rel}","templated":true}]}}