{"id":62770,"date":"2022-09-26T19:30:26","date_gmt":"2022-09-26T17:30:26","guid":{"rendered":"https:\/\/aeeolica.org\/?p=62770"},"modified":"2022-09-26T19:35:45","modified_gmt":"2022-09-26T17:35:45","slug":"naturgy-pone-en-marcha-el-parque-eolico-torozos-ii-en-valladolid-tras-una-inversion-de-mas-de-39-millones-de-euros","status":"publish","type":"post","link":"https:\/\/aeeolica.org\/en\/naturgy-pone-en-marcha-el-parque-eolico-torozos-ii-en-valladolid-tras-una-inversion-de-mas-de-39-millones-de-euros\/","title":{"rendered":"Naturgy pone en marcha el parque e\u00f3lico Torozos II en Valladolid, tras una inversi\u00f3n de m\u00e1s de 39 millones de euros"},"content":{"rendered":"\n<ul class=\"wp-block-list\"><li><strong>La compa\u00f1\u00eda energ\u00e9tica ya supera los 780 MW de potencia renovable en Castilla y Le\u00f3n.<\/strong><\/li><li><strong>El proyecto vallisoletano, con una potencia instalada de 35,2 MW, producir\u00e1 anualmente m\u00e1s de 100 GWh de energ\u00eda, lo que equivale al consumo anual de 29.100 viviendas.<\/strong><\/li><li><strong>Esta instalaci\u00f3n de energ\u00eda renovable desplazar\u00e1 otras fuentes de generaci\u00f3n el\u00e9ctrica convencional y contribuir\u00e1 a reducir en m\u00e1s de 64.600 toneladas las emisiones contaminantes y de efecto invernadero al a\u00f1o.<\/strong><\/li><\/ul>\n\n\n\n<p>Naturgy ha puesto en funcionamiento el parque e\u00f3lico Torozos II, el segundo que la multinacional energ\u00e9tica tiene en Castromonte (Valladolid). Con una potencia instalada de 35,20 MW, el proyecto ha supuesto una inversi\u00f3n de m\u00e1s de 39 millones de euros.<br><br>El parque est\u00e1 compuesto por 16 aerogeneradores y se prev\u00e9 que la producci\u00f3n anual de energ\u00eda ronde los 101,5 GWh al a\u00f1o, equivalente al consumo el\u00e9ctrico anual de m\u00e1s de 29.100 viviendas, casi la mitad de las que hay en provincias como \u00c1vila, Palencia o Segovia.<br><br>La puesta en marcha del parque e\u00f3lico Torozos II permite desplazar el uso de otras fuentes de generaci\u00f3n el\u00e9ctrica convencional, contribuyendo a reducir al a\u00f1o en m\u00e1s de 64.600 las toneladas de emisiones contaminantes y de efecto invernadero, o lo que es lo mismo, cerca de un mill\u00f3n de toneladas en toda su vida \u00fatil.<br>La actividad de esta instalaci\u00f3n tambi\u00e9n contribuir\u00e1 a dinamizar la econom\u00eda local, a trav\u00e9s de las aportaciones fiscales al municipio (impuesto sobre Construcciones, Instalaciones y Obras (ICIO), de Actividades Econ\u00f3micas (IAE) y de Bienes Inmuebles de Caracter\u00edsticas Especiales (BICES), adem\u00e1s del canon r\u00fastico), y las rentas a los propietarios de los terrenos que ocupa el parque durante los pr\u00f3ximos 30 a\u00f1os.\u00a0<br><br>La construcci\u00f3n, operaci\u00f3n y mantenimiento del parque ha generado m\u00e1s de 460 empleos directos e indirectos.<br><br><strong>M\u00e1s de 780 MW de potencia instalada en Castilla y Le\u00f3n<\/strong><br><br>Con la entrada en operaci\u00f3n de Torozos II, Naturgy supera ya los 780 MW de potencia renovable instalada en la Comunidad, distribuida en 24 parques e\u00f3licos, 9 centrales hidr\u00e1ulicas y 1 fotovoltaica.\u00a0<br><br>En 2021, la compa\u00f1\u00eda gener\u00f3 1.565 GWh de energ\u00eda renovable en Castilla y Le\u00f3n, equivalente al consumo el\u00e9ctrico anual de m\u00e1s de 448.000 hogares, o lo que es lo mismo, el doble de los hogares de la provincia de Valladolid.<br><br>Gracias a la energ\u00eda producida el pasado a\u00f1o, se logr\u00f3 desplazar el uso de otras fuentes de generaci\u00f3n el\u00e9ctrica convencional, contribuyendo a reducir en 896.000 toneladas las emisiones de gases contaminantes y de efecto invernadero. Estas emisiones reducidas equivalen a retirar 373.000 coches de la circulaci\u00f3n en un a\u00f1o.\u00a0<br><br>Los 7 parques e\u00f3licos situados en la provincia de Valladolid fueron los que m\u00e1s energ\u00eda generaron en 2021. En total, Mirabel, San Blas, Teso Pardo, Torozos A, B y C, y Carratorres produjeron m\u00e1s de 680 GWh. Estas siete infraestructuras evitaron m\u00e1s de 389.000 toneladas de gases de efecto invernadero a la atm\u00f3sfera y crearon la energ\u00eda equivalente al consumo el\u00e9ctrico anual de m\u00e1s de 195.000 hogares.<br><br><strong>Apuesta por la transici\u00f3n energ\u00e9tica<\/strong><br><br>Naturgy present\u00f3 en 2021 su nuevo Plan Estrat\u00e9gico 2021-2025, con el que la compa\u00f1\u00eda est\u00e1 impulsando su papel en la transici\u00f3n energ\u00e9tica y en la descarbonizaci\u00f3n, con el ambicioso objetivo de alcanzar la neutralidad de emisiones en 2050 y una potencia instalada de fuentes renovables cercana al 60%.<br>La compa\u00f1\u00eda tiene previsto invertir 14.000 millones de euros durante la vigencia del Plan, de los que aproximadamente dos tercios se dedicar\u00e1n al impulso de la generaci\u00f3n renovable, para pasar de los 5,2 GW operativos actuales a los m\u00e1s de 14 GW previstos para estar operativos en diciembre de 2025.<br><br>Estas inversiones confirman el giro estrat\u00e9gico de la compa\u00f1\u00eda hacia un mix energ\u00e9tico m\u00e1s sostenible y su compromiso con la transici\u00f3n energ\u00e9tica. Todo ello, sin abandonar los objetivos fundamentales de creaci\u00f3n de valor y crecimiento para cada uno de los negocios, as\u00ed como los objetivos en materia de ESG.\u00a0<br>En el \u00e1mbito ambiental, la compa\u00f1\u00eda prosigue con su pol\u00edtica de incrementar la producci\u00f3n libre de emisiones (un 9,3% m\u00e1s durante 2021). Asimismo, el a\u00f1o pasado redujo de forma significativa las emisiones de Gases de Efecto Invernadero (GEI), un 12,9% menos que en 2020, como consecuencia de la nueva capacidad renovable instalada y el cierre de las plantas de generaci\u00f3n con carb\u00f3n.<\/p>\n\n\n\n<figure class=\"wp-block-image size-large\"><img decoding=\"async\" width=\"1024\" height=\"576\" src=\"https:\/\/aeeolica.org\/wp-content\/uploads\/2022\/09\/TorozosII2-1024x576.jpg\" alt=\"\" class=\"wp-image-62771\" srcset=\"https:\/\/aeeolica.org\/wp-content\/uploads\/2022\/09\/TorozosII2-980x551.jpg 980w, https:\/\/aeeolica.org\/wp-content\/uploads\/2022\/09\/TorozosII2-480x270.jpg 480w\" sizes=\"(min-width: 0px) and (max-width: 480px) 480px, (min-width: 481px) and (max-width: 980px) 980px, (min-width: 981px) 1024px, 100vw\" \/><figcaption>default<\/figcaption><\/figure>\n","protected":false},"excerpt":{"rendered":"<p>La compa\u00f1\u00eda energ\u00e9tica ya supera los 780 MW de potencia renovable en Castilla y Le\u00f3n. El proyecto vallisoletano, con una potencia instalada de 35,2 MW, producir\u00e1 anualmente m\u00e1s de 100 [&hellip;]<\/p>\n","protected":false},"author":2,"featured_media":0,"comment_status":"open","ping_status":"open","sticky":false,"template":"","format":"standard","meta":{"_acf_changed":false,"_bbp_topic_count":0,"_bbp_reply_count":0,"_bbp_total_topic_count":0,"_bbp_total_reply_count":0,"_bbp_voice_count":0,"_bbp_anonymous_reply_count":0,"_bbp_topic_count_hidden":0,"_bbp_reply_count_hidden":0,"_bbp_forum_subforum_count":0,"_et_pb_use_builder":"","_et_pb_old_content":"","_et_gb_content_width":"","footnotes":""},"categories":[438],"tags":[],"class_list":["post-62770","post","type-post","status-publish","format-standard","hentry","category-newsletter-julio-2022"],"acf":[],"yoast_head":"<!-- This site is optimized with the Yoast SEO plugin v27.4 - https:\/\/yoast.com\/product\/yoast-seo-wordpress\/ -->\n<title>Naturgy pone en marcha el parque e\u00f3lico Torozos II en Valladolid, tras una inversi\u00f3n de m\u00e1s de 39 millones de euros - Asociaci\u00f3n Empresarial E\u00f3lica<\/title>\n<meta name=\"robots\" content=\"index, follow, max-snippet:-1, max-image-preview:large, max-video-preview:-1\" \/>\n<link rel=\"canonical\" href=\"https:\/\/aeeolica.org\/naturgy-pone-en-marcha-el-parque-eolico-torozos-ii-en-valladolid-tras-una-inversion-de-mas-de-39-millones-de-euros\/\" \/>\n<meta property=\"og:locale\" content=\"en_US\" \/>\n<meta property=\"og:type\" content=\"article\" \/>\n<meta property=\"og:title\" content=\"Naturgy pone en marcha el parque e\u00f3lico Torozos II en Valladolid, tras una inversi\u00f3n de m\u00e1s de 39 millones de euros - Asociaci\u00f3n Empresarial E\u00f3lica\" \/>\n<meta property=\"og:description\" content=\"La compa\u00f1\u00eda energ\u00e9tica ya supera los 780 MW de potencia renovable en Castilla y Le\u00f3n. El proyecto vallisoletano, con una potencia instalada de 35,2 MW, producir\u00e1 anualmente m\u00e1s de 100 [&hellip;]\" \/>\n<meta property=\"og:url\" content=\"https:\/\/aeeolica.org\/naturgy-pone-en-marcha-el-parque-eolico-torozos-ii-en-valladolid-tras-una-inversion-de-mas-de-39-millones-de-euros\/\" \/>\n<meta property=\"og:site_name\" content=\"Asociaci\u00f3n Empresarial E\u00f3lica\" \/>\n<meta property=\"article:publisher\" content=\"https:\/\/www.facebook.com\/aeeolica\" \/>\n<meta property=\"article:published_time\" content=\"2022-09-26T17:30:26+00:00\" \/>\n<meta property=\"article:modified_time\" content=\"2022-09-26T17:35:45+00:00\" \/>\n<meta property=\"og:image\" content=\"https:\/\/aeeolica.org\/wp-content\/uploads\/2022\/09\/TorozosII2-1024x576.jpg\" \/>\n<meta name=\"author\" content=\"Morante D\u00edaz, Mar\u00eda del Mar\" \/>\n<meta name=\"twitter:card\" content=\"summary_large_image\" \/>\n<meta name=\"twitter:creator\" content=\"@aeeolica\" \/>\n<meta name=\"twitter:site\" content=\"@aeeolica\" \/>\n<meta name=\"twitter:label1\" content=\"Written by\" \/>\n\t<meta name=\"twitter:data1\" content=\"Morante D\u00edaz, Mar\u00eda del Mar\" \/>\n\t<meta name=\"twitter:label2\" content=\"Est. reading time\" \/>\n\t<meta name=\"twitter:data2\" content=\"4 minutes\" \/>\n<script type=\"application\/ld+json\" class=\"yoast-schema-graph\">{\"@context\":\"https:\\\/\\\/schema.org\",\"@graph\":[{\"@type\":\"Article\",\"@id\":\"https:\\\/\\\/aeeolica.org\\\/naturgy-pone-en-marcha-el-parque-eolico-torozos-ii-en-valladolid-tras-una-inversion-de-mas-de-39-millones-de-euros\\\/#article\",\"isPartOf\":{\"@id\":\"https:\\\/\\\/aeeolica.org\\\/naturgy-pone-en-marcha-el-parque-eolico-torozos-ii-en-valladolid-tras-una-inversion-de-mas-de-39-millones-de-euros\\\/\"},\"author\":{\"name\":\"Morante D\u00edaz, Mar\u00eda del Mar\",\"@id\":\"https:\\\/\\\/aeeolica.org\\\/#\\\/schema\\\/person\\\/064b26f21f7ed52e0b3854e6b52f9772\"},\"headline\":\"Naturgy pone en marcha el parque e\u00f3lico Torozos II en Valladolid, tras una inversi\u00f3n de m\u00e1s de 39 millones de euros\",\"datePublished\":\"2022-09-26T17:30:26+00:00\",\"dateModified\":\"2022-09-26T17:35:45+00:00\",\"mainEntityOfPage\":{\"@id\":\"https:\\\/\\\/aeeolica.org\\\/naturgy-pone-en-marcha-el-parque-eolico-torozos-ii-en-valladolid-tras-una-inversion-de-mas-de-39-millones-de-euros\\\/\"},\"wordCount\":777,\"commentCount\":0,\"publisher\":{\"@id\":\"https:\\\/\\\/aeeolica.org\\\/#organization\"},\"image\":{\"@id\":\"https:\\\/\\\/aeeolica.org\\\/naturgy-pone-en-marcha-el-parque-eolico-torozos-ii-en-valladolid-tras-una-inversion-de-mas-de-39-millones-de-euros\\\/#primaryimage\"},\"thumbnailUrl\":\"https:\\\/\\\/aeeolica.org\\\/wp-content\\\/uploads\\\/2022\\\/09\\\/TorozosII2-1024x576.jpg\",\"articleSection\":[\"Newsletter Julio 2022\"],\"inLanguage\":\"en-US\",\"potentialAction\":[{\"@type\":\"CommentAction\",\"name\":\"Comment\",\"target\":[\"https:\\\/\\\/aeeolica.org\\\/naturgy-pone-en-marcha-el-parque-eolico-torozos-ii-en-valladolid-tras-una-inversion-de-mas-de-39-millones-de-euros\\\/#respond\"]}]},{\"@type\":\"WebPage\",\"@id\":\"https:\\\/\\\/aeeolica.org\\\/naturgy-pone-en-marcha-el-parque-eolico-torozos-ii-en-valladolid-tras-una-inversion-de-mas-de-39-millones-de-euros\\\/\",\"url\":\"https:\\\/\\\/aeeolica.org\\\/naturgy-pone-en-marcha-el-parque-eolico-torozos-ii-en-valladolid-tras-una-inversion-de-mas-de-39-millones-de-euros\\\/\",\"name\":\"Naturgy pone en marcha el parque e\u00f3lico Torozos II en Valladolid, tras una inversi\u00f3n de m\u00e1s de 39 millones de euros - Asociaci\u00f3n Empresarial E\u00f3lica\",\"isPartOf\":{\"@id\":\"https:\\\/\\\/aeeolica.org\\\/#website\"},\"primaryImageOfPage\":{\"@id\":\"https:\\\/\\\/aeeolica.org\\\/naturgy-pone-en-marcha-el-parque-eolico-torozos-ii-en-valladolid-tras-una-inversion-de-mas-de-39-millones-de-euros\\\/#primaryimage\"},\"image\":{\"@id\":\"https:\\\/\\\/aeeolica.org\\\/naturgy-pone-en-marcha-el-parque-eolico-torozos-ii-en-valladolid-tras-una-inversion-de-mas-de-39-millones-de-euros\\\/#primaryimage\"},\"thumbnailUrl\":\"https:\\\/\\\/aeeolica.org\\\/wp-content\\\/uploads\\\/2022\\\/09\\\/TorozosII2-1024x576.jpg\",\"datePublished\":\"2022-09-26T17:30:26+00:00\",\"dateModified\":\"2022-09-26T17:35:45+00:00\",\"breadcrumb\":{\"@id\":\"https:\\\/\\\/aeeolica.org\\\/naturgy-pone-en-marcha-el-parque-eolico-torozos-ii-en-valladolid-tras-una-inversion-de-mas-de-39-millones-de-euros\\\/#breadcrumb\"},\"inLanguage\":\"en-US\",\"potentialAction\":[{\"@type\":\"ReadAction\",\"target\":[\"https:\\\/\\\/aeeolica.org\\\/naturgy-pone-en-marcha-el-parque-eolico-torozos-ii-en-valladolid-tras-una-inversion-de-mas-de-39-millones-de-euros\\\/\"]}]},{\"@type\":\"ImageObject\",\"inLanguage\":\"en-US\",\"@id\":\"https:\\\/\\\/aeeolica.org\\\/naturgy-pone-en-marcha-el-parque-eolico-torozos-ii-en-valladolid-tras-una-inversion-de-mas-de-39-millones-de-euros\\\/#primaryimage\",\"url\":\"https:\\\/\\\/aeeolica.org\\\/wp-content\\\/uploads\\\/2022\\\/09\\\/TorozosII2-1024x576.jpg\",\"contentUrl\":\"https:\\\/\\\/aeeolica.org\\\/wp-content\\\/uploads\\\/2022\\\/09\\\/TorozosII2-1024x576.jpg\"},{\"@type\":\"BreadcrumbList\",\"@id\":\"https:\\\/\\\/aeeolica.org\\\/naturgy-pone-en-marcha-el-parque-eolico-torozos-ii-en-valladolid-tras-una-inversion-de-mas-de-39-millones-de-euros\\\/#breadcrumb\",\"itemListElement\":[{\"@type\":\"ListItem\",\"position\":1,\"name\":\"Portada\",\"item\":\"https:\\\/\\\/aeeolica.org\\\/en\\\/inicio\\\/\"},{\"@type\":\"ListItem\",\"position\":2,\"name\":\"Naturgy pone en marcha el parque e\u00f3lico Torozos II en Valladolid, tras una inversi\u00f3n de m\u00e1s de 39 millones de euros\"}]},{\"@type\":\"WebSite\",\"@id\":\"https:\\\/\\\/aeeolica.org\\\/#website\",\"url\":\"https:\\\/\\\/aeeolica.org\\\/\",\"name\":\"Asociaci\u00f3n Empresarial E\u00f3lica\",\"description\":\"AEE Asociaci\u00f3n Empresarial E\u00f3lica\",\"publisher\":{\"@id\":\"https:\\\/\\\/aeeolica.org\\\/#organization\"},\"potentialAction\":[{\"@type\":\"SearchAction\",\"target\":{\"@type\":\"EntryPoint\",\"urlTemplate\":\"https:\\\/\\\/aeeolica.org\\\/?s={search_term_string}\"},\"query-input\":{\"@type\":\"PropertyValueSpecification\",\"valueRequired\":true,\"valueName\":\"search_term_string\"}}],\"inLanguage\":\"en-US\"},{\"@type\":\"Organization\",\"@id\":\"https:\\\/\\\/aeeolica.org\\\/#organization\",\"name\":\"Asociaci\u00f3n Empresarial E\u00f3lica\",\"url\":\"https:\\\/\\\/aeeolica.org\\\/\",\"logo\":{\"@type\":\"ImageObject\",\"inLanguage\":\"en-US\",\"@id\":\"https:\\\/\\\/aeeolica.org\\\/#\\\/schema\\\/logo\\\/image\\\/\",\"url\":\"https:\\\/\\\/aeeolica.org\\\/wp-content\\\/uploads\\\/2021\\\/08\\\/logo-aee.png\",\"contentUrl\":\"https:\\\/\\\/aeeolica.org\\\/wp-content\\\/uploads\\\/2021\\\/08\\\/logo-aee.png\",\"width\":180,\"height\":78,\"caption\":\"Asociaci\u00f3n Empresarial E\u00f3lica\"},\"image\":{\"@id\":\"https:\\\/\\\/aeeolica.org\\\/#\\\/schema\\\/logo\\\/image\\\/\"},\"sameAs\":[\"https:\\\/\\\/www.facebook.com\\\/aeeolica\",\"https:\\\/\\\/x.com\\\/aeeolica\",\"https:\\\/\\\/www.instagram.com\\\/aeeolica\\\/\",\"https:\\\/\\\/www.linkedin.com\\\/in\\\/aee-asociaci\u00f3n-empresarial-e\u00f3lica-6830946b\\\/\",\"https:\\\/\\\/www.youtube.com\\\/user\\\/AEEolica\"]},{\"@type\":\"Person\",\"@id\":\"https:\\\/\\\/aeeolica.org\\\/#\\\/schema\\\/person\\\/064b26f21f7ed52e0b3854e6b52f9772\",\"name\":\"Morante D\u00edaz, Mar\u00eda del Mar\",\"image\":{\"@type\":\"ImageObject\",\"inLanguage\":\"en-US\",\"@id\":\"https:\\\/\\\/secure.gravatar.com\\\/avatar\\\/8bfd23e1c4bf5aa0b9314f1c5c9d644e62672831e6a512513954c3f15dffdd5a?s=96&d=mm&r=g\",\"url\":\"https:\\\/\\\/secure.gravatar.com\\\/avatar\\\/8bfd23e1c4bf5aa0b9314f1c5c9d644e62672831e6a512513954c3f15dffdd5a?s=96&d=mm&r=g\",\"contentUrl\":\"https:\\\/\\\/secure.gravatar.com\\\/avatar\\\/8bfd23e1c4bf5aa0b9314f1c5c9d644e62672831e6a512513954c3f15dffdd5a?s=96&d=mm&r=g\",\"caption\":\"Morante D\u00edaz, Mar\u00eda del Mar\"},\"url\":\"https:\\\/\\\/aeeolica.org\\\/en\\\/author\\\/mar\\\/\"}]}<\/script>\n<!-- \/ Yoast SEO plugin. -->","yoast_head_json":{"title":"Naturgy pone en marcha el parque e\u00f3lico Torozos II en Valladolid, tras una inversi\u00f3n de m\u00e1s de 39 millones de euros - Asociaci\u00f3n Empresarial E\u00f3lica","robots":{"index":"index","follow":"follow","max-snippet":"max-snippet:-1","max-image-preview":"max-image-preview:large","max-video-preview":"max-video-preview:-1"},"canonical":"https:\/\/aeeolica.org\/naturgy-pone-en-marcha-el-parque-eolico-torozos-ii-en-valladolid-tras-una-inversion-de-mas-de-39-millones-de-euros\/","og_locale":"en_US","og_type":"article","og_title":"Naturgy pone en marcha el parque e\u00f3lico Torozos II en Valladolid, tras una inversi\u00f3n de m\u00e1s de 39 millones de euros - Asociaci\u00f3n Empresarial E\u00f3lica","og_description":"La compa\u00f1\u00eda energ\u00e9tica ya supera los 780 MW de potencia renovable en Castilla y Le\u00f3n. El proyecto vallisoletano, con una potencia instalada de 35,2 MW, producir\u00e1 anualmente m\u00e1s de 100 [&hellip;]","og_url":"https:\/\/aeeolica.org\/naturgy-pone-en-marcha-el-parque-eolico-torozos-ii-en-valladolid-tras-una-inversion-de-mas-de-39-millones-de-euros\/","og_site_name":"Asociaci\u00f3n Empresarial E\u00f3lica","article_publisher":"https:\/\/www.facebook.com\/aeeolica","article_published_time":"2022-09-26T17:30:26+00:00","article_modified_time":"2022-09-26T17:35:45+00:00","og_image":[{"url":"https:\/\/aeeolica.org\/wp-content\/uploads\/2022\/09\/TorozosII2-1024x576.jpg","type":"","width":"","height":""}],"author":"Morante D\u00edaz, Mar\u00eda del Mar","twitter_card":"summary_large_image","twitter_creator":"@aeeolica","twitter_site":"@aeeolica","twitter_misc":{"Written by":"Morante D\u00edaz, Mar\u00eda del Mar","Est. reading time":"4 minutes"},"schema":{"@context":"https:\/\/schema.org","@graph":[{"@type":"Article","@id":"https:\/\/aeeolica.org\/naturgy-pone-en-marcha-el-parque-eolico-torozos-ii-en-valladolid-tras-una-inversion-de-mas-de-39-millones-de-euros\/#article","isPartOf":{"@id":"https:\/\/aeeolica.org\/naturgy-pone-en-marcha-el-parque-eolico-torozos-ii-en-valladolid-tras-una-inversion-de-mas-de-39-millones-de-euros\/"},"author":{"name":"Morante D\u00edaz, Mar\u00eda del Mar","@id":"https:\/\/aeeolica.org\/#\/schema\/person\/064b26f21f7ed52e0b3854e6b52f9772"},"headline":"Naturgy pone en marcha el parque e\u00f3lico Torozos II en Valladolid, tras una inversi\u00f3n de m\u00e1s de 39 millones de euros","datePublished":"2022-09-26T17:30:26+00:00","dateModified":"2022-09-26T17:35:45+00:00","mainEntityOfPage":{"@id":"https:\/\/aeeolica.org\/naturgy-pone-en-marcha-el-parque-eolico-torozos-ii-en-valladolid-tras-una-inversion-de-mas-de-39-millones-de-euros\/"},"wordCount":777,"commentCount":0,"publisher":{"@id":"https:\/\/aeeolica.org\/#organization"},"image":{"@id":"https:\/\/aeeolica.org\/naturgy-pone-en-marcha-el-parque-eolico-torozos-ii-en-valladolid-tras-una-inversion-de-mas-de-39-millones-de-euros\/#primaryimage"},"thumbnailUrl":"https:\/\/aeeolica.org\/wp-content\/uploads\/2022\/09\/TorozosII2-1024x576.jpg","articleSection":["Newsletter Julio 2022"],"inLanguage":"en-US","potentialAction":[{"@type":"CommentAction","name":"Comment","target":["https:\/\/aeeolica.org\/naturgy-pone-en-marcha-el-parque-eolico-torozos-ii-en-valladolid-tras-una-inversion-de-mas-de-39-millones-de-euros\/#respond"]}]},{"@type":"WebPage","@id":"https:\/\/aeeolica.org\/naturgy-pone-en-marcha-el-parque-eolico-torozos-ii-en-valladolid-tras-una-inversion-de-mas-de-39-millones-de-euros\/","url":"https:\/\/aeeolica.org\/naturgy-pone-en-marcha-el-parque-eolico-torozos-ii-en-valladolid-tras-una-inversion-de-mas-de-39-millones-de-euros\/","name":"Naturgy pone en marcha el parque e\u00f3lico Torozos II en Valladolid, tras una inversi\u00f3n de m\u00e1s de 39 millones de euros - Asociaci\u00f3n Empresarial E\u00f3lica","isPartOf":{"@id":"https:\/\/aeeolica.org\/#website"},"primaryImageOfPage":{"@id":"https:\/\/aeeolica.org\/naturgy-pone-en-marcha-el-parque-eolico-torozos-ii-en-valladolid-tras-una-inversion-de-mas-de-39-millones-de-euros\/#primaryimage"},"image":{"@id":"https:\/\/aeeolica.org\/naturgy-pone-en-marcha-el-parque-eolico-torozos-ii-en-valladolid-tras-una-inversion-de-mas-de-39-millones-de-euros\/#primaryimage"},"thumbnailUrl":"https:\/\/aeeolica.org\/wp-content\/uploads\/2022\/09\/TorozosII2-1024x576.jpg","datePublished":"2022-09-26T17:30:26+00:00","dateModified":"2022-09-26T17:35:45+00:00","breadcrumb":{"@id":"https:\/\/aeeolica.org\/naturgy-pone-en-marcha-el-parque-eolico-torozos-ii-en-valladolid-tras-una-inversion-de-mas-de-39-millones-de-euros\/#breadcrumb"},"inLanguage":"en-US","potentialAction":[{"@type":"ReadAction","target":["https:\/\/aeeolica.org\/naturgy-pone-en-marcha-el-parque-eolico-torozos-ii-en-valladolid-tras-una-inversion-de-mas-de-39-millones-de-euros\/"]}]},{"@type":"ImageObject","inLanguage":"en-US","@id":"https:\/\/aeeolica.org\/naturgy-pone-en-marcha-el-parque-eolico-torozos-ii-en-valladolid-tras-una-inversion-de-mas-de-39-millones-de-euros\/#primaryimage","url":"https:\/\/aeeolica.org\/wp-content\/uploads\/2022\/09\/TorozosII2-1024x576.jpg","contentUrl":"https:\/\/aeeolica.org\/wp-content\/uploads\/2022\/09\/TorozosII2-1024x576.jpg"},{"@type":"BreadcrumbList","@id":"https:\/\/aeeolica.org\/naturgy-pone-en-marcha-el-parque-eolico-torozos-ii-en-valladolid-tras-una-inversion-de-mas-de-39-millones-de-euros\/#breadcrumb","itemListElement":[{"@type":"ListItem","position":1,"name":"Portada","item":"https:\/\/aeeolica.org\/en\/inicio\/"},{"@type":"ListItem","position":2,"name":"Naturgy pone en marcha el parque e\u00f3lico Torozos II en Valladolid, tras una inversi\u00f3n de m\u00e1s de 39 millones de euros"}]},{"@type":"WebSite","@id":"https:\/\/aeeolica.org\/#website","url":"https:\/\/aeeolica.org\/","name":"Asociaci\u00f3n Empresarial E\u00f3lica","description":"AEE Asociaci\u00f3n Empresarial E\u00f3lica","publisher":{"@id":"https:\/\/aeeolica.org\/#organization"},"potentialAction":[{"@type":"SearchAction","target":{"@type":"EntryPoint","urlTemplate":"https:\/\/aeeolica.org\/?s={search_term_string}"},"query-input":{"@type":"PropertyValueSpecification","valueRequired":true,"valueName":"search_term_string"}}],"inLanguage":"en-US"},{"@type":"Organization","@id":"https:\/\/aeeolica.org\/#organization","name":"Asociaci\u00f3n Empresarial E\u00f3lica","url":"https:\/\/aeeolica.org\/","logo":{"@type":"ImageObject","inLanguage":"en-US","@id":"https:\/\/aeeolica.org\/#\/schema\/logo\/image\/","url":"https:\/\/aeeolica.org\/wp-content\/uploads\/2021\/08\/logo-aee.png","contentUrl":"https:\/\/aeeolica.org\/wp-content\/uploads\/2021\/08\/logo-aee.png","width":180,"height":78,"caption":"Asociaci\u00f3n Empresarial E\u00f3lica"},"image":{"@id":"https:\/\/aeeolica.org\/#\/schema\/logo\/image\/"},"sameAs":["https:\/\/www.facebook.com\/aeeolica","https:\/\/x.com\/aeeolica","https:\/\/www.instagram.com\/aeeolica\/","https:\/\/www.linkedin.com\/in\/aee-asociaci\u00f3n-empresarial-e\u00f3lica-6830946b\/","https:\/\/www.youtube.com\/user\/AEEolica"]},{"@type":"Person","@id":"https:\/\/aeeolica.org\/#\/schema\/person\/064b26f21f7ed52e0b3854e6b52f9772","name":"Morante D\u00edaz, Mar\u00eda del Mar","image":{"@type":"ImageObject","inLanguage":"en-US","@id":"https:\/\/secure.gravatar.com\/avatar\/8bfd23e1c4bf5aa0b9314f1c5c9d644e62672831e6a512513954c3f15dffdd5a?s=96&d=mm&r=g","url":"https:\/\/secure.gravatar.com\/avatar\/8bfd23e1c4bf5aa0b9314f1c5c9d644e62672831e6a512513954c3f15dffdd5a?s=96&d=mm&r=g","contentUrl":"https:\/\/secure.gravatar.com\/avatar\/8bfd23e1c4bf5aa0b9314f1c5c9d644e62672831e6a512513954c3f15dffdd5a?s=96&d=mm&r=g","caption":"Morante D\u00edaz, Mar\u00eda del Mar"},"url":"https:\/\/aeeolica.org\/en\/author\/mar\/"}]}},"_links":{"self":[{"href":"https:\/\/aeeolica.org\/en\/wp-json\/wp\/v2\/posts\/62770","targetHints":{"allow":["GET"]}}],"collection":[{"href":"https:\/\/aeeolica.org\/en\/wp-json\/wp\/v2\/posts"}],"about":[{"href":"https:\/\/aeeolica.org\/en\/wp-json\/wp\/v2\/types\/post"}],"author":[{"embeddable":true,"href":"https:\/\/aeeolica.org\/en\/wp-json\/wp\/v2\/users\/2"}],"replies":[{"embeddable":true,"href":"https:\/\/aeeolica.org\/en\/wp-json\/wp\/v2\/comments?post=62770"}],"version-history":[{"count":0,"href":"https:\/\/aeeolica.org\/en\/wp-json\/wp\/v2\/posts\/62770\/revisions"}],"wp:attachment":[{"href":"https:\/\/aeeolica.org\/en\/wp-json\/wp\/v2\/media?parent=62770"}],"wp:term":[{"taxonomy":"category","embeddable":true,"href":"https:\/\/aeeolica.org\/en\/wp-json\/wp\/v2\/categories?post=62770"},{"taxonomy":"post_tag","embeddable":true,"href":"https:\/\/aeeolica.org\/en\/wp-json\/wp\/v2\/tags?post=62770"}],"curies":[{"name":"wp","href":"https:\/\/api.w.org\/{rel}","templated":true}]}}