{"id":62780,"date":"2022-09-26T19:37:22","date_gmt":"2022-09-26T17:37:22","guid":{"rendered":"https:\/\/aeeolica.org\/?p=62780"},"modified":"2022-09-26T19:37:25","modified_gmt":"2022-09-26T17:37:25","slug":"la-energia-de-las-personas-el-podcast-con-el-que-capital-energy-pone-en-valor-la-veta-social-diferencial-de-su-proyecto-renovable","status":"publish","type":"post","link":"https:\/\/aeeolica.org\/en\/la-energia-de-las-personas-el-podcast-con-el-que-capital-energy-pone-en-valor-la-veta-social-diferencial-de-su-proyecto-renovable\/","title":{"rendered":"\u2018La Energ\u00eda de las Personas\u2019, el podcast con el que Capital Energy pone en valor la veta social diferencial de su proyecto renovable \u00a0"},"content":{"rendered":"\n<ul class=\"wp-block-list\"><li><strong>Mediante este nuevo formato comunicativo en auge, y a trav\u00e9s de una serie de cap\u00edtulos mensuales de entre 20 y 30 minutos de duraci\u00f3n, la compa\u00f1\u00eda persigue llevar a los oyentes a los territorios donde lleva a cabo su actividad<\/strong><\/li><\/ul>\n\n\n\n<ul class=\"wp-block-list\"><li><strong>El primer cap\u00edtulo de esta serie se ha centrado en la localidad palentina de Paredes de Nava, donde Capital Energy cuenta con un parque e\u00f3lico operativo, Las Tadeas, de 39 MW de capacidad, y est\u00e1 desarrollando su primer proyecto de hibridaci\u00f3n de tecnolog\u00edas en Castilla y Le\u00f3n, mediante una planta solar de casi 50 MW de potencia<\/strong><\/li><\/ul>\n\n\n\n<p><a href=\"https:\/\/capitalenergy.com\/sala-de-comunicacion\/la-energia-de-las-personas\">Capital Energy,<\/a> compa\u00f1\u00eda energ\u00e9tica espa\u00f1ola nacida hace ya dos d\u00e9cadas y cuya vocaci\u00f3n es convertirse en el primer operador 100% renovable verticalmente integrado de la pen\u00ednsula ib\u00e9rica, estrena hoy, lunes 19 de septiembre, <em>La Energ\u00eda de las Personas,<\/em> el podcast con el que quiere poner en valor la veta social que hace que su proyecto de energ\u00edas limpias sea diferencial.<\/p>\n\n\n\n<p>Mediante este nuevo formato comunicativo en auge, y a trav\u00e9s de una serie de cap\u00edtulos mensuales de entre 20 y 30 minutos de duraci\u00f3n, Capital Energy persigue llevar a los oyentes a los territorios donde lleva a cabo su actividad, dando voz a historias llenas de energ\u00eda y de emoci\u00f3n de personas que habitan en esas zonas.<\/p>\n\n\n\n<p>Del mismo modo que la empresa propicia la mejora de la calidad de vida de los habitantes de los pueblos con sus instalaciones renovables y el <a href=\"https:\/\/capitalenergy.com\/sostenibilidad\/sociedad\/proyecto-territorios\">Proyecto Territorios<\/a> asociado a las mismas, los paisanos que protagonizan estos podcasts hacen que, gracias a su energ\u00eda, la vida de sus vecinos tambi\u00e9n sea mejor.<\/p>\n\n\n\n<p>A trav\u00e9s del&nbsp;Proyecto Territorios, Capital Energy&nbsp;quiere articular su compromiso con el desarrollo sostenible, convertirse en un vecino m\u00e1s de las regiones en las que est\u00e1 presente y contribuir a su crecimiento social y econ\u00f3mico.<\/p>\n\n\n\n<p>El primer cap\u00edtulo de <em>La Energ\u00eda de las Personas<\/em> se ha centrado en la localidad palentina de Paredes de Nava, donde Capital Energy cuenta con un parque e\u00f3lico operativo, Las Tadeas, de 39 megavatios (MW) de capacidad, y est\u00e1 desarrollando su primer proyecto de hibridaci\u00f3n de tecnolog\u00edas en Castilla y Le\u00f3n, mediante una planta solar de casi 50 MW de potencia.<\/p>\n\n\n\n<p>El estreno de esta iniciativa de Capital Energy, que ha sido desarrollada en colaboraci\u00f3n con <a href=\"https:\/\/formatopodcast.com\/?utm_term=podcasting&amp;utm_campaign=Podcasts%20de%20empresa&amp;utm_source=adwords&amp;utm_medium=ppc&amp;hsa_acc=3079579637&amp;hsa_cam=10337955584&amp;hsa_grp=108661532571&amp;hsa_ad=443399303415&amp;hsa_src=g&amp;hsa_tgt=kwd-250742728&amp;hsa_kw=podcasting&amp;hsa_mt=b&amp;hsa_net=adwords&amp;hsa_ver=3&amp;gclid=Cj0KCQjwmouZBhDSARIsALYcourgFpxAPyJ-EJJv1QnTo0oUK89oy7gcBzveuuawttBbZCSRsjA4d7YaAkZjEALw_wcB\">Formato Podcast<\/a>, se producir\u00e1 a trav\u00e9s de las principales plataformas de difusi\u00f3n de podcast: <a href=\"https:\/\/www.ivoox.com\/1-una-historia-vida-energia-audios-mp3_rf_92564303_1.html\">iVoox<\/a>, <a href=\"https:\/\/open.spotify.com\/episode\/03nMMMR0ZiQ8FTGWTrMUOJ\">Spotify<\/a>, <a href=\"https:\/\/podcasts.apple.com\/us\/podcast\/1-una-historia-de-vida-y-energ%C3%ADa-en-la-espa%C3%B1a-vaciada\/id1644727108?i=1000579891778\">Apple Podcast<\/a> y <a href=\"https:\/\/podcasts.google.com\/feed\/aHR0cHM6Ly93d3cuc3ByZWFrZXIuY29tL3Nob3cvNTY2MzMyOS9lcGlzb2Rlcy9mZWVk\">Google Podcast<\/a>. Asimismo, los podcasts de <em>La Energ\u00eda de las Personas<\/em> estar\u00e1n alojados en la web corporativa de <a href=\"https:\/\/capitalenergy.com\/sala-de-comunicacion\/la-energia-de-las-personas\">Capital Energy.<\/a><\/p>\n\n\n\n<p><strong>Sobre Capital Energy<\/strong><\/p>\n\n\n\n<p>En l\u00ednea con su compromiso con la transici\u00f3n energ\u00e9tica ecol\u00f3gica y justa, <a href=\"https:\/\/capitalenergy-group.com\/\">Capital Energy<\/a> cuenta en la actualidad en la pen\u00ednsula ib\u00e9rica con una cartera de proyectos e\u00f3licos y solares que supera los 30 gigavatios (GW) de potencia, de los que m\u00e1s de 8,5 GW ya disponen de los permisos de acceso a la red concedidos.<\/p>\n\n\n\n<p>Capital Energy ha culminado su objetivo estrat\u00e9gico de estar presente a lo largo de toda la cadena de valor de la generaci\u00f3n renovable: desde la promoci\u00f3n, donde la compa\u00f1\u00eda tiene una posici\u00f3n consolidada gracias a su trayectoria de 20 a\u00f1os, hasta la construcci\u00f3n, producci\u00f3n, almacenamiento, operaci\u00f3n y el suministro. La empresa tiene 15 oficinas en Espa\u00f1a y Portugal en las que trabajan cerca de 360 empleados.<\/p>\n\n\n\n<figure class=\"wp-block-image size-large\"><img decoding=\"async\" width=\"1024\" height=\"576\" src=\"https:\/\/aeeolica.org\/wp-content\/uploads\/2022\/09\/El-parque-eolico-de-Capital-Energy-Las-Tadeas-en-Paredes-de-Nava-Palencia-1024x576.jpg\" alt=\"\" class=\"wp-image-62774\" srcset=\"https:\/\/aeeolica.org\/wp-content\/uploads\/2022\/09\/El-parque-eolico-de-Capital-Energy-Las-Tadeas-en-Paredes-de-Nava-Palencia-980x551.jpg 980w, https:\/\/aeeolica.org\/wp-content\/uploads\/2022\/09\/El-parque-eolico-de-Capital-Energy-Las-Tadeas-en-Paredes-de-Nava-Palencia-480x270.jpg 480w\" sizes=\"(min-width: 0px) and (max-width: 480px) 480px, (min-width: 481px) and (max-width: 980px) 980px, (min-width: 981px) 1024px, 100vw\" \/><\/figure>\n","protected":false},"excerpt":{"rendered":"<p>Mediante este nuevo formato comunicativo en auge, y a trav\u00e9s de una serie de cap\u00edtulos mensuales de entre 20 y 30 minutos de duraci\u00f3n, la compa\u00f1\u00eda persigue llevar a los [&hellip;]<\/p>\n","protected":false},"author":2,"featured_media":0,"comment_status":"open","ping_status":"open","sticky":false,"template":"","format":"standard","meta":{"_acf_changed":false,"_bbp_topic_count":0,"_bbp_reply_count":0,"_bbp_total_topic_count":0,"_bbp_total_reply_count":0,"_bbp_voice_count":0,"_bbp_anonymous_reply_count":0,"_bbp_topic_count_hidden":0,"_bbp_reply_count_hidden":0,"_bbp_forum_subforum_count":0,"_et_pb_use_builder":"","_et_pb_old_content":"","_et_gb_content_width":"","footnotes":""},"categories":[438],"tags":[],"class_list":["post-62780","post","type-post","status-publish","format-standard","hentry","category-newsletter-julio-2022"],"acf":[],"yoast_head":"<!-- This site is optimized with the Yoast SEO plugin v27.4 - https:\/\/yoast.com\/product\/yoast-seo-wordpress\/ -->\n<title>\u2018La Energ\u00eda de las Personas\u2019, el podcast con el que Capital Energy pone en valor la veta social diferencial de su proyecto renovable \u00a0 - Asociaci\u00f3n Empresarial E\u00f3lica<\/title>\n<meta name=\"robots\" content=\"index, follow, max-snippet:-1, max-image-preview:large, max-video-preview:-1\" \/>\n<link rel=\"canonical\" href=\"https:\/\/aeeolica.org\/la-energia-de-las-personas-el-podcast-con-el-que-capital-energy-pone-en-valor-la-veta-social-diferencial-de-su-proyecto-renovable\/\" \/>\n<meta property=\"og:locale\" content=\"en_US\" \/>\n<meta property=\"og:type\" content=\"article\" \/>\n<meta property=\"og:title\" content=\"\u2018La Energ\u00eda de las Personas\u2019, el podcast con el que Capital Energy pone en valor la veta social diferencial de su proyecto renovable \u00a0 - Asociaci\u00f3n Empresarial E\u00f3lica\" \/>\n<meta property=\"og:description\" content=\"Mediante este nuevo formato comunicativo en auge, y a trav\u00e9s de una serie de cap\u00edtulos mensuales de entre 20 y 30 minutos de duraci\u00f3n, la compa\u00f1\u00eda persigue llevar a los [&hellip;]\" \/>\n<meta property=\"og:url\" content=\"https:\/\/aeeolica.org\/la-energia-de-las-personas-el-podcast-con-el-que-capital-energy-pone-en-valor-la-veta-social-diferencial-de-su-proyecto-renovable\/\" \/>\n<meta property=\"og:site_name\" content=\"Asociaci\u00f3n Empresarial E\u00f3lica\" \/>\n<meta property=\"article:publisher\" content=\"https:\/\/www.facebook.com\/aeeolica\" \/>\n<meta property=\"article:published_time\" content=\"2022-09-26T17:37:22+00:00\" \/>\n<meta property=\"article:modified_time\" content=\"2022-09-26T17:37:25+00:00\" \/>\n<meta property=\"og:image\" content=\"https:\/\/aeeolica.org\/wp-content\/uploads\/2022\/09\/El-parque-eolico-de-Capital-Energy-Las-Tadeas-en-Paredes-de-Nava-Palencia-1024x576.jpg\" \/>\n<meta name=\"author\" content=\"Morante D\u00edaz, Mar\u00eda del Mar\" \/>\n<meta name=\"twitter:card\" content=\"summary_large_image\" \/>\n<meta name=\"twitter:creator\" content=\"@aeeolica\" \/>\n<meta name=\"twitter:site\" content=\"@aeeolica\" \/>\n<meta name=\"twitter:label1\" content=\"Written by\" \/>\n\t<meta name=\"twitter:data1\" content=\"Morante D\u00edaz, Mar\u00eda del Mar\" \/>\n\t<meta name=\"twitter:label2\" content=\"Est. reading time\" \/>\n\t<meta name=\"twitter:data2\" content=\"3 minutes\" \/>\n<script type=\"application\/ld+json\" class=\"yoast-schema-graph\">{\"@context\":\"https:\\\/\\\/schema.org\",\"@graph\":[{\"@type\":\"Article\",\"@id\":\"https:\\\/\\\/aeeolica.org\\\/la-energia-de-las-personas-el-podcast-con-el-que-capital-energy-pone-en-valor-la-veta-social-diferencial-de-su-proyecto-renovable\\\/#article\",\"isPartOf\":{\"@id\":\"https:\\\/\\\/aeeolica.org\\\/la-energia-de-las-personas-el-podcast-con-el-que-capital-energy-pone-en-valor-la-veta-social-diferencial-de-su-proyecto-renovable\\\/\"},\"author\":{\"name\":\"Morante D\u00edaz, Mar\u00eda del Mar\",\"@id\":\"https:\\\/\\\/aeeolica.org\\\/#\\\/schema\\\/person\\\/064b26f21f7ed52e0b3854e6b52f9772\"},\"headline\":\"\u2018La Energ\u00eda de las Personas\u2019, el podcast con el que Capital Energy pone en valor la veta social diferencial de su proyecto renovable \u00a0\",\"datePublished\":\"2022-09-26T17:37:22+00:00\",\"dateModified\":\"2022-09-26T17:37:25+00:00\",\"mainEntityOfPage\":{\"@id\":\"https:\\\/\\\/aeeolica.org\\\/la-energia-de-las-personas-el-podcast-con-el-que-capital-energy-pone-en-valor-la-veta-social-diferencial-de-su-proyecto-renovable\\\/\"},\"wordCount\":610,\"commentCount\":2,\"publisher\":{\"@id\":\"https:\\\/\\\/aeeolica.org\\\/#organization\"},\"image\":{\"@id\":\"https:\\\/\\\/aeeolica.org\\\/la-energia-de-las-personas-el-podcast-con-el-que-capital-energy-pone-en-valor-la-veta-social-diferencial-de-su-proyecto-renovable\\\/#primaryimage\"},\"thumbnailUrl\":\"https:\\\/\\\/aeeolica.org\\\/wp-content\\\/uploads\\\/2022\\\/09\\\/El-parque-eolico-de-Capital-Energy-Las-Tadeas-en-Paredes-de-Nava-Palencia-1024x576.jpg\",\"articleSection\":[\"Newsletter Julio 2022\"],\"inLanguage\":\"en-US\",\"potentialAction\":[{\"@type\":\"CommentAction\",\"name\":\"Comment\",\"target\":[\"https:\\\/\\\/aeeolica.org\\\/la-energia-de-las-personas-el-podcast-con-el-que-capital-energy-pone-en-valor-la-veta-social-diferencial-de-su-proyecto-renovable\\\/#respond\"]}]},{\"@type\":\"WebPage\",\"@id\":\"https:\\\/\\\/aeeolica.org\\\/la-energia-de-las-personas-el-podcast-con-el-que-capital-energy-pone-en-valor-la-veta-social-diferencial-de-su-proyecto-renovable\\\/\",\"url\":\"https:\\\/\\\/aeeolica.org\\\/la-energia-de-las-personas-el-podcast-con-el-que-capital-energy-pone-en-valor-la-veta-social-diferencial-de-su-proyecto-renovable\\\/\",\"name\":\"\u2018La Energ\u00eda de las Personas\u2019, el podcast con el que Capital Energy pone en valor la veta social diferencial de su proyecto renovable \u00a0 - Asociaci\u00f3n Empresarial E\u00f3lica\",\"isPartOf\":{\"@id\":\"https:\\\/\\\/aeeolica.org\\\/#website\"},\"primaryImageOfPage\":{\"@id\":\"https:\\\/\\\/aeeolica.org\\\/la-energia-de-las-personas-el-podcast-con-el-que-capital-energy-pone-en-valor-la-veta-social-diferencial-de-su-proyecto-renovable\\\/#primaryimage\"},\"image\":{\"@id\":\"https:\\\/\\\/aeeolica.org\\\/la-energia-de-las-personas-el-podcast-con-el-que-capital-energy-pone-en-valor-la-veta-social-diferencial-de-su-proyecto-renovable\\\/#primaryimage\"},\"thumbnailUrl\":\"https:\\\/\\\/aeeolica.org\\\/wp-content\\\/uploads\\\/2022\\\/09\\\/El-parque-eolico-de-Capital-Energy-Las-Tadeas-en-Paredes-de-Nava-Palencia-1024x576.jpg\",\"datePublished\":\"2022-09-26T17:37:22+00:00\",\"dateModified\":\"2022-09-26T17:37:25+00:00\",\"breadcrumb\":{\"@id\":\"https:\\\/\\\/aeeolica.org\\\/la-energia-de-las-personas-el-podcast-con-el-que-capital-energy-pone-en-valor-la-veta-social-diferencial-de-su-proyecto-renovable\\\/#breadcrumb\"},\"inLanguage\":\"en-US\",\"potentialAction\":[{\"@type\":\"ReadAction\",\"target\":[\"https:\\\/\\\/aeeolica.org\\\/la-energia-de-las-personas-el-podcast-con-el-que-capital-energy-pone-en-valor-la-veta-social-diferencial-de-su-proyecto-renovable\\\/\"]}]},{\"@type\":\"ImageObject\",\"inLanguage\":\"en-US\",\"@id\":\"https:\\\/\\\/aeeolica.org\\\/la-energia-de-las-personas-el-podcast-con-el-que-capital-energy-pone-en-valor-la-veta-social-diferencial-de-su-proyecto-renovable\\\/#primaryimage\",\"url\":\"https:\\\/\\\/aeeolica.org\\\/wp-content\\\/uploads\\\/2022\\\/09\\\/El-parque-eolico-de-Capital-Energy-Las-Tadeas-en-Paredes-de-Nava-Palencia-1024x576.jpg\",\"contentUrl\":\"https:\\\/\\\/aeeolica.org\\\/wp-content\\\/uploads\\\/2022\\\/09\\\/El-parque-eolico-de-Capital-Energy-Las-Tadeas-en-Paredes-de-Nava-Palencia-1024x576.jpg\"},{\"@type\":\"BreadcrumbList\",\"@id\":\"https:\\\/\\\/aeeolica.org\\\/la-energia-de-las-personas-el-podcast-con-el-que-capital-energy-pone-en-valor-la-veta-social-diferencial-de-su-proyecto-renovable\\\/#breadcrumb\",\"itemListElement\":[{\"@type\":\"ListItem\",\"position\":1,\"name\":\"Portada\",\"item\":\"https:\\\/\\\/aeeolica.org\\\/en\\\/inicio\\\/\"},{\"@type\":\"ListItem\",\"position\":2,\"name\":\"\u2018La Energ\u00eda de las Personas\u2019, el podcast con el que Capital Energy pone en valor la veta social diferencial de su proyecto renovable \u00a0\"}]},{\"@type\":\"WebSite\",\"@id\":\"https:\\\/\\\/aeeolica.org\\\/#website\",\"url\":\"https:\\\/\\\/aeeolica.org\\\/\",\"name\":\"Asociaci\u00f3n Empresarial E\u00f3lica\",\"description\":\"AEE Asociaci\u00f3n Empresarial E\u00f3lica\",\"publisher\":{\"@id\":\"https:\\\/\\\/aeeolica.org\\\/#organization\"},\"potentialAction\":[{\"@type\":\"SearchAction\",\"target\":{\"@type\":\"EntryPoint\",\"urlTemplate\":\"https:\\\/\\\/aeeolica.org\\\/?s={search_term_string}\"},\"query-input\":{\"@type\":\"PropertyValueSpecification\",\"valueRequired\":true,\"valueName\":\"search_term_string\"}}],\"inLanguage\":\"en-US\"},{\"@type\":\"Organization\",\"@id\":\"https:\\\/\\\/aeeolica.org\\\/#organization\",\"name\":\"Asociaci\u00f3n Empresarial E\u00f3lica\",\"url\":\"https:\\\/\\\/aeeolica.org\\\/\",\"logo\":{\"@type\":\"ImageObject\",\"inLanguage\":\"en-US\",\"@id\":\"https:\\\/\\\/aeeolica.org\\\/#\\\/schema\\\/logo\\\/image\\\/\",\"url\":\"https:\\\/\\\/aeeolica.org\\\/wp-content\\\/uploads\\\/2021\\\/08\\\/logo-aee.png\",\"contentUrl\":\"https:\\\/\\\/aeeolica.org\\\/wp-content\\\/uploads\\\/2021\\\/08\\\/logo-aee.png\",\"width\":180,\"height\":78,\"caption\":\"Asociaci\u00f3n Empresarial E\u00f3lica\"},\"image\":{\"@id\":\"https:\\\/\\\/aeeolica.org\\\/#\\\/schema\\\/logo\\\/image\\\/\"},\"sameAs\":[\"https:\\\/\\\/www.facebook.com\\\/aeeolica\",\"https:\\\/\\\/x.com\\\/aeeolica\",\"https:\\\/\\\/www.instagram.com\\\/aeeolica\\\/\",\"https:\\\/\\\/www.linkedin.com\\\/in\\\/aee-asociaci\u00f3n-empresarial-e\u00f3lica-6830946b\\\/\",\"https:\\\/\\\/www.youtube.com\\\/user\\\/AEEolica\"]},{\"@type\":\"Person\",\"@id\":\"https:\\\/\\\/aeeolica.org\\\/#\\\/schema\\\/person\\\/064b26f21f7ed52e0b3854e6b52f9772\",\"name\":\"Morante D\u00edaz, Mar\u00eda del Mar\",\"image\":{\"@type\":\"ImageObject\",\"inLanguage\":\"en-US\",\"@id\":\"https:\\\/\\\/secure.gravatar.com\\\/avatar\\\/8bfd23e1c4bf5aa0b9314f1c5c9d644e62672831e6a512513954c3f15dffdd5a?s=96&d=mm&r=g\",\"url\":\"https:\\\/\\\/secure.gravatar.com\\\/avatar\\\/8bfd23e1c4bf5aa0b9314f1c5c9d644e62672831e6a512513954c3f15dffdd5a?s=96&d=mm&r=g\",\"contentUrl\":\"https:\\\/\\\/secure.gravatar.com\\\/avatar\\\/8bfd23e1c4bf5aa0b9314f1c5c9d644e62672831e6a512513954c3f15dffdd5a?s=96&d=mm&r=g\",\"caption\":\"Morante D\u00edaz, Mar\u00eda del Mar\"},\"url\":\"https:\\\/\\\/aeeolica.org\\\/en\\\/author\\\/mar\\\/\"}]}<\/script>\n<!-- \/ Yoast SEO plugin. -->","yoast_head_json":{"title":"\u2018La Energ\u00eda de las Personas\u2019, el podcast con el que Capital Energy pone en valor la veta social diferencial de su proyecto renovable \u00a0 - Asociaci\u00f3n Empresarial E\u00f3lica","robots":{"index":"index","follow":"follow","max-snippet":"max-snippet:-1","max-image-preview":"max-image-preview:large","max-video-preview":"max-video-preview:-1"},"canonical":"https:\/\/aeeolica.org\/la-energia-de-las-personas-el-podcast-con-el-que-capital-energy-pone-en-valor-la-veta-social-diferencial-de-su-proyecto-renovable\/","og_locale":"en_US","og_type":"article","og_title":"\u2018La Energ\u00eda de las Personas\u2019, el podcast con el que Capital Energy pone en valor la veta social diferencial de su proyecto renovable \u00a0 - Asociaci\u00f3n Empresarial E\u00f3lica","og_description":"Mediante este nuevo formato comunicativo en auge, y a trav\u00e9s de una serie de cap\u00edtulos mensuales de entre 20 y 30 minutos de duraci\u00f3n, la compa\u00f1\u00eda persigue llevar a los [&hellip;]","og_url":"https:\/\/aeeolica.org\/la-energia-de-las-personas-el-podcast-con-el-que-capital-energy-pone-en-valor-la-veta-social-diferencial-de-su-proyecto-renovable\/","og_site_name":"Asociaci\u00f3n Empresarial E\u00f3lica","article_publisher":"https:\/\/www.facebook.com\/aeeolica","article_published_time":"2022-09-26T17:37:22+00:00","article_modified_time":"2022-09-26T17:37:25+00:00","og_image":[{"url":"https:\/\/aeeolica.org\/wp-content\/uploads\/2022\/09\/El-parque-eolico-de-Capital-Energy-Las-Tadeas-en-Paredes-de-Nava-Palencia-1024x576.jpg","type":"","width":"","height":""}],"author":"Morante D\u00edaz, Mar\u00eda del Mar","twitter_card":"summary_large_image","twitter_creator":"@aeeolica","twitter_site":"@aeeolica","twitter_misc":{"Written by":"Morante D\u00edaz, Mar\u00eda del Mar","Est. reading time":"3 minutes"},"schema":{"@context":"https:\/\/schema.org","@graph":[{"@type":"Article","@id":"https:\/\/aeeolica.org\/la-energia-de-las-personas-el-podcast-con-el-que-capital-energy-pone-en-valor-la-veta-social-diferencial-de-su-proyecto-renovable\/#article","isPartOf":{"@id":"https:\/\/aeeolica.org\/la-energia-de-las-personas-el-podcast-con-el-que-capital-energy-pone-en-valor-la-veta-social-diferencial-de-su-proyecto-renovable\/"},"author":{"name":"Morante D\u00edaz, Mar\u00eda del Mar","@id":"https:\/\/aeeolica.org\/#\/schema\/person\/064b26f21f7ed52e0b3854e6b52f9772"},"headline":"\u2018La Energ\u00eda de las Personas\u2019, el podcast con el que Capital Energy pone en valor la veta social diferencial de su proyecto renovable \u00a0","datePublished":"2022-09-26T17:37:22+00:00","dateModified":"2022-09-26T17:37:25+00:00","mainEntityOfPage":{"@id":"https:\/\/aeeolica.org\/la-energia-de-las-personas-el-podcast-con-el-que-capital-energy-pone-en-valor-la-veta-social-diferencial-de-su-proyecto-renovable\/"},"wordCount":610,"commentCount":2,"publisher":{"@id":"https:\/\/aeeolica.org\/#organization"},"image":{"@id":"https:\/\/aeeolica.org\/la-energia-de-las-personas-el-podcast-con-el-que-capital-energy-pone-en-valor-la-veta-social-diferencial-de-su-proyecto-renovable\/#primaryimage"},"thumbnailUrl":"https:\/\/aeeolica.org\/wp-content\/uploads\/2022\/09\/El-parque-eolico-de-Capital-Energy-Las-Tadeas-en-Paredes-de-Nava-Palencia-1024x576.jpg","articleSection":["Newsletter Julio 2022"],"inLanguage":"en-US","potentialAction":[{"@type":"CommentAction","name":"Comment","target":["https:\/\/aeeolica.org\/la-energia-de-las-personas-el-podcast-con-el-que-capital-energy-pone-en-valor-la-veta-social-diferencial-de-su-proyecto-renovable\/#respond"]}]},{"@type":"WebPage","@id":"https:\/\/aeeolica.org\/la-energia-de-las-personas-el-podcast-con-el-que-capital-energy-pone-en-valor-la-veta-social-diferencial-de-su-proyecto-renovable\/","url":"https:\/\/aeeolica.org\/la-energia-de-las-personas-el-podcast-con-el-que-capital-energy-pone-en-valor-la-veta-social-diferencial-de-su-proyecto-renovable\/","name":"\u2018La Energ\u00eda de las Personas\u2019, el podcast con el que Capital Energy pone en valor la veta social diferencial de su proyecto renovable \u00a0 - Asociaci\u00f3n Empresarial E\u00f3lica","isPartOf":{"@id":"https:\/\/aeeolica.org\/#website"},"primaryImageOfPage":{"@id":"https:\/\/aeeolica.org\/la-energia-de-las-personas-el-podcast-con-el-que-capital-energy-pone-en-valor-la-veta-social-diferencial-de-su-proyecto-renovable\/#primaryimage"},"image":{"@id":"https:\/\/aeeolica.org\/la-energia-de-las-personas-el-podcast-con-el-que-capital-energy-pone-en-valor-la-veta-social-diferencial-de-su-proyecto-renovable\/#primaryimage"},"thumbnailUrl":"https:\/\/aeeolica.org\/wp-content\/uploads\/2022\/09\/El-parque-eolico-de-Capital-Energy-Las-Tadeas-en-Paredes-de-Nava-Palencia-1024x576.jpg","datePublished":"2022-09-26T17:37:22+00:00","dateModified":"2022-09-26T17:37:25+00:00","breadcrumb":{"@id":"https:\/\/aeeolica.org\/la-energia-de-las-personas-el-podcast-con-el-que-capital-energy-pone-en-valor-la-veta-social-diferencial-de-su-proyecto-renovable\/#breadcrumb"},"inLanguage":"en-US","potentialAction":[{"@type":"ReadAction","target":["https:\/\/aeeolica.org\/la-energia-de-las-personas-el-podcast-con-el-que-capital-energy-pone-en-valor-la-veta-social-diferencial-de-su-proyecto-renovable\/"]}]},{"@type":"ImageObject","inLanguage":"en-US","@id":"https:\/\/aeeolica.org\/la-energia-de-las-personas-el-podcast-con-el-que-capital-energy-pone-en-valor-la-veta-social-diferencial-de-su-proyecto-renovable\/#primaryimage","url":"https:\/\/aeeolica.org\/wp-content\/uploads\/2022\/09\/El-parque-eolico-de-Capital-Energy-Las-Tadeas-en-Paredes-de-Nava-Palencia-1024x576.jpg","contentUrl":"https:\/\/aeeolica.org\/wp-content\/uploads\/2022\/09\/El-parque-eolico-de-Capital-Energy-Las-Tadeas-en-Paredes-de-Nava-Palencia-1024x576.jpg"},{"@type":"BreadcrumbList","@id":"https:\/\/aeeolica.org\/la-energia-de-las-personas-el-podcast-con-el-que-capital-energy-pone-en-valor-la-veta-social-diferencial-de-su-proyecto-renovable\/#breadcrumb","itemListElement":[{"@type":"ListItem","position":1,"name":"Portada","item":"https:\/\/aeeolica.org\/en\/inicio\/"},{"@type":"ListItem","position":2,"name":"\u2018La Energ\u00eda de las Personas\u2019, el podcast con el que Capital Energy pone en valor la veta social diferencial de su proyecto renovable \u00a0"}]},{"@type":"WebSite","@id":"https:\/\/aeeolica.org\/#website","url":"https:\/\/aeeolica.org\/","name":"Asociaci\u00f3n Empresarial E\u00f3lica","description":"AEE Asociaci\u00f3n Empresarial E\u00f3lica","publisher":{"@id":"https:\/\/aeeolica.org\/#organization"},"potentialAction":[{"@type":"SearchAction","target":{"@type":"EntryPoint","urlTemplate":"https:\/\/aeeolica.org\/?s={search_term_string}"},"query-input":{"@type":"PropertyValueSpecification","valueRequired":true,"valueName":"search_term_string"}}],"inLanguage":"en-US"},{"@type":"Organization","@id":"https:\/\/aeeolica.org\/#organization","name":"Asociaci\u00f3n Empresarial E\u00f3lica","url":"https:\/\/aeeolica.org\/","logo":{"@type":"ImageObject","inLanguage":"en-US","@id":"https:\/\/aeeolica.org\/#\/schema\/logo\/image\/","url":"https:\/\/aeeolica.org\/wp-content\/uploads\/2021\/08\/logo-aee.png","contentUrl":"https:\/\/aeeolica.org\/wp-content\/uploads\/2021\/08\/logo-aee.png","width":180,"height":78,"caption":"Asociaci\u00f3n Empresarial E\u00f3lica"},"image":{"@id":"https:\/\/aeeolica.org\/#\/schema\/logo\/image\/"},"sameAs":["https:\/\/www.facebook.com\/aeeolica","https:\/\/x.com\/aeeolica","https:\/\/www.instagram.com\/aeeolica\/","https:\/\/www.linkedin.com\/in\/aee-asociaci\u00f3n-empresarial-e\u00f3lica-6830946b\/","https:\/\/www.youtube.com\/user\/AEEolica"]},{"@type":"Person","@id":"https:\/\/aeeolica.org\/#\/schema\/person\/064b26f21f7ed52e0b3854e6b52f9772","name":"Morante D\u00edaz, Mar\u00eda del Mar","image":{"@type":"ImageObject","inLanguage":"en-US","@id":"https:\/\/secure.gravatar.com\/avatar\/8bfd23e1c4bf5aa0b9314f1c5c9d644e62672831e6a512513954c3f15dffdd5a?s=96&d=mm&r=g","url":"https:\/\/secure.gravatar.com\/avatar\/8bfd23e1c4bf5aa0b9314f1c5c9d644e62672831e6a512513954c3f15dffdd5a?s=96&d=mm&r=g","contentUrl":"https:\/\/secure.gravatar.com\/avatar\/8bfd23e1c4bf5aa0b9314f1c5c9d644e62672831e6a512513954c3f15dffdd5a?s=96&d=mm&r=g","caption":"Morante D\u00edaz, Mar\u00eda del Mar"},"url":"https:\/\/aeeolica.org\/en\/author\/mar\/"}]}},"_links":{"self":[{"href":"https:\/\/aeeolica.org\/en\/wp-json\/wp\/v2\/posts\/62780","targetHints":{"allow":["GET"]}}],"collection":[{"href":"https:\/\/aeeolica.org\/en\/wp-json\/wp\/v2\/posts"}],"about":[{"href":"https:\/\/aeeolica.org\/en\/wp-json\/wp\/v2\/types\/post"}],"author":[{"embeddable":true,"href":"https:\/\/aeeolica.org\/en\/wp-json\/wp\/v2\/users\/2"}],"replies":[{"embeddable":true,"href":"https:\/\/aeeolica.org\/en\/wp-json\/wp\/v2\/comments?post=62780"}],"version-history":[{"count":0,"href":"https:\/\/aeeolica.org\/en\/wp-json\/wp\/v2\/posts\/62780\/revisions"}],"wp:attachment":[{"href":"https:\/\/aeeolica.org\/en\/wp-json\/wp\/v2\/media?parent=62780"}],"wp:term":[{"taxonomy":"category","embeddable":true,"href":"https:\/\/aeeolica.org\/en\/wp-json\/wp\/v2\/categories?post=62780"},{"taxonomy":"post_tag","embeddable":true,"href":"https:\/\/aeeolica.org\/en\/wp-json\/wp\/v2\/tags?post=62780"}],"curies":[{"name":"wp","href":"https:\/\/api.w.org\/{rel}","templated":true}]}}