{"id":62784,"date":"2022-09-26T19:41:07","date_gmt":"2022-09-26T17:41:07","guid":{"rendered":"https:\/\/aeeolica.org\/?p=62784"},"modified":"2022-09-26T19:41:10","modified_gmt":"2022-09-26T17:41:10","slug":"vestas-recibe-un-pedido-de-104-mw-en-espana-para-el-aerogenerador-v150-4-5-mw","status":"publish","type":"post","link":"https:\/\/aeeolica.org\/en\/vestas-recibe-un-pedido-de-104-mw-en-espana-para-el-aerogenerador-v150-4-5-mw\/","title":{"rendered":"Vestas recibe un pedido de 104 MW en Espa\u00f1a para el aerogenerador V150 &#8211; 4.5 MW \u00a0"},"content":{"rendered":"\n<p>Vestas ha recibido un pedido de 104 MW para el parque e\u00f3lico Pinta y Guindalera, que se construir\u00e1 en Valladolid, Castilla y Le\u00f3n. El contrato incluye el suministro e instalaci\u00f3n de 23 aerogeneradores V150-4.5 MW, as\u00ed como un acuerdo de mantenimiento Active Output Management 4000 (AOM 4000) para los pr\u00f3ximos 10 a\u00f1os.<\/p>\n\n\n\n<p>El pedido ha sido realizado por Estudios y Proyectos Pradamap, SLU (Grupo Vapat). La compa\u00f1\u00eda ha desarrollado 650 MW de parques e\u00f3licos en Espa\u00f1a, todos ellos actualmente en funcionamiento. De manera paralela, Grupo Vapat est\u00e1 desarrollando 1.000 MW de capacidad renovable adicional en el pa\u00eds.<\/p>\n\n\n\n<p>Dando continuidad al \u00e9xito comercial del aerogenerador V150-4.2 MW, el modelo V150-4.5 MW\u2122 ofrece un aumento de m\u00e1s del 3 por ciento en la producci\u00f3n anual de energ\u00eda en comparaci\u00f3n con la variante anterior.<\/p>\n\n\n\n<p>\u201c<em>Queremos agradecer a Pradamap (Grupo Vapat) la confianza depositada en la plataforma de 4 MW de Vestas y en uno de sus \u00faltimos modelos. Su tecnolog\u00eda full converter proporciona a nuestros clientes la fiabilidad que necesitan para operar en la red espa\u00f1ola, marcada por una participaci\u00f3n cada vez mayor de fuentes de energ\u00eda renovables<\/em>\u201d, afirma Agust\u00edn S\u00e1nchez-Tembleque, director general de Vestas Espa\u00f1a y Portugal.<\/p>\n\n\n\n<p>La entrega y puesta en marcha de los aerogeneradores est\u00e1 prevista para 2023.<\/p>\n\n\n\n<p>El proyecto tambi\u00e9n se beneficiar\u00e1 de la fuerte presencia de Vestas en Espa\u00f1a. La compa\u00f1\u00eda fabrica palas V150 en su f\u00e1brica de Daimiel (Ciudad Real), tanto para la de 4 MW como para la plataforma EnVentus.<\/p>\n\n\n\n<p><strong>Vestas alcanza los 5 GW de capacidad instalada en Espa\u00f1a<\/strong><\/p>\n\n\n\n<p>Vestas alcanz\u00f3 este mes de agosto los 5 GW de capacidad e\u00f3lica instalada en Espa\u00f1a. La compa\u00f1\u00eda cuenta con m\u00e1s de 2.300 empleados en nuestro pa\u00eds. Su f\u00e1brica de palas e\u00f3licas en Daimiel (Ciudad Real) produce cuatro modelos de palas para las plataformas de 4 MW y EnVentus para el mercando nacional e internacional. Cuenta adem\u00e1s con catorce centros de Operaci\u00f3n y Mantenimiento en Espa\u00f1a que dan servicio a 6.4 GW de capacidad e\u00f3lica.<\/p>\n\n\n\n<p>Vestas busca desempe\u00f1ar un papel fundamental en la transici\u00f3n energ\u00e9tica espa\u00f1ola durante las pr\u00f3ximas d\u00e9cadas.<\/p>\n\n\n\n<p><strong>Sobre Vestas<\/strong><\/p>\n\n\n\n<p>Vestas es la compa\u00f1\u00eda global l\u00edder en energ\u00eda e\u00f3lica con m\u00e1s de 29.000 empleados en todo el mundo. Vestas dise\u00f1a, fabrica, instala y mantiene aerogeneradores. Con m\u00e1s de 157 GW de capacidad en 88 pa\u00edses, Vestas ha instalado m\u00e1s capacidad e\u00f3lica que ning\u00fan otro fabricante.<\/p>\n\n\n\n<p>Vestas est\u00e1 presente en Espa\u00f1a desde 1989, donde tiene m\u00e1s de 5 GW instalados en 132 parques e\u00f3licos. La compa\u00f1\u00eda tiene oficinas en Madrid, donde se encuentra la sede de la unidad de negocio de Vestas Mediterranean, que cubre el Sur de Europa, \u00c1frica y Oriente Medio. Asimismo, cuenta con catorce centros de Operaci\u00f3n y Mantenimiento y 600 t\u00e9cnicos que dan servicio a m\u00e1s de 6 GW e\u00f3licos en el pa\u00eds, tanto de Vestas como de otros fabricantes. For updated Vestas photographs and videos, please visit our media images page on:\u00a0<a href=\"https:\/\/www.vestas.com\/en\/media\/images\">https:\/\/www.vestas.com\/en\/media\/images<\/a>.<\/p>\n\n\n\n<figure class=\"wp-block-image size-large\"><img decoding=\"async\" width=\"1024\" height=\"683\" src=\"https:\/\/aeeolica.org\/wp-content\/uploads\/2022\/09\/V150-4.2-MW-1-1024x683.jpg\" alt=\"\" class=\"wp-image-62785\" srcset=\"https:\/\/aeeolica.org\/wp-content\/uploads\/2022\/09\/V150-4.2-MW-1-980x653.jpg 980w, https:\/\/aeeolica.org\/wp-content\/uploads\/2022\/09\/V150-4.2-MW-1-480x320.jpg 480w\" sizes=\"(min-width: 0px) and (max-width: 480px) 480px, (min-width: 481px) and (max-width: 980px) 980px, (min-width: 981px) 1024px, 100vw\" \/><figcaption>Vestas V150, \u00d8sterild Denmark<\/figcaption><\/figure>\n","protected":false},"excerpt":{"rendered":"<p>Vestas ha recibido un pedido de 104 MW para el parque e\u00f3lico Pinta y Guindalera, que se construir\u00e1 en Valladolid, Castilla y Le\u00f3n. El contrato incluye el suministro e instalaci\u00f3n [&hellip;]<\/p>\n","protected":false},"author":2,"featured_media":0,"comment_status":"open","ping_status":"open","sticky":false,"template":"","format":"standard","meta":{"_acf_changed":false,"_bbp_topic_count":0,"_bbp_reply_count":0,"_bbp_total_topic_count":0,"_bbp_total_reply_count":0,"_bbp_voice_count":0,"_bbp_anonymous_reply_count":0,"_bbp_topic_count_hidden":0,"_bbp_reply_count_hidden":0,"_bbp_forum_subforum_count":0,"_et_pb_use_builder":"","_et_pb_old_content":"","_et_gb_content_width":"","footnotes":""},"categories":[438],"tags":[],"class_list":["post-62784","post","type-post","status-publish","format-standard","hentry","category-newsletter-julio-2022"],"acf":[],"yoast_head":"<!-- This site is optimized with the Yoast SEO plugin v27.4 - https:\/\/yoast.com\/product\/yoast-seo-wordpress\/ -->\n<title>Vestas recibe un pedido de 104 MW en Espa\u00f1a para el aerogenerador V150 - 4.5 MW \u00a0 - Asociaci\u00f3n Empresarial E\u00f3lica<\/title>\n<meta name=\"robots\" content=\"index, follow, max-snippet:-1, max-image-preview:large, max-video-preview:-1\" \/>\n<link rel=\"canonical\" href=\"https:\/\/aeeolica.org\/vestas-recibe-un-pedido-de-104-mw-en-espana-para-el-aerogenerador-v150-4-5-mw\/\" \/>\n<meta property=\"og:locale\" content=\"en_US\" \/>\n<meta property=\"og:type\" content=\"article\" \/>\n<meta property=\"og:title\" content=\"Vestas recibe un pedido de 104 MW en Espa\u00f1a para el aerogenerador V150 - 4.5 MW \u00a0 - Asociaci\u00f3n Empresarial E\u00f3lica\" \/>\n<meta property=\"og:description\" content=\"Vestas ha recibido un pedido de 104 MW para el parque e\u00f3lico Pinta y Guindalera, que se construir\u00e1 en Valladolid, Castilla y Le\u00f3n. El contrato incluye el suministro e instalaci\u00f3n [&hellip;]\" \/>\n<meta property=\"og:url\" content=\"https:\/\/aeeolica.org\/vestas-recibe-un-pedido-de-104-mw-en-espana-para-el-aerogenerador-v150-4-5-mw\/\" \/>\n<meta property=\"og:site_name\" content=\"Asociaci\u00f3n Empresarial E\u00f3lica\" \/>\n<meta property=\"article:publisher\" content=\"https:\/\/www.facebook.com\/aeeolica\" \/>\n<meta property=\"article:published_time\" content=\"2022-09-26T17:41:07+00:00\" \/>\n<meta property=\"article:modified_time\" content=\"2022-09-26T17:41:10+00:00\" \/>\n<meta property=\"og:image\" content=\"https:\/\/aeeolica.org\/wp-content\/uploads\/2022\/09\/V150-4.2-MW-1-1024x683.jpg\" \/>\n<meta name=\"author\" content=\"Morante D\u00edaz, Mar\u00eda del Mar\" \/>\n<meta name=\"twitter:card\" content=\"summary_large_image\" \/>\n<meta name=\"twitter:creator\" content=\"@aeeolica\" \/>\n<meta name=\"twitter:site\" content=\"@aeeolica\" \/>\n<meta name=\"twitter:label1\" content=\"Written by\" \/>\n\t<meta name=\"twitter:data1\" content=\"Morante D\u00edaz, Mar\u00eda del Mar\" \/>\n\t<meta name=\"twitter:label2\" content=\"Est. reading time\" \/>\n\t<meta name=\"twitter:data2\" content=\"3 minutes\" \/>\n<script type=\"application\/ld+json\" class=\"yoast-schema-graph\">{\"@context\":\"https:\\\/\\\/schema.org\",\"@graph\":[{\"@type\":\"Article\",\"@id\":\"https:\\\/\\\/aeeolica.org\\\/vestas-recibe-un-pedido-de-104-mw-en-espana-para-el-aerogenerador-v150-4-5-mw\\\/#article\",\"isPartOf\":{\"@id\":\"https:\\\/\\\/aeeolica.org\\\/vestas-recibe-un-pedido-de-104-mw-en-espana-para-el-aerogenerador-v150-4-5-mw\\\/\"},\"author\":{\"name\":\"Morante D\u00edaz, Mar\u00eda del Mar\",\"@id\":\"https:\\\/\\\/aeeolica.org\\\/#\\\/schema\\\/person\\\/064b26f21f7ed52e0b3854e6b52f9772\"},\"headline\":\"Vestas recibe un pedido de 104 MW en Espa\u00f1a para el aerogenerador V150 &#8211; 4.5 MW \u00a0\",\"datePublished\":\"2022-09-26T17:41:07+00:00\",\"dateModified\":\"2022-09-26T17:41:10+00:00\",\"mainEntityOfPage\":{\"@id\":\"https:\\\/\\\/aeeolica.org\\\/vestas-recibe-un-pedido-de-104-mw-en-espana-para-el-aerogenerador-v150-4-5-mw\\\/\"},\"wordCount\":548,\"commentCount\":2,\"publisher\":{\"@id\":\"https:\\\/\\\/aeeolica.org\\\/#organization\"},\"image\":{\"@id\":\"https:\\\/\\\/aeeolica.org\\\/vestas-recibe-un-pedido-de-104-mw-en-espana-para-el-aerogenerador-v150-4-5-mw\\\/#primaryimage\"},\"thumbnailUrl\":\"https:\\\/\\\/aeeolica.org\\\/wp-content\\\/uploads\\\/2022\\\/09\\\/V150-4.2-MW-1-1024x683.jpg\",\"articleSection\":[\"Newsletter Julio 2022\"],\"inLanguage\":\"en-US\",\"potentialAction\":[{\"@type\":\"CommentAction\",\"name\":\"Comment\",\"target\":[\"https:\\\/\\\/aeeolica.org\\\/vestas-recibe-un-pedido-de-104-mw-en-espana-para-el-aerogenerador-v150-4-5-mw\\\/#respond\"]}]},{\"@type\":\"WebPage\",\"@id\":\"https:\\\/\\\/aeeolica.org\\\/vestas-recibe-un-pedido-de-104-mw-en-espana-para-el-aerogenerador-v150-4-5-mw\\\/\",\"url\":\"https:\\\/\\\/aeeolica.org\\\/vestas-recibe-un-pedido-de-104-mw-en-espana-para-el-aerogenerador-v150-4-5-mw\\\/\",\"name\":\"Vestas recibe un pedido de 104 MW en Espa\u00f1a para el aerogenerador V150 - 4.5 MW \u00a0 - Asociaci\u00f3n Empresarial E\u00f3lica\",\"isPartOf\":{\"@id\":\"https:\\\/\\\/aeeolica.org\\\/#website\"},\"primaryImageOfPage\":{\"@id\":\"https:\\\/\\\/aeeolica.org\\\/vestas-recibe-un-pedido-de-104-mw-en-espana-para-el-aerogenerador-v150-4-5-mw\\\/#primaryimage\"},\"image\":{\"@id\":\"https:\\\/\\\/aeeolica.org\\\/vestas-recibe-un-pedido-de-104-mw-en-espana-para-el-aerogenerador-v150-4-5-mw\\\/#primaryimage\"},\"thumbnailUrl\":\"https:\\\/\\\/aeeolica.org\\\/wp-content\\\/uploads\\\/2022\\\/09\\\/V150-4.2-MW-1-1024x683.jpg\",\"datePublished\":\"2022-09-26T17:41:07+00:00\",\"dateModified\":\"2022-09-26T17:41:10+00:00\",\"breadcrumb\":{\"@id\":\"https:\\\/\\\/aeeolica.org\\\/vestas-recibe-un-pedido-de-104-mw-en-espana-para-el-aerogenerador-v150-4-5-mw\\\/#breadcrumb\"},\"inLanguage\":\"en-US\",\"potentialAction\":[{\"@type\":\"ReadAction\",\"target\":[\"https:\\\/\\\/aeeolica.org\\\/vestas-recibe-un-pedido-de-104-mw-en-espana-para-el-aerogenerador-v150-4-5-mw\\\/\"]}]},{\"@type\":\"ImageObject\",\"inLanguage\":\"en-US\",\"@id\":\"https:\\\/\\\/aeeolica.org\\\/vestas-recibe-un-pedido-de-104-mw-en-espana-para-el-aerogenerador-v150-4-5-mw\\\/#primaryimage\",\"url\":\"https:\\\/\\\/aeeolica.org\\\/wp-content\\\/uploads\\\/2022\\\/09\\\/V150-4.2-MW-1-1024x683.jpg\",\"contentUrl\":\"https:\\\/\\\/aeeolica.org\\\/wp-content\\\/uploads\\\/2022\\\/09\\\/V150-4.2-MW-1-1024x683.jpg\"},{\"@type\":\"BreadcrumbList\",\"@id\":\"https:\\\/\\\/aeeolica.org\\\/vestas-recibe-un-pedido-de-104-mw-en-espana-para-el-aerogenerador-v150-4-5-mw\\\/#breadcrumb\",\"itemListElement\":[{\"@type\":\"ListItem\",\"position\":1,\"name\":\"Portada\",\"item\":\"https:\\\/\\\/aeeolica.org\\\/en\\\/inicio\\\/\"},{\"@type\":\"ListItem\",\"position\":2,\"name\":\"Vestas recibe un pedido de 104 MW en Espa\u00f1a para el aerogenerador V150 &#8211; 4.5 MW \u00a0\"}]},{\"@type\":\"WebSite\",\"@id\":\"https:\\\/\\\/aeeolica.org\\\/#website\",\"url\":\"https:\\\/\\\/aeeolica.org\\\/\",\"name\":\"Asociaci\u00f3n Empresarial E\u00f3lica\",\"description\":\"AEE Asociaci\u00f3n Empresarial E\u00f3lica\",\"publisher\":{\"@id\":\"https:\\\/\\\/aeeolica.org\\\/#organization\"},\"potentialAction\":[{\"@type\":\"SearchAction\",\"target\":{\"@type\":\"EntryPoint\",\"urlTemplate\":\"https:\\\/\\\/aeeolica.org\\\/?s={search_term_string}\"},\"query-input\":{\"@type\":\"PropertyValueSpecification\",\"valueRequired\":true,\"valueName\":\"search_term_string\"}}],\"inLanguage\":\"en-US\"},{\"@type\":\"Organization\",\"@id\":\"https:\\\/\\\/aeeolica.org\\\/#organization\",\"name\":\"Asociaci\u00f3n Empresarial E\u00f3lica\",\"url\":\"https:\\\/\\\/aeeolica.org\\\/\",\"logo\":{\"@type\":\"ImageObject\",\"inLanguage\":\"en-US\",\"@id\":\"https:\\\/\\\/aeeolica.org\\\/#\\\/schema\\\/logo\\\/image\\\/\",\"url\":\"https:\\\/\\\/aeeolica.org\\\/wp-content\\\/uploads\\\/2021\\\/08\\\/logo-aee.png\",\"contentUrl\":\"https:\\\/\\\/aeeolica.org\\\/wp-content\\\/uploads\\\/2021\\\/08\\\/logo-aee.png\",\"width\":180,\"height\":78,\"caption\":\"Asociaci\u00f3n Empresarial E\u00f3lica\"},\"image\":{\"@id\":\"https:\\\/\\\/aeeolica.org\\\/#\\\/schema\\\/logo\\\/image\\\/\"},\"sameAs\":[\"https:\\\/\\\/www.facebook.com\\\/aeeolica\",\"https:\\\/\\\/x.com\\\/aeeolica\",\"https:\\\/\\\/www.instagram.com\\\/aeeolica\\\/\",\"https:\\\/\\\/www.linkedin.com\\\/in\\\/aee-asociaci\u00f3n-empresarial-e\u00f3lica-6830946b\\\/\",\"https:\\\/\\\/www.youtube.com\\\/user\\\/AEEolica\"]},{\"@type\":\"Person\",\"@id\":\"https:\\\/\\\/aeeolica.org\\\/#\\\/schema\\\/person\\\/064b26f21f7ed52e0b3854e6b52f9772\",\"name\":\"Morante D\u00edaz, Mar\u00eda del Mar\",\"image\":{\"@type\":\"ImageObject\",\"inLanguage\":\"en-US\",\"@id\":\"https:\\\/\\\/secure.gravatar.com\\\/avatar\\\/8bfd23e1c4bf5aa0b9314f1c5c9d644e62672831e6a512513954c3f15dffdd5a?s=96&d=mm&r=g\",\"url\":\"https:\\\/\\\/secure.gravatar.com\\\/avatar\\\/8bfd23e1c4bf5aa0b9314f1c5c9d644e62672831e6a512513954c3f15dffdd5a?s=96&d=mm&r=g\",\"contentUrl\":\"https:\\\/\\\/secure.gravatar.com\\\/avatar\\\/8bfd23e1c4bf5aa0b9314f1c5c9d644e62672831e6a512513954c3f15dffdd5a?s=96&d=mm&r=g\",\"caption\":\"Morante D\u00edaz, Mar\u00eda del Mar\"},\"url\":\"https:\\\/\\\/aeeolica.org\\\/en\\\/author\\\/mar\\\/\"}]}<\/script>\n<!-- \/ Yoast SEO plugin. -->","yoast_head_json":{"title":"Vestas recibe un pedido de 104 MW en Espa\u00f1a para el aerogenerador V150 - 4.5 MW \u00a0 - Asociaci\u00f3n Empresarial E\u00f3lica","robots":{"index":"index","follow":"follow","max-snippet":"max-snippet:-1","max-image-preview":"max-image-preview:large","max-video-preview":"max-video-preview:-1"},"canonical":"https:\/\/aeeolica.org\/vestas-recibe-un-pedido-de-104-mw-en-espana-para-el-aerogenerador-v150-4-5-mw\/","og_locale":"en_US","og_type":"article","og_title":"Vestas recibe un pedido de 104 MW en Espa\u00f1a para el aerogenerador V150 - 4.5 MW \u00a0 - Asociaci\u00f3n Empresarial E\u00f3lica","og_description":"Vestas ha recibido un pedido de 104 MW para el parque e\u00f3lico Pinta y Guindalera, que se construir\u00e1 en Valladolid, Castilla y Le\u00f3n. El contrato incluye el suministro e instalaci\u00f3n [&hellip;]","og_url":"https:\/\/aeeolica.org\/vestas-recibe-un-pedido-de-104-mw-en-espana-para-el-aerogenerador-v150-4-5-mw\/","og_site_name":"Asociaci\u00f3n Empresarial E\u00f3lica","article_publisher":"https:\/\/www.facebook.com\/aeeolica","article_published_time":"2022-09-26T17:41:07+00:00","article_modified_time":"2022-09-26T17:41:10+00:00","og_image":[{"url":"https:\/\/aeeolica.org\/wp-content\/uploads\/2022\/09\/V150-4.2-MW-1-1024x683.jpg","type":"","width":"","height":""}],"author":"Morante D\u00edaz, Mar\u00eda del Mar","twitter_card":"summary_large_image","twitter_creator":"@aeeolica","twitter_site":"@aeeolica","twitter_misc":{"Written by":"Morante D\u00edaz, Mar\u00eda del Mar","Est. reading time":"3 minutes"},"schema":{"@context":"https:\/\/schema.org","@graph":[{"@type":"Article","@id":"https:\/\/aeeolica.org\/vestas-recibe-un-pedido-de-104-mw-en-espana-para-el-aerogenerador-v150-4-5-mw\/#article","isPartOf":{"@id":"https:\/\/aeeolica.org\/vestas-recibe-un-pedido-de-104-mw-en-espana-para-el-aerogenerador-v150-4-5-mw\/"},"author":{"name":"Morante D\u00edaz, Mar\u00eda del Mar","@id":"https:\/\/aeeolica.org\/#\/schema\/person\/064b26f21f7ed52e0b3854e6b52f9772"},"headline":"Vestas recibe un pedido de 104 MW en Espa\u00f1a para el aerogenerador V150 &#8211; 4.5 MW \u00a0","datePublished":"2022-09-26T17:41:07+00:00","dateModified":"2022-09-26T17:41:10+00:00","mainEntityOfPage":{"@id":"https:\/\/aeeolica.org\/vestas-recibe-un-pedido-de-104-mw-en-espana-para-el-aerogenerador-v150-4-5-mw\/"},"wordCount":548,"commentCount":2,"publisher":{"@id":"https:\/\/aeeolica.org\/#organization"},"image":{"@id":"https:\/\/aeeolica.org\/vestas-recibe-un-pedido-de-104-mw-en-espana-para-el-aerogenerador-v150-4-5-mw\/#primaryimage"},"thumbnailUrl":"https:\/\/aeeolica.org\/wp-content\/uploads\/2022\/09\/V150-4.2-MW-1-1024x683.jpg","articleSection":["Newsletter Julio 2022"],"inLanguage":"en-US","potentialAction":[{"@type":"CommentAction","name":"Comment","target":["https:\/\/aeeolica.org\/vestas-recibe-un-pedido-de-104-mw-en-espana-para-el-aerogenerador-v150-4-5-mw\/#respond"]}]},{"@type":"WebPage","@id":"https:\/\/aeeolica.org\/vestas-recibe-un-pedido-de-104-mw-en-espana-para-el-aerogenerador-v150-4-5-mw\/","url":"https:\/\/aeeolica.org\/vestas-recibe-un-pedido-de-104-mw-en-espana-para-el-aerogenerador-v150-4-5-mw\/","name":"Vestas recibe un pedido de 104 MW en Espa\u00f1a para el aerogenerador V150 - 4.5 MW \u00a0 - Asociaci\u00f3n Empresarial E\u00f3lica","isPartOf":{"@id":"https:\/\/aeeolica.org\/#website"},"primaryImageOfPage":{"@id":"https:\/\/aeeolica.org\/vestas-recibe-un-pedido-de-104-mw-en-espana-para-el-aerogenerador-v150-4-5-mw\/#primaryimage"},"image":{"@id":"https:\/\/aeeolica.org\/vestas-recibe-un-pedido-de-104-mw-en-espana-para-el-aerogenerador-v150-4-5-mw\/#primaryimage"},"thumbnailUrl":"https:\/\/aeeolica.org\/wp-content\/uploads\/2022\/09\/V150-4.2-MW-1-1024x683.jpg","datePublished":"2022-09-26T17:41:07+00:00","dateModified":"2022-09-26T17:41:10+00:00","breadcrumb":{"@id":"https:\/\/aeeolica.org\/vestas-recibe-un-pedido-de-104-mw-en-espana-para-el-aerogenerador-v150-4-5-mw\/#breadcrumb"},"inLanguage":"en-US","potentialAction":[{"@type":"ReadAction","target":["https:\/\/aeeolica.org\/vestas-recibe-un-pedido-de-104-mw-en-espana-para-el-aerogenerador-v150-4-5-mw\/"]}]},{"@type":"ImageObject","inLanguage":"en-US","@id":"https:\/\/aeeolica.org\/vestas-recibe-un-pedido-de-104-mw-en-espana-para-el-aerogenerador-v150-4-5-mw\/#primaryimage","url":"https:\/\/aeeolica.org\/wp-content\/uploads\/2022\/09\/V150-4.2-MW-1-1024x683.jpg","contentUrl":"https:\/\/aeeolica.org\/wp-content\/uploads\/2022\/09\/V150-4.2-MW-1-1024x683.jpg"},{"@type":"BreadcrumbList","@id":"https:\/\/aeeolica.org\/vestas-recibe-un-pedido-de-104-mw-en-espana-para-el-aerogenerador-v150-4-5-mw\/#breadcrumb","itemListElement":[{"@type":"ListItem","position":1,"name":"Portada","item":"https:\/\/aeeolica.org\/en\/inicio\/"},{"@type":"ListItem","position":2,"name":"Vestas recibe un pedido de 104 MW en Espa\u00f1a para el aerogenerador V150 &#8211; 4.5 MW \u00a0"}]},{"@type":"WebSite","@id":"https:\/\/aeeolica.org\/#website","url":"https:\/\/aeeolica.org\/","name":"Asociaci\u00f3n Empresarial E\u00f3lica","description":"AEE Asociaci\u00f3n Empresarial E\u00f3lica","publisher":{"@id":"https:\/\/aeeolica.org\/#organization"},"potentialAction":[{"@type":"SearchAction","target":{"@type":"EntryPoint","urlTemplate":"https:\/\/aeeolica.org\/?s={search_term_string}"},"query-input":{"@type":"PropertyValueSpecification","valueRequired":true,"valueName":"search_term_string"}}],"inLanguage":"en-US"},{"@type":"Organization","@id":"https:\/\/aeeolica.org\/#organization","name":"Asociaci\u00f3n Empresarial E\u00f3lica","url":"https:\/\/aeeolica.org\/","logo":{"@type":"ImageObject","inLanguage":"en-US","@id":"https:\/\/aeeolica.org\/#\/schema\/logo\/image\/","url":"https:\/\/aeeolica.org\/wp-content\/uploads\/2021\/08\/logo-aee.png","contentUrl":"https:\/\/aeeolica.org\/wp-content\/uploads\/2021\/08\/logo-aee.png","width":180,"height":78,"caption":"Asociaci\u00f3n Empresarial E\u00f3lica"},"image":{"@id":"https:\/\/aeeolica.org\/#\/schema\/logo\/image\/"},"sameAs":["https:\/\/www.facebook.com\/aeeolica","https:\/\/x.com\/aeeolica","https:\/\/www.instagram.com\/aeeolica\/","https:\/\/www.linkedin.com\/in\/aee-asociaci\u00f3n-empresarial-e\u00f3lica-6830946b\/","https:\/\/www.youtube.com\/user\/AEEolica"]},{"@type":"Person","@id":"https:\/\/aeeolica.org\/#\/schema\/person\/064b26f21f7ed52e0b3854e6b52f9772","name":"Morante D\u00edaz, Mar\u00eda del Mar","image":{"@type":"ImageObject","inLanguage":"en-US","@id":"https:\/\/secure.gravatar.com\/avatar\/8bfd23e1c4bf5aa0b9314f1c5c9d644e62672831e6a512513954c3f15dffdd5a?s=96&d=mm&r=g","url":"https:\/\/secure.gravatar.com\/avatar\/8bfd23e1c4bf5aa0b9314f1c5c9d644e62672831e6a512513954c3f15dffdd5a?s=96&d=mm&r=g","contentUrl":"https:\/\/secure.gravatar.com\/avatar\/8bfd23e1c4bf5aa0b9314f1c5c9d644e62672831e6a512513954c3f15dffdd5a?s=96&d=mm&r=g","caption":"Morante D\u00edaz, Mar\u00eda del Mar"},"url":"https:\/\/aeeolica.org\/en\/author\/mar\/"}]}},"_links":{"self":[{"href":"https:\/\/aeeolica.org\/en\/wp-json\/wp\/v2\/posts\/62784","targetHints":{"allow":["GET"]}}],"collection":[{"href":"https:\/\/aeeolica.org\/en\/wp-json\/wp\/v2\/posts"}],"about":[{"href":"https:\/\/aeeolica.org\/en\/wp-json\/wp\/v2\/types\/post"}],"author":[{"embeddable":true,"href":"https:\/\/aeeolica.org\/en\/wp-json\/wp\/v2\/users\/2"}],"replies":[{"embeddable":true,"href":"https:\/\/aeeolica.org\/en\/wp-json\/wp\/v2\/comments?post=62784"}],"version-history":[{"count":0,"href":"https:\/\/aeeolica.org\/en\/wp-json\/wp\/v2\/posts\/62784\/revisions"}],"wp:attachment":[{"href":"https:\/\/aeeolica.org\/en\/wp-json\/wp\/v2\/media?parent=62784"}],"wp:term":[{"taxonomy":"category","embeddable":true,"href":"https:\/\/aeeolica.org\/en\/wp-json\/wp\/v2\/categories?post=62784"},{"taxonomy":"post_tag","embeddable":true,"href":"https:\/\/aeeolica.org\/en\/wp-json\/wp\/v2\/tags?post=62784"}],"curies":[{"name":"wp","href":"https:\/\/api.w.org\/{rel}","templated":true}]}}