{"id":62807,"date":"2022-09-26T20:33:49","date_gmt":"2022-09-26T18:33:49","guid":{"rendered":"https:\/\/aeeolica.org\/?p=62807"},"modified":"2022-09-26T20:33:52","modified_gmt":"2022-09-26T18:33:52","slug":"impulso-a-la-sostenibilidad-rwe-prueba-tecnologias-innovadoras-en-un-nuevo-parque-eolico-en-espana","status":"publish","type":"post","link":"https:\/\/aeeolica.org\/en\/impulso-a-la-sostenibilidad-rwe-prueba-tecnologias-innovadoras-en-un-nuevo-parque-eolico-en-espana\/","title":{"rendered":"Impulso a la sostenibilidad: RWE prueba tecnolog\u00edas innovadoras en un nuevo parque e\u00f3lico en Espa\u00f1a\u00a0"},"content":{"rendered":"\n<ul class=\"wp-block-list\"><li><strong>Los procesos reducen el impacto medioambiental durante la fase de construcci\u00f3n y las<\/strong> <strong>emisiones de gases de efecto invernadero. La puesta en servicio est\u00e1 prevista para 2023<\/strong><\/li><\/ul>\n\n\n\n<ul class=\"wp-block-list\"><li><strong>Nueva inversi\u00f3n en Espa\u00f1a, con ampliaci\u00f3n de la presencia local y de la cartera de renovables<\/strong><\/li><\/ul>\n\n\n\n<p>Electricidad renovable producida de forma a\u00fan m\u00e1s sostenible: en una nueva planta de energ\u00eda e\u00f3lica onshore en Espa\u00f1a, RWE est\u00e1 probando dos tecnolog\u00edas innovadoras y prometedoras que pretenden reducir el impacto en el medio ambiente durante la fase de construcci\u00f3n de la planta, por un lado, y las emisiones de gases de efecto invernadero durante su posterior funcionamiento, por el otro. En concreto, la empresa con base en Essen ha tomado la decisi\u00f3n de invertir en el proyecto piloto de Orkoien, cerca de Pamplona. All\u00ed se est\u00e1 construyendo un parque e\u00f3lico de 5,7 megavatios que permitir\u00e1 reunir experiencia con las dos tecnolog\u00edas. Los trabajos de construcci\u00f3n se est\u00e1n llevando a cabo y la puesta en servicio est\u00e1 prevista para el verano de 2023.<\/p>\n\n\n\n<p>Seg\u00fan comenta Robert Navarro, Presidente y Consejero Delegado de RWE Renewables Iberia: \u201cNuestra estrategia, orientada a la sostenibilidad, no s\u00f3lo se basa en la vigorosa expansi\u00f3n de las energ\u00edas renovables. RWE tambi\u00e9n est\u00e1 dedicando toda su energ\u00eda a la importante tarea de producir electricidad verde de forma a\u00fan m\u00e1s ecol\u00f3gica. En este camino, nuestros ingenieros buscan constantemente tecnolog\u00edas innovadoras para reducir la huella ecol\u00f3gica de nuestros proyectos. El aerogenerador de Orkoien ofrece muy buenas condiciones para probar dos procesos novedosos en condiciones reales.\u201d<\/p>\n\n\n\n<p>En el primer m\u00e9todo se utilizan alfombras de pl\u00e1stico especiales por primera vez en la fase de construcci\u00f3n. Su gran ventaja: en las zonas de trabajo temporales, tales como los caminos de acceso y las zonas de almacenamiento, minimizan el impacto de la construcci\u00f3n en el suelo. Normalmente, estas zonas se excavan y rellenan, mientras que ahora s\u00f3lo se alisar\u00e1 la superficie con la excavadora. A continuaci\u00f3n, las zonas de acceso y almacenamiento se cubren temporalmente con los revestimientos de pl\u00e1stico. Tras los trabajos, se retiran las alfombras y la vegetaci\u00f3n puede regenerarse por completo. Otra ventaja es que las alfombras, hechas en parte con material reciclado, pueden reutilizarse en otros proyectos.&nbsp;<\/p>\n\n\n\n<p>La segunda tecnolog\u00eda, que se utiliza por primera vez en el proyecto piloto de Orkoien, permite reducir considerablemente las emisiones de gases de efecto invernadero. En la aparamenta de media tensi\u00f3n de la base de la torre de la turbina es preciso utilizar un agente aislante para interrumpir las corrientes el\u00e9ctricas, enfriando y extinguiendo el arco que se produce cuando se abre un circuito. Hasta ahora se utilizaba el gas SF6 (hexafluoruro de azufre), que es incoloro, inodoro, no t\u00f3xico ni inflamable e inofensivo para las personas y los animales. Sin embargo, el SF6 es un gas de efecto invernadero que tiene un impacto en el clima. Por lo tanto, s\u00f3lo puede utilizarse en condiciones estrictas. Con el uso de &#8220;equipos de corte sin SF6&#8221;, RWE est\u00e1 probando una alternativa que reduce las emisiones de gases de efecto invernadero casi a cero. Esta nueva tecnolog\u00eda, respetuosa con el medio ambiente, utiliza un 85% de aire seco y un 15% de fluorocetonas C5 como agente aislante. Adem\u00e1s de ser respetuosa con el medio ambiente, la tecnolog\u00eda tiene la misma fiabilidad t\u00e9cnica que el SF6. De este modo, RWE tambi\u00e9n se est\u00e1 preparando para la prohibici\u00f3n del SF6 anunciada por la UE en las nuevas plantas a partir de 2031.&nbsp;<\/p>\n\n\n\n<p><strong>En marcha el crecimiento en Espa\u00f1a: Oficina en Madrid y ampliaci\u00f3n de la cartera de renovables<\/strong><\/p>\n\n\n\n<p>RWE, una de las empresas l\u00edderes en el campo de las energ\u00edas renovables, cuenta con muchos a\u00f1os de experiencia en la construcci\u00f3n y explotaci\u00f3n de plantas renovables, y ya opera en Espa\u00f1a parques e\u00f3licos con una capacidad total de m\u00e1s de 440 megavatios. Adem\u00e1s del parque e\u00f3lico de Orkoien, RWE est\u00e1 construyendo actualmente su decimos\u00e9ptimo parque e\u00f3lico en la pen\u00ednsula: el proyecto Rea, de 43 megavatios, que est\u00e1 situado en la provincia de Soria, y se espera que suministre electricidad limpia a 30.000 hogares una vez que entre en funcionamiento. RWE tambi\u00e9n tiene previsto conectar este a\u00f1o a la red dos nuevos parques solares con una capacidad total de 88 MW.<\/p>\n\n\n\n<p>En consonancia con sus ambiciones de crecimiento, la empresa ha abierto recientemente una oficina en Madrid y est\u00e1 reforzando de forma decisiva el equipo espa\u00f1ol con m\u00e1s de 50 empleados adicionales.<\/p>\n\n\n\n<figure class=\"wp-block-image aligncenter size-large\"><img decoding=\"async\" width=\"1024\" height=\"767\" src=\"https:\/\/aeeolica.org\/wp-content\/uploads\/2022\/09\/DJI_0479-1024x767.jpg\" alt=\"\" class=\"wp-image-62805\" srcset=\"https:\/\/aeeolica.org\/wp-content\/uploads\/2022\/09\/DJI_0479-980x734.jpg 980w, https:\/\/aeeolica.org\/wp-content\/uploads\/2022\/09\/DJI_0479-480x359.jpg 480w\" sizes=\"(min-width: 0px) and (max-width: 480px) 480px, (min-width: 481px) and (max-width: 980px) 980px, (min-width: 981px) 1024px, 100vw\" \/><\/figure>\n","protected":false},"excerpt":{"rendered":"<p>Los procesos reducen el impacto medioambiental durante la fase de construcci\u00f3n y las emisiones de gases de efecto invernadero. La puesta en servicio est\u00e1 prevista para 2023 Nueva inversi\u00f3n en [&hellip;]<\/p>\n","protected":false},"author":2,"featured_media":0,"comment_status":"open","ping_status":"open","sticky":false,"template":"","format":"standard","meta":{"_acf_changed":false,"_bbp_topic_count":0,"_bbp_reply_count":0,"_bbp_total_topic_count":0,"_bbp_total_reply_count":0,"_bbp_voice_count":0,"_bbp_anonymous_reply_count":0,"_bbp_topic_count_hidden":0,"_bbp_reply_count_hidden":0,"_bbp_forum_subforum_count":0,"_et_pb_use_builder":"","_et_pb_old_content":"","_et_gb_content_width":"","footnotes":""},"categories":[438],"tags":[],"class_list":["post-62807","post","type-post","status-publish","format-standard","hentry","category-newsletter-julio-2022"],"acf":[],"yoast_head":"<!-- This site is optimized with the Yoast SEO plugin v27.4 - https:\/\/yoast.com\/product\/yoast-seo-wordpress\/ -->\n<title>Impulso a la sostenibilidad: RWE prueba tecnolog\u00edas innovadoras en un nuevo parque e\u00f3lico en Espa\u00f1a\u00a0 - Asociaci\u00f3n Empresarial E\u00f3lica<\/title>\n<meta name=\"robots\" content=\"index, follow, max-snippet:-1, max-image-preview:large, max-video-preview:-1\" \/>\n<link rel=\"canonical\" href=\"https:\/\/aeeolica.org\/impulso-a-la-sostenibilidad-rwe-prueba-tecnologias-innovadoras-en-un-nuevo-parque-eolico-en-espana\/\" \/>\n<meta property=\"og:locale\" content=\"en_US\" \/>\n<meta property=\"og:type\" content=\"article\" \/>\n<meta property=\"og:title\" content=\"Impulso a la sostenibilidad: RWE prueba tecnolog\u00edas innovadoras en un nuevo parque e\u00f3lico en Espa\u00f1a\u00a0 - Asociaci\u00f3n Empresarial E\u00f3lica\" \/>\n<meta property=\"og:description\" content=\"Los procesos reducen el impacto medioambiental durante la fase de construcci\u00f3n y las emisiones de gases de efecto invernadero. La puesta en servicio est\u00e1 prevista para 2023 Nueva inversi\u00f3n en [&hellip;]\" \/>\n<meta property=\"og:url\" content=\"https:\/\/aeeolica.org\/impulso-a-la-sostenibilidad-rwe-prueba-tecnologias-innovadoras-en-un-nuevo-parque-eolico-en-espana\/\" \/>\n<meta property=\"og:site_name\" content=\"Asociaci\u00f3n Empresarial E\u00f3lica\" \/>\n<meta property=\"article:publisher\" content=\"https:\/\/www.facebook.com\/aeeolica\" \/>\n<meta property=\"article:published_time\" content=\"2022-09-26T18:33:49+00:00\" \/>\n<meta property=\"article:modified_time\" content=\"2022-09-26T18:33:52+00:00\" \/>\n<meta property=\"og:image\" content=\"https:\/\/aeeolica.org\/wp-content\/uploads\/2022\/09\/DJI_0479-1024x767.jpg\" \/>\n<meta name=\"author\" content=\"Morante D\u00edaz, Mar\u00eda del Mar\" \/>\n<meta name=\"twitter:card\" content=\"summary_large_image\" \/>\n<meta name=\"twitter:creator\" content=\"@aeeolica\" \/>\n<meta name=\"twitter:site\" content=\"@aeeolica\" \/>\n<meta name=\"twitter:label1\" content=\"Written by\" \/>\n\t<meta name=\"twitter:data1\" content=\"Morante D\u00edaz, Mar\u00eda del Mar\" \/>\n\t<meta name=\"twitter:label2\" content=\"Est. reading time\" \/>\n\t<meta name=\"twitter:data2\" content=\"4 minutes\" \/>\n<script type=\"application\/ld+json\" class=\"yoast-schema-graph\">{\"@context\":\"https:\\\/\\\/schema.org\",\"@graph\":[{\"@type\":\"Article\",\"@id\":\"https:\\\/\\\/aeeolica.org\\\/impulso-a-la-sostenibilidad-rwe-prueba-tecnologias-innovadoras-en-un-nuevo-parque-eolico-en-espana\\\/#article\",\"isPartOf\":{\"@id\":\"https:\\\/\\\/aeeolica.org\\\/impulso-a-la-sostenibilidad-rwe-prueba-tecnologias-innovadoras-en-un-nuevo-parque-eolico-en-espana\\\/\"},\"author\":{\"name\":\"Morante D\u00edaz, Mar\u00eda del Mar\",\"@id\":\"https:\\\/\\\/aeeolica.org\\\/#\\\/schema\\\/person\\\/064b26f21f7ed52e0b3854e6b52f9772\"},\"headline\":\"Impulso a la sostenibilidad: RWE prueba tecnolog\u00edas innovadoras en un nuevo parque e\u00f3lico en Espa\u00f1a\u00a0\",\"datePublished\":\"2022-09-26T18:33:49+00:00\",\"dateModified\":\"2022-09-26T18:33:52+00:00\",\"mainEntityOfPage\":{\"@id\":\"https:\\\/\\\/aeeolica.org\\\/impulso-a-la-sostenibilidad-rwe-prueba-tecnologias-innovadoras-en-un-nuevo-parque-eolico-en-espana\\\/\"},\"wordCount\":801,\"commentCount\":3,\"publisher\":{\"@id\":\"https:\\\/\\\/aeeolica.org\\\/#organization\"},\"image\":{\"@id\":\"https:\\\/\\\/aeeolica.org\\\/impulso-a-la-sostenibilidad-rwe-prueba-tecnologias-innovadoras-en-un-nuevo-parque-eolico-en-espana\\\/#primaryimage\"},\"thumbnailUrl\":\"https:\\\/\\\/aeeolica.org\\\/wp-content\\\/uploads\\\/2022\\\/09\\\/DJI_0479-1024x767.jpg\",\"articleSection\":[\"Newsletter Julio 2022\"],\"inLanguage\":\"en-US\",\"potentialAction\":[{\"@type\":\"CommentAction\",\"name\":\"Comment\",\"target\":[\"https:\\\/\\\/aeeolica.org\\\/impulso-a-la-sostenibilidad-rwe-prueba-tecnologias-innovadoras-en-un-nuevo-parque-eolico-en-espana\\\/#respond\"]}]},{\"@type\":\"WebPage\",\"@id\":\"https:\\\/\\\/aeeolica.org\\\/impulso-a-la-sostenibilidad-rwe-prueba-tecnologias-innovadoras-en-un-nuevo-parque-eolico-en-espana\\\/\",\"url\":\"https:\\\/\\\/aeeolica.org\\\/impulso-a-la-sostenibilidad-rwe-prueba-tecnologias-innovadoras-en-un-nuevo-parque-eolico-en-espana\\\/\",\"name\":\"Impulso a la sostenibilidad: RWE prueba tecnolog\u00edas innovadoras en un nuevo parque e\u00f3lico en Espa\u00f1a\u00a0 - Asociaci\u00f3n Empresarial E\u00f3lica\",\"isPartOf\":{\"@id\":\"https:\\\/\\\/aeeolica.org\\\/#website\"},\"primaryImageOfPage\":{\"@id\":\"https:\\\/\\\/aeeolica.org\\\/impulso-a-la-sostenibilidad-rwe-prueba-tecnologias-innovadoras-en-un-nuevo-parque-eolico-en-espana\\\/#primaryimage\"},\"image\":{\"@id\":\"https:\\\/\\\/aeeolica.org\\\/impulso-a-la-sostenibilidad-rwe-prueba-tecnologias-innovadoras-en-un-nuevo-parque-eolico-en-espana\\\/#primaryimage\"},\"thumbnailUrl\":\"https:\\\/\\\/aeeolica.org\\\/wp-content\\\/uploads\\\/2022\\\/09\\\/DJI_0479-1024x767.jpg\",\"datePublished\":\"2022-09-26T18:33:49+00:00\",\"dateModified\":\"2022-09-26T18:33:52+00:00\",\"breadcrumb\":{\"@id\":\"https:\\\/\\\/aeeolica.org\\\/impulso-a-la-sostenibilidad-rwe-prueba-tecnologias-innovadoras-en-un-nuevo-parque-eolico-en-espana\\\/#breadcrumb\"},\"inLanguage\":\"en-US\",\"potentialAction\":[{\"@type\":\"ReadAction\",\"target\":[\"https:\\\/\\\/aeeolica.org\\\/impulso-a-la-sostenibilidad-rwe-prueba-tecnologias-innovadoras-en-un-nuevo-parque-eolico-en-espana\\\/\"]}]},{\"@type\":\"ImageObject\",\"inLanguage\":\"en-US\",\"@id\":\"https:\\\/\\\/aeeolica.org\\\/impulso-a-la-sostenibilidad-rwe-prueba-tecnologias-innovadoras-en-un-nuevo-parque-eolico-en-espana\\\/#primaryimage\",\"url\":\"https:\\\/\\\/aeeolica.org\\\/wp-content\\\/uploads\\\/2022\\\/09\\\/DJI_0479-1024x767.jpg\",\"contentUrl\":\"https:\\\/\\\/aeeolica.org\\\/wp-content\\\/uploads\\\/2022\\\/09\\\/DJI_0479-1024x767.jpg\"},{\"@type\":\"BreadcrumbList\",\"@id\":\"https:\\\/\\\/aeeolica.org\\\/impulso-a-la-sostenibilidad-rwe-prueba-tecnologias-innovadoras-en-un-nuevo-parque-eolico-en-espana\\\/#breadcrumb\",\"itemListElement\":[{\"@type\":\"ListItem\",\"position\":1,\"name\":\"Portada\",\"item\":\"https:\\\/\\\/aeeolica.org\\\/en\\\/inicio\\\/\"},{\"@type\":\"ListItem\",\"position\":2,\"name\":\"Impulso a la sostenibilidad: RWE prueba tecnolog\u00edas innovadoras en un nuevo parque e\u00f3lico en Espa\u00f1a\u00a0\"}]},{\"@type\":\"WebSite\",\"@id\":\"https:\\\/\\\/aeeolica.org\\\/#website\",\"url\":\"https:\\\/\\\/aeeolica.org\\\/\",\"name\":\"Asociaci\u00f3n Empresarial E\u00f3lica\",\"description\":\"AEE Asociaci\u00f3n Empresarial E\u00f3lica\",\"publisher\":{\"@id\":\"https:\\\/\\\/aeeolica.org\\\/#organization\"},\"potentialAction\":[{\"@type\":\"SearchAction\",\"target\":{\"@type\":\"EntryPoint\",\"urlTemplate\":\"https:\\\/\\\/aeeolica.org\\\/?s={search_term_string}\"},\"query-input\":{\"@type\":\"PropertyValueSpecification\",\"valueRequired\":true,\"valueName\":\"search_term_string\"}}],\"inLanguage\":\"en-US\"},{\"@type\":\"Organization\",\"@id\":\"https:\\\/\\\/aeeolica.org\\\/#organization\",\"name\":\"Asociaci\u00f3n Empresarial E\u00f3lica\",\"url\":\"https:\\\/\\\/aeeolica.org\\\/\",\"logo\":{\"@type\":\"ImageObject\",\"inLanguage\":\"en-US\",\"@id\":\"https:\\\/\\\/aeeolica.org\\\/#\\\/schema\\\/logo\\\/image\\\/\",\"url\":\"https:\\\/\\\/aeeolica.org\\\/wp-content\\\/uploads\\\/2021\\\/08\\\/logo-aee.png\",\"contentUrl\":\"https:\\\/\\\/aeeolica.org\\\/wp-content\\\/uploads\\\/2021\\\/08\\\/logo-aee.png\",\"width\":180,\"height\":78,\"caption\":\"Asociaci\u00f3n Empresarial E\u00f3lica\"},\"image\":{\"@id\":\"https:\\\/\\\/aeeolica.org\\\/#\\\/schema\\\/logo\\\/image\\\/\"},\"sameAs\":[\"https:\\\/\\\/www.facebook.com\\\/aeeolica\",\"https:\\\/\\\/x.com\\\/aeeolica\",\"https:\\\/\\\/www.instagram.com\\\/aeeolica\\\/\",\"https:\\\/\\\/www.linkedin.com\\\/in\\\/aee-asociaci\u00f3n-empresarial-e\u00f3lica-6830946b\\\/\",\"https:\\\/\\\/www.youtube.com\\\/user\\\/AEEolica\"]},{\"@type\":\"Person\",\"@id\":\"https:\\\/\\\/aeeolica.org\\\/#\\\/schema\\\/person\\\/064b26f21f7ed52e0b3854e6b52f9772\",\"name\":\"Morante D\u00edaz, Mar\u00eda del Mar\",\"image\":{\"@type\":\"ImageObject\",\"inLanguage\":\"en-US\",\"@id\":\"https:\\\/\\\/secure.gravatar.com\\\/avatar\\\/8bfd23e1c4bf5aa0b9314f1c5c9d644e62672831e6a512513954c3f15dffdd5a?s=96&d=mm&r=g\",\"url\":\"https:\\\/\\\/secure.gravatar.com\\\/avatar\\\/8bfd23e1c4bf5aa0b9314f1c5c9d644e62672831e6a512513954c3f15dffdd5a?s=96&d=mm&r=g\",\"contentUrl\":\"https:\\\/\\\/secure.gravatar.com\\\/avatar\\\/8bfd23e1c4bf5aa0b9314f1c5c9d644e62672831e6a512513954c3f15dffdd5a?s=96&d=mm&r=g\",\"caption\":\"Morante D\u00edaz, Mar\u00eda del Mar\"},\"url\":\"https:\\\/\\\/aeeolica.org\\\/en\\\/author\\\/mar\\\/\"}]}<\/script>\n<!-- \/ Yoast SEO plugin. -->","yoast_head_json":{"title":"Impulso a la sostenibilidad: RWE prueba tecnolog\u00edas innovadoras en un nuevo parque e\u00f3lico en Espa\u00f1a\u00a0 - Asociaci\u00f3n Empresarial E\u00f3lica","robots":{"index":"index","follow":"follow","max-snippet":"max-snippet:-1","max-image-preview":"max-image-preview:large","max-video-preview":"max-video-preview:-1"},"canonical":"https:\/\/aeeolica.org\/impulso-a-la-sostenibilidad-rwe-prueba-tecnologias-innovadoras-en-un-nuevo-parque-eolico-en-espana\/","og_locale":"en_US","og_type":"article","og_title":"Impulso a la sostenibilidad: RWE prueba tecnolog\u00edas innovadoras en un nuevo parque e\u00f3lico en Espa\u00f1a\u00a0 - Asociaci\u00f3n Empresarial E\u00f3lica","og_description":"Los procesos reducen el impacto medioambiental durante la fase de construcci\u00f3n y las emisiones de gases de efecto invernadero. La puesta en servicio est\u00e1 prevista para 2023 Nueva inversi\u00f3n en [&hellip;]","og_url":"https:\/\/aeeolica.org\/impulso-a-la-sostenibilidad-rwe-prueba-tecnologias-innovadoras-en-un-nuevo-parque-eolico-en-espana\/","og_site_name":"Asociaci\u00f3n Empresarial E\u00f3lica","article_publisher":"https:\/\/www.facebook.com\/aeeolica","article_published_time":"2022-09-26T18:33:49+00:00","article_modified_time":"2022-09-26T18:33:52+00:00","og_image":[{"url":"https:\/\/aeeolica.org\/wp-content\/uploads\/2022\/09\/DJI_0479-1024x767.jpg","type":"","width":"","height":""}],"author":"Morante D\u00edaz, Mar\u00eda del Mar","twitter_card":"summary_large_image","twitter_creator":"@aeeolica","twitter_site":"@aeeolica","twitter_misc":{"Written by":"Morante D\u00edaz, Mar\u00eda del Mar","Est. reading time":"4 minutes"},"schema":{"@context":"https:\/\/schema.org","@graph":[{"@type":"Article","@id":"https:\/\/aeeolica.org\/impulso-a-la-sostenibilidad-rwe-prueba-tecnologias-innovadoras-en-un-nuevo-parque-eolico-en-espana\/#article","isPartOf":{"@id":"https:\/\/aeeolica.org\/impulso-a-la-sostenibilidad-rwe-prueba-tecnologias-innovadoras-en-un-nuevo-parque-eolico-en-espana\/"},"author":{"name":"Morante D\u00edaz, Mar\u00eda del Mar","@id":"https:\/\/aeeolica.org\/#\/schema\/person\/064b26f21f7ed52e0b3854e6b52f9772"},"headline":"Impulso a la sostenibilidad: RWE prueba tecnolog\u00edas innovadoras en un nuevo parque e\u00f3lico en Espa\u00f1a\u00a0","datePublished":"2022-09-26T18:33:49+00:00","dateModified":"2022-09-26T18:33:52+00:00","mainEntityOfPage":{"@id":"https:\/\/aeeolica.org\/impulso-a-la-sostenibilidad-rwe-prueba-tecnologias-innovadoras-en-un-nuevo-parque-eolico-en-espana\/"},"wordCount":801,"commentCount":3,"publisher":{"@id":"https:\/\/aeeolica.org\/#organization"},"image":{"@id":"https:\/\/aeeolica.org\/impulso-a-la-sostenibilidad-rwe-prueba-tecnologias-innovadoras-en-un-nuevo-parque-eolico-en-espana\/#primaryimage"},"thumbnailUrl":"https:\/\/aeeolica.org\/wp-content\/uploads\/2022\/09\/DJI_0479-1024x767.jpg","articleSection":["Newsletter Julio 2022"],"inLanguage":"en-US","potentialAction":[{"@type":"CommentAction","name":"Comment","target":["https:\/\/aeeolica.org\/impulso-a-la-sostenibilidad-rwe-prueba-tecnologias-innovadoras-en-un-nuevo-parque-eolico-en-espana\/#respond"]}]},{"@type":"WebPage","@id":"https:\/\/aeeolica.org\/impulso-a-la-sostenibilidad-rwe-prueba-tecnologias-innovadoras-en-un-nuevo-parque-eolico-en-espana\/","url":"https:\/\/aeeolica.org\/impulso-a-la-sostenibilidad-rwe-prueba-tecnologias-innovadoras-en-un-nuevo-parque-eolico-en-espana\/","name":"Impulso a la sostenibilidad: RWE prueba tecnolog\u00edas innovadoras en un nuevo parque e\u00f3lico en Espa\u00f1a\u00a0 - Asociaci\u00f3n Empresarial E\u00f3lica","isPartOf":{"@id":"https:\/\/aeeolica.org\/#website"},"primaryImageOfPage":{"@id":"https:\/\/aeeolica.org\/impulso-a-la-sostenibilidad-rwe-prueba-tecnologias-innovadoras-en-un-nuevo-parque-eolico-en-espana\/#primaryimage"},"image":{"@id":"https:\/\/aeeolica.org\/impulso-a-la-sostenibilidad-rwe-prueba-tecnologias-innovadoras-en-un-nuevo-parque-eolico-en-espana\/#primaryimage"},"thumbnailUrl":"https:\/\/aeeolica.org\/wp-content\/uploads\/2022\/09\/DJI_0479-1024x767.jpg","datePublished":"2022-09-26T18:33:49+00:00","dateModified":"2022-09-26T18:33:52+00:00","breadcrumb":{"@id":"https:\/\/aeeolica.org\/impulso-a-la-sostenibilidad-rwe-prueba-tecnologias-innovadoras-en-un-nuevo-parque-eolico-en-espana\/#breadcrumb"},"inLanguage":"en-US","potentialAction":[{"@type":"ReadAction","target":["https:\/\/aeeolica.org\/impulso-a-la-sostenibilidad-rwe-prueba-tecnologias-innovadoras-en-un-nuevo-parque-eolico-en-espana\/"]}]},{"@type":"ImageObject","inLanguage":"en-US","@id":"https:\/\/aeeolica.org\/impulso-a-la-sostenibilidad-rwe-prueba-tecnologias-innovadoras-en-un-nuevo-parque-eolico-en-espana\/#primaryimage","url":"https:\/\/aeeolica.org\/wp-content\/uploads\/2022\/09\/DJI_0479-1024x767.jpg","contentUrl":"https:\/\/aeeolica.org\/wp-content\/uploads\/2022\/09\/DJI_0479-1024x767.jpg"},{"@type":"BreadcrumbList","@id":"https:\/\/aeeolica.org\/impulso-a-la-sostenibilidad-rwe-prueba-tecnologias-innovadoras-en-un-nuevo-parque-eolico-en-espana\/#breadcrumb","itemListElement":[{"@type":"ListItem","position":1,"name":"Portada","item":"https:\/\/aeeolica.org\/en\/inicio\/"},{"@type":"ListItem","position":2,"name":"Impulso a la sostenibilidad: RWE prueba tecnolog\u00edas innovadoras en un nuevo parque e\u00f3lico en Espa\u00f1a\u00a0"}]},{"@type":"WebSite","@id":"https:\/\/aeeolica.org\/#website","url":"https:\/\/aeeolica.org\/","name":"Asociaci\u00f3n Empresarial E\u00f3lica","description":"AEE Asociaci\u00f3n Empresarial E\u00f3lica","publisher":{"@id":"https:\/\/aeeolica.org\/#organization"},"potentialAction":[{"@type":"SearchAction","target":{"@type":"EntryPoint","urlTemplate":"https:\/\/aeeolica.org\/?s={search_term_string}"},"query-input":{"@type":"PropertyValueSpecification","valueRequired":true,"valueName":"search_term_string"}}],"inLanguage":"en-US"},{"@type":"Organization","@id":"https:\/\/aeeolica.org\/#organization","name":"Asociaci\u00f3n Empresarial E\u00f3lica","url":"https:\/\/aeeolica.org\/","logo":{"@type":"ImageObject","inLanguage":"en-US","@id":"https:\/\/aeeolica.org\/#\/schema\/logo\/image\/","url":"https:\/\/aeeolica.org\/wp-content\/uploads\/2021\/08\/logo-aee.png","contentUrl":"https:\/\/aeeolica.org\/wp-content\/uploads\/2021\/08\/logo-aee.png","width":180,"height":78,"caption":"Asociaci\u00f3n Empresarial E\u00f3lica"},"image":{"@id":"https:\/\/aeeolica.org\/#\/schema\/logo\/image\/"},"sameAs":["https:\/\/www.facebook.com\/aeeolica","https:\/\/x.com\/aeeolica","https:\/\/www.instagram.com\/aeeolica\/","https:\/\/www.linkedin.com\/in\/aee-asociaci\u00f3n-empresarial-e\u00f3lica-6830946b\/","https:\/\/www.youtube.com\/user\/AEEolica"]},{"@type":"Person","@id":"https:\/\/aeeolica.org\/#\/schema\/person\/064b26f21f7ed52e0b3854e6b52f9772","name":"Morante D\u00edaz, Mar\u00eda del Mar","image":{"@type":"ImageObject","inLanguage":"en-US","@id":"https:\/\/secure.gravatar.com\/avatar\/8bfd23e1c4bf5aa0b9314f1c5c9d644e62672831e6a512513954c3f15dffdd5a?s=96&d=mm&r=g","url":"https:\/\/secure.gravatar.com\/avatar\/8bfd23e1c4bf5aa0b9314f1c5c9d644e62672831e6a512513954c3f15dffdd5a?s=96&d=mm&r=g","contentUrl":"https:\/\/secure.gravatar.com\/avatar\/8bfd23e1c4bf5aa0b9314f1c5c9d644e62672831e6a512513954c3f15dffdd5a?s=96&d=mm&r=g","caption":"Morante D\u00edaz, Mar\u00eda del Mar"},"url":"https:\/\/aeeolica.org\/en\/author\/mar\/"}]}},"_links":{"self":[{"href":"https:\/\/aeeolica.org\/en\/wp-json\/wp\/v2\/posts\/62807","targetHints":{"allow":["GET"]}}],"collection":[{"href":"https:\/\/aeeolica.org\/en\/wp-json\/wp\/v2\/posts"}],"about":[{"href":"https:\/\/aeeolica.org\/en\/wp-json\/wp\/v2\/types\/post"}],"author":[{"embeddable":true,"href":"https:\/\/aeeolica.org\/en\/wp-json\/wp\/v2\/users\/2"}],"replies":[{"embeddable":true,"href":"https:\/\/aeeolica.org\/en\/wp-json\/wp\/v2\/comments?post=62807"}],"version-history":[{"count":0,"href":"https:\/\/aeeolica.org\/en\/wp-json\/wp\/v2\/posts\/62807\/revisions"}],"wp:attachment":[{"href":"https:\/\/aeeolica.org\/en\/wp-json\/wp\/v2\/media?parent=62807"}],"wp:term":[{"taxonomy":"category","embeddable":true,"href":"https:\/\/aeeolica.org\/en\/wp-json\/wp\/v2\/categories?post=62807"},{"taxonomy":"post_tag","embeddable":true,"href":"https:\/\/aeeolica.org\/en\/wp-json\/wp\/v2\/tags?post=62807"}],"curies":[{"name":"wp","href":"https:\/\/api.w.org\/{rel}","templated":true}]}}