{"id":62990,"date":"2022-09-27T12:26:03","date_gmt":"2022-09-27T10:26:03","guid":{"rendered":"https:\/\/aeeolica.org\/?p=62990"},"modified":"2022-09-27T12:26:06","modified_gmt":"2022-09-27T10:26:06","slug":"baywa-r-e-inaugura-un-parque-eolico-pionero-en-francia-con-un-millon-de-euros-de-inversion-ciudadana","status":"publish","type":"post","link":"https:\/\/aeeolica.org\/en\/baywa-r-e-inaugura-un-parque-eolico-pionero-en-francia-con-un-millon-de-euros-de-inversion-ciudadana\/","title":{"rendered":"BayWa r.e. inaugura un parque e\u00f3lico pionero en Francia, con un mill\u00f3n de euros de inversi\u00f3n ciudadana \u00a0"},"content":{"rendered":"\n<p><a href=\"https:\/\/www.baywa-re.es\/es\/\"><strong>BayWa r.e.<\/strong><\/a>, compa\u00f1\u00eda global especializada en energ\u00eda renovable, ha inaugurado el <strong>parque e\u00f3lico Clos Neuf<\/strong>, de 12 MW en la regi\u00f3n de Breta\u00f1a, Francia. Se trata de un proyecto pionero de la compa\u00f1\u00eda en el pa\u00eds por el nivel de participaci\u00f3n e implicaci\u00f3n ciudadana.<\/p>\n\n\n\n<p><strong>Los residentes locales y regionales han contribuido a la financiaci\u00f3n del plan con un total de un mill\u00f3n de euros<\/strong>, siendo 500.000 en acciones y los otros 500.000 en bonos. La operaci\u00f3n se ha llevado a cabo en colaboraci\u00f3n con la caja de ahorros \u201c<a href=\"https:\/\/www.banquedesterritoires.fr\/\">Banque des Territoires<\/a>\u201d y <a href=\"http:\/\/www.quenea.com\/\">Qu\u00e9n\u00e9a<\/a>, socio de BayWa r.e. en el desarrollo de este parque. Dos tercios de los inversores viven en un radio de 10km alrededor de la instalaci\u00f3n.<\/p>\n\n\n\n<p>Adem\u00e1s de la contribuci\u00f3n financiera, <strong>los ciudadanos participar\u00e1n activamente en la toma de decisiones sobre la gesti\u00f3n de la planta durante la fase de operaci\u00f3n<\/strong>, algo sin precedentes en Francia. Por ejemplo, tendr\u00e1n poder de decisi\u00f3n sobre los contratos locales. Estos accionistas estar\u00e1n representados con dos puestos en el comit\u00e9 estrat\u00e9gico del proyecto Clos Neuf.<\/p>\n\n\n\n<p>\u201c<em>Una condici\u00f3n fundamental para la aceptaci\u00f3n de proyectos renovables es la participaci\u00f3n de la comunidad local en su gesti\u00f3n y rendimiento econ\u00f3mico, ya desde la fase de desarrollo. Es, adem\u00e1s, un aspecto muy importante para nosotros. Por otro lado, la colaboraci\u00f3n con Banque des Territoires proporciona un escenario de inversi\u00f3n seguro y de bajo riesgo para particulares y autoridades locales<\/em>\u201d, ha destacado <strong>Can Nalbantoglu, Director General de BayWa r.e. Francia<\/strong>.<\/p>\n\n\n\n<p>El proyecto no ha encontrado oposici\u00f3n alguna durante su fase de desarrollo, algo que pone de manifiesto la labor del equipo de BayWa r.e. en Francia en lo que respecta a la aceptaci\u00f3n ciudadana. La compa\u00f1\u00eda y Qu\u00e9n\u00e9a involucraron a los habitantes de la regi\u00f3n desde el primer d\u00eda: celebraron sesiones informativas, d\u00edas de puertas abiertas y presentaciones al Ayuntamiento. Gracias a su inversi\u00f3n en el proyecto, los accionistas, entre ellos el municipio de Merdrignac, se beneficiar\u00e1n del rendimiento econ\u00f3mico del parque e\u00f3lico durante toda su vida \u00fatil. Los titulares de los bonos pueden invertir una cantidad m\u00e1xima de 10.000 euros por prestamista y se beneficiar\u00e1n de un tipo de inter\u00e9s del 5% anual.<em><\/em><\/p>\n\n\n\n<p><strong>Lorenzo Palombi, director global de Proyectos E\u00f3licos de BayWa r.e<\/strong>., ha comentado: \u201c<em>La comunidad debe involucrarse en cada paso del desarrollo de un proyecto renovable, algo especialmente importante para BayWa r.e. Esto se traduce en la colaboraci\u00f3n entre la empresa, los ciudadanos y las instituciones locales, permitiendo su participaci\u00f3n econ\u00f3mica y estrat\u00e9gica en el proceso. Un proyecto de energ\u00eda renovable supone una transformaci\u00f3n, pero m\u00e1s all\u00e1 de los beneficios econ\u00f3micos, tambi\u00e9n aporta un nuevo impulso a la comunidad. Esta es la din\u00e1mica que necesitamos para tener un futuro m\u00e1s sostenible y mejor para todos<\/em>\u201d.<\/p>\n\n\n\n<p>El parque e\u00f3lico cuenta con cuatro turbinas con una capacidad de 12MW. Producir\u00e1 26GWh anualmente, el equivalente a la electricidad que consumen 14.000 habitantes de Breta\u00f1a en un a\u00f1o. Esto ahorrar\u00e1 alrededor de 8.120 toneladas anuales de CO<sub>2<\/sub> a la atm\u00f3sfera y contribuir\u00e1 a los objetivos clim\u00e1ticos de Francia para 2030.<\/p>\n\n\n\n<p><strong>Sobre BayWa r.e. AG (BayWa r.e.)<\/strong><\/p>\n\n\n\n<p>En BayWa r.e. nos replanteamos c\u00f3mo producir, almacenar y utilizar la energ\u00eda del mejor modo posible para permitir la transici\u00f3n global a la energ\u00eda renovable, tan esencial para el futuro de nuestro planeta.<\/p>\n\n\n\n<p>Somos l\u00edderes en el desarrollo, distribuci\u00f3n y oferta de servicios y soluciones de energ\u00eda renovable; hemos superado los 4,5 GW de energ\u00eda conectada a la red y gestionamos m\u00e1s de 10 GW en activos. Tambi\u00e9n somos productores independientes de energ\u00eda con un \u00e1rea de comercializaci\u00f3n de energ\u00eda en expansi\u00f3n.<\/p>\n\n\n\n<p>En Espa\u00f1a, BayWa r.e lleva presente desde 2010, desarrollando proyectos de energ\u00edas renovables, tanto fotovoltaica como e\u00f3lica. Ya cuenta con una cartera de proyectos de en torno a los 2 GW y ha construido m\u00e1s de 600 MW de proyectos e\u00f3licos y fotovoltaicos. Hasta la fecha, la compa\u00f1\u00eda ha firmado 600 MW de PPAs en el pa\u00eds.<\/p>\n\n\n\n<p>Adem\u00e1s, ofrece servicios de Operaci\u00f3n y Mantenimiento y gesti\u00f3n de activos, cuenta con m\u00e1s de 29 plantas e\u00f3licas y fotovoltaicas en mantenimiento, 600 MW en cartera y un pipeline de 2,25 GW para 2025. En 2021, esta divisi\u00f3n contin\u00faa enfocando sus esfuerzos en la operaci\u00f3n y el mantenimiento t\u00e9cnico y comercial, el revamping, la digitalizaci\u00f3n y un completo Asset Management.<\/p>\n\n\n\n<p>BayWa r.e. trabaja con empresas en todo el mundo para entregar soluciones personalizadas de energ\u00eda renovable. Con unas operaciones 100 % neutras en carbono, hemos emprendido tambi\u00e9n nuestro propio viaje hacia la sostenibilidad.<\/p>\n\n\n\n<p>Cada d\u00eda, nos esforzamos por contribuir activamente a trazar el futuro de la energ\u00eda en un entorno de trabajo diverso, equitativo e inclusivo.<\/p>\n\n\n\n<p>Nuestros accionistas son BayWa AG, empresa global que factura 19,8 mil millones de euros, y Energy Infrastructure Partners, l\u00edder en inversi\u00f3n en infraestructura energ\u00e9tica.\u00a0 <\/p>\n\n\n\n<figure class=\"wp-block-image size-large\"><img decoding=\"async\" width=\"1024\" height=\"683\" src=\"https:\/\/aeeolica.org\/wp-content\/uploads\/2022\/09\/Clos-Neuf-inauguration-1-1024x683.jpg\" alt=\"\" class=\"wp-image-62999\" srcset=\"https:\/\/aeeolica.org\/wp-content\/uploads\/2022\/09\/Clos-Neuf-inauguration-1-980x653.jpg 980w, https:\/\/aeeolica.org\/wp-content\/uploads\/2022\/09\/Clos-Neuf-inauguration-1-480x320.jpg 480w\" sizes=\"(min-width: 0px) and (max-width: 480px) 480px, (min-width: 481px) and (max-width: 980px) 980px, (min-width: 981px) 1024px, 100vw\" \/><\/figure>\n","protected":false},"excerpt":{"rendered":"<p>BayWa r.e., compa\u00f1\u00eda global especializada en energ\u00eda renovable, ha inaugurado el parque e\u00f3lico Clos Neuf, de 12 MW en la regi\u00f3n de Breta\u00f1a, Francia. Se trata de un proyecto pionero [&hellip;]<\/p>\n","protected":false},"author":2,"featured_media":0,"comment_status":"open","ping_status":"open","sticky":false,"template":"","format":"standard","meta":{"_acf_changed":false,"_bbp_topic_count":0,"_bbp_reply_count":0,"_bbp_total_topic_count":0,"_bbp_total_reply_count":0,"_bbp_voice_count":0,"_bbp_anonymous_reply_count":0,"_bbp_topic_count_hidden":0,"_bbp_reply_count_hidden":0,"_bbp_forum_subforum_count":0,"_et_pb_use_builder":"","_et_pb_old_content":"","_et_gb_content_width":"","footnotes":""},"categories":[438],"tags":[],"class_list":["post-62990","post","type-post","status-publish","format-standard","hentry","category-newsletter-julio-2022"],"acf":[],"yoast_head":"<!-- This site is optimized with the Yoast SEO plugin v27.4 - https:\/\/yoast.com\/product\/yoast-seo-wordpress\/ -->\n<title>BayWa r.e. inaugura un parque e\u00f3lico pionero en Francia, con un mill\u00f3n de euros de inversi\u00f3n ciudadana \u00a0 - Asociaci\u00f3n Empresarial E\u00f3lica<\/title>\n<meta name=\"robots\" content=\"index, follow, max-snippet:-1, max-image-preview:large, max-video-preview:-1\" \/>\n<link rel=\"canonical\" href=\"https:\/\/aeeolica.org\/baywa-r-e-inaugura-un-parque-eolico-pionero-en-francia-con-un-millon-de-euros-de-inversion-ciudadana\/\" \/>\n<meta property=\"og:locale\" content=\"en_US\" \/>\n<meta property=\"og:type\" content=\"article\" \/>\n<meta property=\"og:title\" content=\"BayWa r.e. inaugura un parque e\u00f3lico pionero en Francia, con un mill\u00f3n de euros de inversi\u00f3n ciudadana \u00a0 - Asociaci\u00f3n Empresarial E\u00f3lica\" \/>\n<meta property=\"og:description\" content=\"BayWa r.e., compa\u00f1\u00eda global especializada en energ\u00eda renovable, ha inaugurado el parque e\u00f3lico Clos Neuf, de 12 MW en la regi\u00f3n de Breta\u00f1a, Francia. Se trata de un proyecto pionero [&hellip;]\" \/>\n<meta property=\"og:url\" content=\"https:\/\/aeeolica.org\/baywa-r-e-inaugura-un-parque-eolico-pionero-en-francia-con-un-millon-de-euros-de-inversion-ciudadana\/\" \/>\n<meta property=\"og:site_name\" content=\"Asociaci\u00f3n Empresarial E\u00f3lica\" \/>\n<meta property=\"article:publisher\" content=\"https:\/\/www.facebook.com\/aeeolica\" \/>\n<meta property=\"article:published_time\" content=\"2022-09-27T10:26:03+00:00\" \/>\n<meta property=\"article:modified_time\" content=\"2022-09-27T10:26:06+00:00\" \/>\n<meta property=\"og:image\" content=\"https:\/\/aeeolica.org\/wp-content\/uploads\/2022\/09\/Clos-Neuf-inauguration-1-1024x683.jpg\" \/>\n<meta name=\"author\" content=\"Morante D\u00edaz, Mar\u00eda del Mar\" \/>\n<meta name=\"twitter:card\" content=\"summary_large_image\" \/>\n<meta name=\"twitter:creator\" content=\"@aeeolica\" \/>\n<meta name=\"twitter:site\" content=\"@aeeolica\" \/>\n<meta name=\"twitter:label1\" content=\"Written by\" \/>\n\t<meta name=\"twitter:data1\" content=\"Morante D\u00edaz, Mar\u00eda del Mar\" \/>\n\t<meta name=\"twitter:label2\" content=\"Est. reading time\" \/>\n\t<meta name=\"twitter:data2\" content=\"4 minutes\" \/>\n<script type=\"application\/ld+json\" class=\"yoast-schema-graph\">{\"@context\":\"https:\\\/\\\/schema.org\",\"@graph\":[{\"@type\":\"Article\",\"@id\":\"https:\\\/\\\/aeeolica.org\\\/baywa-r-e-inaugura-un-parque-eolico-pionero-en-francia-con-un-millon-de-euros-de-inversion-ciudadana\\\/#article\",\"isPartOf\":{\"@id\":\"https:\\\/\\\/aeeolica.org\\\/baywa-r-e-inaugura-un-parque-eolico-pionero-en-francia-con-un-millon-de-euros-de-inversion-ciudadana\\\/\"},\"author\":{\"name\":\"Morante D\u00edaz, Mar\u00eda del Mar\",\"@id\":\"https:\\\/\\\/aeeolica.org\\\/#\\\/schema\\\/person\\\/064b26f21f7ed52e0b3854e6b52f9772\"},\"headline\":\"BayWa r.e. inaugura un parque e\u00f3lico pionero en Francia, con un mill\u00f3n de euros de inversi\u00f3n ciudadana \u00a0\",\"datePublished\":\"2022-09-27T10:26:03+00:00\",\"dateModified\":\"2022-09-27T10:26:06+00:00\",\"mainEntityOfPage\":{\"@id\":\"https:\\\/\\\/aeeolica.org\\\/baywa-r-e-inaugura-un-parque-eolico-pionero-en-francia-con-un-millon-de-euros-de-inversion-ciudadana\\\/\"},\"wordCount\":900,\"commentCount\":1,\"publisher\":{\"@id\":\"https:\\\/\\\/aeeolica.org\\\/#organization\"},\"image\":{\"@id\":\"https:\\\/\\\/aeeolica.org\\\/baywa-r-e-inaugura-un-parque-eolico-pionero-en-francia-con-un-millon-de-euros-de-inversion-ciudadana\\\/#primaryimage\"},\"thumbnailUrl\":\"https:\\\/\\\/aeeolica.org\\\/wp-content\\\/uploads\\\/2022\\\/09\\\/Clos-Neuf-inauguration-1-1024x683.jpg\",\"articleSection\":[\"Newsletter Julio 2022\"],\"inLanguage\":\"en-US\",\"potentialAction\":[{\"@type\":\"CommentAction\",\"name\":\"Comment\",\"target\":[\"https:\\\/\\\/aeeolica.org\\\/baywa-r-e-inaugura-un-parque-eolico-pionero-en-francia-con-un-millon-de-euros-de-inversion-ciudadana\\\/#respond\"]}]},{\"@type\":\"WebPage\",\"@id\":\"https:\\\/\\\/aeeolica.org\\\/baywa-r-e-inaugura-un-parque-eolico-pionero-en-francia-con-un-millon-de-euros-de-inversion-ciudadana\\\/\",\"url\":\"https:\\\/\\\/aeeolica.org\\\/baywa-r-e-inaugura-un-parque-eolico-pionero-en-francia-con-un-millon-de-euros-de-inversion-ciudadana\\\/\",\"name\":\"BayWa r.e. inaugura un parque e\u00f3lico pionero en Francia, con un mill\u00f3n de euros de inversi\u00f3n ciudadana \u00a0 - Asociaci\u00f3n Empresarial E\u00f3lica\",\"isPartOf\":{\"@id\":\"https:\\\/\\\/aeeolica.org\\\/#website\"},\"primaryImageOfPage\":{\"@id\":\"https:\\\/\\\/aeeolica.org\\\/baywa-r-e-inaugura-un-parque-eolico-pionero-en-francia-con-un-millon-de-euros-de-inversion-ciudadana\\\/#primaryimage\"},\"image\":{\"@id\":\"https:\\\/\\\/aeeolica.org\\\/baywa-r-e-inaugura-un-parque-eolico-pionero-en-francia-con-un-millon-de-euros-de-inversion-ciudadana\\\/#primaryimage\"},\"thumbnailUrl\":\"https:\\\/\\\/aeeolica.org\\\/wp-content\\\/uploads\\\/2022\\\/09\\\/Clos-Neuf-inauguration-1-1024x683.jpg\",\"datePublished\":\"2022-09-27T10:26:03+00:00\",\"dateModified\":\"2022-09-27T10:26:06+00:00\",\"breadcrumb\":{\"@id\":\"https:\\\/\\\/aeeolica.org\\\/baywa-r-e-inaugura-un-parque-eolico-pionero-en-francia-con-un-millon-de-euros-de-inversion-ciudadana\\\/#breadcrumb\"},\"inLanguage\":\"en-US\",\"potentialAction\":[{\"@type\":\"ReadAction\",\"target\":[\"https:\\\/\\\/aeeolica.org\\\/baywa-r-e-inaugura-un-parque-eolico-pionero-en-francia-con-un-millon-de-euros-de-inversion-ciudadana\\\/\"]}]},{\"@type\":\"ImageObject\",\"inLanguage\":\"en-US\",\"@id\":\"https:\\\/\\\/aeeolica.org\\\/baywa-r-e-inaugura-un-parque-eolico-pionero-en-francia-con-un-millon-de-euros-de-inversion-ciudadana\\\/#primaryimage\",\"url\":\"https:\\\/\\\/aeeolica.org\\\/wp-content\\\/uploads\\\/2022\\\/09\\\/Clos-Neuf-inauguration-1-1024x683.jpg\",\"contentUrl\":\"https:\\\/\\\/aeeolica.org\\\/wp-content\\\/uploads\\\/2022\\\/09\\\/Clos-Neuf-inauguration-1-1024x683.jpg\"},{\"@type\":\"BreadcrumbList\",\"@id\":\"https:\\\/\\\/aeeolica.org\\\/baywa-r-e-inaugura-un-parque-eolico-pionero-en-francia-con-un-millon-de-euros-de-inversion-ciudadana\\\/#breadcrumb\",\"itemListElement\":[{\"@type\":\"ListItem\",\"position\":1,\"name\":\"Portada\",\"item\":\"https:\\\/\\\/aeeolica.org\\\/en\\\/inicio\\\/\"},{\"@type\":\"ListItem\",\"position\":2,\"name\":\"BayWa r.e. inaugura un parque e\u00f3lico pionero en Francia, con un mill\u00f3n de euros de inversi\u00f3n ciudadana \u00a0\"}]},{\"@type\":\"WebSite\",\"@id\":\"https:\\\/\\\/aeeolica.org\\\/#website\",\"url\":\"https:\\\/\\\/aeeolica.org\\\/\",\"name\":\"Asociaci\u00f3n Empresarial E\u00f3lica\",\"description\":\"AEE Asociaci\u00f3n Empresarial E\u00f3lica\",\"publisher\":{\"@id\":\"https:\\\/\\\/aeeolica.org\\\/#organization\"},\"potentialAction\":[{\"@type\":\"SearchAction\",\"target\":{\"@type\":\"EntryPoint\",\"urlTemplate\":\"https:\\\/\\\/aeeolica.org\\\/?s={search_term_string}\"},\"query-input\":{\"@type\":\"PropertyValueSpecification\",\"valueRequired\":true,\"valueName\":\"search_term_string\"}}],\"inLanguage\":\"en-US\"},{\"@type\":\"Organization\",\"@id\":\"https:\\\/\\\/aeeolica.org\\\/#organization\",\"name\":\"Asociaci\u00f3n Empresarial E\u00f3lica\",\"url\":\"https:\\\/\\\/aeeolica.org\\\/\",\"logo\":{\"@type\":\"ImageObject\",\"inLanguage\":\"en-US\",\"@id\":\"https:\\\/\\\/aeeolica.org\\\/#\\\/schema\\\/logo\\\/image\\\/\",\"url\":\"https:\\\/\\\/aeeolica.org\\\/wp-content\\\/uploads\\\/2021\\\/08\\\/logo-aee.png\",\"contentUrl\":\"https:\\\/\\\/aeeolica.org\\\/wp-content\\\/uploads\\\/2021\\\/08\\\/logo-aee.png\",\"width\":180,\"height\":78,\"caption\":\"Asociaci\u00f3n Empresarial E\u00f3lica\"},\"image\":{\"@id\":\"https:\\\/\\\/aeeolica.org\\\/#\\\/schema\\\/logo\\\/image\\\/\"},\"sameAs\":[\"https:\\\/\\\/www.facebook.com\\\/aeeolica\",\"https:\\\/\\\/x.com\\\/aeeolica\",\"https:\\\/\\\/www.instagram.com\\\/aeeolica\\\/\",\"https:\\\/\\\/www.linkedin.com\\\/in\\\/aee-asociaci\u00f3n-empresarial-e\u00f3lica-6830946b\\\/\",\"https:\\\/\\\/www.youtube.com\\\/user\\\/AEEolica\"]},{\"@type\":\"Person\",\"@id\":\"https:\\\/\\\/aeeolica.org\\\/#\\\/schema\\\/person\\\/064b26f21f7ed52e0b3854e6b52f9772\",\"name\":\"Morante D\u00edaz, Mar\u00eda del Mar\",\"image\":{\"@type\":\"ImageObject\",\"inLanguage\":\"en-US\",\"@id\":\"https:\\\/\\\/secure.gravatar.com\\\/avatar\\\/8bfd23e1c4bf5aa0b9314f1c5c9d644e62672831e6a512513954c3f15dffdd5a?s=96&d=mm&r=g\",\"url\":\"https:\\\/\\\/secure.gravatar.com\\\/avatar\\\/8bfd23e1c4bf5aa0b9314f1c5c9d644e62672831e6a512513954c3f15dffdd5a?s=96&d=mm&r=g\",\"contentUrl\":\"https:\\\/\\\/secure.gravatar.com\\\/avatar\\\/8bfd23e1c4bf5aa0b9314f1c5c9d644e62672831e6a512513954c3f15dffdd5a?s=96&d=mm&r=g\",\"caption\":\"Morante D\u00edaz, Mar\u00eda del Mar\"},\"url\":\"https:\\\/\\\/aeeolica.org\\\/en\\\/author\\\/mar\\\/\"}]}<\/script>\n<!-- \/ Yoast SEO plugin. -->","yoast_head_json":{"title":"BayWa r.e. inaugura un parque e\u00f3lico pionero en Francia, con un mill\u00f3n de euros de inversi\u00f3n ciudadana \u00a0 - Asociaci\u00f3n Empresarial E\u00f3lica","robots":{"index":"index","follow":"follow","max-snippet":"max-snippet:-1","max-image-preview":"max-image-preview:large","max-video-preview":"max-video-preview:-1"},"canonical":"https:\/\/aeeolica.org\/baywa-r-e-inaugura-un-parque-eolico-pionero-en-francia-con-un-millon-de-euros-de-inversion-ciudadana\/","og_locale":"en_US","og_type":"article","og_title":"BayWa r.e. inaugura un parque e\u00f3lico pionero en Francia, con un mill\u00f3n de euros de inversi\u00f3n ciudadana \u00a0 - Asociaci\u00f3n Empresarial E\u00f3lica","og_description":"BayWa r.e., compa\u00f1\u00eda global especializada en energ\u00eda renovable, ha inaugurado el parque e\u00f3lico Clos Neuf, de 12 MW en la regi\u00f3n de Breta\u00f1a, Francia. Se trata de un proyecto pionero [&hellip;]","og_url":"https:\/\/aeeolica.org\/baywa-r-e-inaugura-un-parque-eolico-pionero-en-francia-con-un-millon-de-euros-de-inversion-ciudadana\/","og_site_name":"Asociaci\u00f3n Empresarial E\u00f3lica","article_publisher":"https:\/\/www.facebook.com\/aeeolica","article_published_time":"2022-09-27T10:26:03+00:00","article_modified_time":"2022-09-27T10:26:06+00:00","og_image":[{"url":"https:\/\/aeeolica.org\/wp-content\/uploads\/2022\/09\/Clos-Neuf-inauguration-1-1024x683.jpg","type":"","width":"","height":""}],"author":"Morante D\u00edaz, Mar\u00eda del Mar","twitter_card":"summary_large_image","twitter_creator":"@aeeolica","twitter_site":"@aeeolica","twitter_misc":{"Written by":"Morante D\u00edaz, Mar\u00eda del Mar","Est. reading time":"4 minutes"},"schema":{"@context":"https:\/\/schema.org","@graph":[{"@type":"Article","@id":"https:\/\/aeeolica.org\/baywa-r-e-inaugura-un-parque-eolico-pionero-en-francia-con-un-millon-de-euros-de-inversion-ciudadana\/#article","isPartOf":{"@id":"https:\/\/aeeolica.org\/baywa-r-e-inaugura-un-parque-eolico-pionero-en-francia-con-un-millon-de-euros-de-inversion-ciudadana\/"},"author":{"name":"Morante D\u00edaz, Mar\u00eda del Mar","@id":"https:\/\/aeeolica.org\/#\/schema\/person\/064b26f21f7ed52e0b3854e6b52f9772"},"headline":"BayWa r.e. inaugura un parque e\u00f3lico pionero en Francia, con un mill\u00f3n de euros de inversi\u00f3n ciudadana \u00a0","datePublished":"2022-09-27T10:26:03+00:00","dateModified":"2022-09-27T10:26:06+00:00","mainEntityOfPage":{"@id":"https:\/\/aeeolica.org\/baywa-r-e-inaugura-un-parque-eolico-pionero-en-francia-con-un-millon-de-euros-de-inversion-ciudadana\/"},"wordCount":900,"commentCount":1,"publisher":{"@id":"https:\/\/aeeolica.org\/#organization"},"image":{"@id":"https:\/\/aeeolica.org\/baywa-r-e-inaugura-un-parque-eolico-pionero-en-francia-con-un-millon-de-euros-de-inversion-ciudadana\/#primaryimage"},"thumbnailUrl":"https:\/\/aeeolica.org\/wp-content\/uploads\/2022\/09\/Clos-Neuf-inauguration-1-1024x683.jpg","articleSection":["Newsletter Julio 2022"],"inLanguage":"en-US","potentialAction":[{"@type":"CommentAction","name":"Comment","target":["https:\/\/aeeolica.org\/baywa-r-e-inaugura-un-parque-eolico-pionero-en-francia-con-un-millon-de-euros-de-inversion-ciudadana\/#respond"]}]},{"@type":"WebPage","@id":"https:\/\/aeeolica.org\/baywa-r-e-inaugura-un-parque-eolico-pionero-en-francia-con-un-millon-de-euros-de-inversion-ciudadana\/","url":"https:\/\/aeeolica.org\/baywa-r-e-inaugura-un-parque-eolico-pionero-en-francia-con-un-millon-de-euros-de-inversion-ciudadana\/","name":"BayWa r.e. inaugura un parque e\u00f3lico pionero en Francia, con un mill\u00f3n de euros de inversi\u00f3n ciudadana \u00a0 - Asociaci\u00f3n Empresarial E\u00f3lica","isPartOf":{"@id":"https:\/\/aeeolica.org\/#website"},"primaryImageOfPage":{"@id":"https:\/\/aeeolica.org\/baywa-r-e-inaugura-un-parque-eolico-pionero-en-francia-con-un-millon-de-euros-de-inversion-ciudadana\/#primaryimage"},"image":{"@id":"https:\/\/aeeolica.org\/baywa-r-e-inaugura-un-parque-eolico-pionero-en-francia-con-un-millon-de-euros-de-inversion-ciudadana\/#primaryimage"},"thumbnailUrl":"https:\/\/aeeolica.org\/wp-content\/uploads\/2022\/09\/Clos-Neuf-inauguration-1-1024x683.jpg","datePublished":"2022-09-27T10:26:03+00:00","dateModified":"2022-09-27T10:26:06+00:00","breadcrumb":{"@id":"https:\/\/aeeolica.org\/baywa-r-e-inaugura-un-parque-eolico-pionero-en-francia-con-un-millon-de-euros-de-inversion-ciudadana\/#breadcrumb"},"inLanguage":"en-US","potentialAction":[{"@type":"ReadAction","target":["https:\/\/aeeolica.org\/baywa-r-e-inaugura-un-parque-eolico-pionero-en-francia-con-un-millon-de-euros-de-inversion-ciudadana\/"]}]},{"@type":"ImageObject","inLanguage":"en-US","@id":"https:\/\/aeeolica.org\/baywa-r-e-inaugura-un-parque-eolico-pionero-en-francia-con-un-millon-de-euros-de-inversion-ciudadana\/#primaryimage","url":"https:\/\/aeeolica.org\/wp-content\/uploads\/2022\/09\/Clos-Neuf-inauguration-1-1024x683.jpg","contentUrl":"https:\/\/aeeolica.org\/wp-content\/uploads\/2022\/09\/Clos-Neuf-inauguration-1-1024x683.jpg"},{"@type":"BreadcrumbList","@id":"https:\/\/aeeolica.org\/baywa-r-e-inaugura-un-parque-eolico-pionero-en-francia-con-un-millon-de-euros-de-inversion-ciudadana\/#breadcrumb","itemListElement":[{"@type":"ListItem","position":1,"name":"Portada","item":"https:\/\/aeeolica.org\/en\/inicio\/"},{"@type":"ListItem","position":2,"name":"BayWa r.e. inaugura un parque e\u00f3lico pionero en Francia, con un mill\u00f3n de euros de inversi\u00f3n ciudadana \u00a0"}]},{"@type":"WebSite","@id":"https:\/\/aeeolica.org\/#website","url":"https:\/\/aeeolica.org\/","name":"Asociaci\u00f3n Empresarial E\u00f3lica","description":"AEE Asociaci\u00f3n Empresarial E\u00f3lica","publisher":{"@id":"https:\/\/aeeolica.org\/#organization"},"potentialAction":[{"@type":"SearchAction","target":{"@type":"EntryPoint","urlTemplate":"https:\/\/aeeolica.org\/?s={search_term_string}"},"query-input":{"@type":"PropertyValueSpecification","valueRequired":true,"valueName":"search_term_string"}}],"inLanguage":"en-US"},{"@type":"Organization","@id":"https:\/\/aeeolica.org\/#organization","name":"Asociaci\u00f3n Empresarial E\u00f3lica","url":"https:\/\/aeeolica.org\/","logo":{"@type":"ImageObject","inLanguage":"en-US","@id":"https:\/\/aeeolica.org\/#\/schema\/logo\/image\/","url":"https:\/\/aeeolica.org\/wp-content\/uploads\/2021\/08\/logo-aee.png","contentUrl":"https:\/\/aeeolica.org\/wp-content\/uploads\/2021\/08\/logo-aee.png","width":180,"height":78,"caption":"Asociaci\u00f3n Empresarial E\u00f3lica"},"image":{"@id":"https:\/\/aeeolica.org\/#\/schema\/logo\/image\/"},"sameAs":["https:\/\/www.facebook.com\/aeeolica","https:\/\/x.com\/aeeolica","https:\/\/www.instagram.com\/aeeolica\/","https:\/\/www.linkedin.com\/in\/aee-asociaci\u00f3n-empresarial-e\u00f3lica-6830946b\/","https:\/\/www.youtube.com\/user\/AEEolica"]},{"@type":"Person","@id":"https:\/\/aeeolica.org\/#\/schema\/person\/064b26f21f7ed52e0b3854e6b52f9772","name":"Morante D\u00edaz, Mar\u00eda del Mar","image":{"@type":"ImageObject","inLanguage":"en-US","@id":"https:\/\/secure.gravatar.com\/avatar\/8bfd23e1c4bf5aa0b9314f1c5c9d644e62672831e6a512513954c3f15dffdd5a?s=96&d=mm&r=g","url":"https:\/\/secure.gravatar.com\/avatar\/8bfd23e1c4bf5aa0b9314f1c5c9d644e62672831e6a512513954c3f15dffdd5a?s=96&d=mm&r=g","contentUrl":"https:\/\/secure.gravatar.com\/avatar\/8bfd23e1c4bf5aa0b9314f1c5c9d644e62672831e6a512513954c3f15dffdd5a?s=96&d=mm&r=g","caption":"Morante D\u00edaz, Mar\u00eda del Mar"},"url":"https:\/\/aeeolica.org\/en\/author\/mar\/"}]}},"_links":{"self":[{"href":"https:\/\/aeeolica.org\/en\/wp-json\/wp\/v2\/posts\/62990","targetHints":{"allow":["GET"]}}],"collection":[{"href":"https:\/\/aeeolica.org\/en\/wp-json\/wp\/v2\/posts"}],"about":[{"href":"https:\/\/aeeolica.org\/en\/wp-json\/wp\/v2\/types\/post"}],"author":[{"embeddable":true,"href":"https:\/\/aeeolica.org\/en\/wp-json\/wp\/v2\/users\/2"}],"replies":[{"embeddable":true,"href":"https:\/\/aeeolica.org\/en\/wp-json\/wp\/v2\/comments?post=62990"}],"version-history":[{"count":0,"href":"https:\/\/aeeolica.org\/en\/wp-json\/wp\/v2\/posts\/62990\/revisions"}],"wp:attachment":[{"href":"https:\/\/aeeolica.org\/en\/wp-json\/wp\/v2\/media?parent=62990"}],"wp:term":[{"taxonomy":"category","embeddable":true,"href":"https:\/\/aeeolica.org\/en\/wp-json\/wp\/v2\/categories?post=62990"},{"taxonomy":"post_tag","embeddable":true,"href":"https:\/\/aeeolica.org\/en\/wp-json\/wp\/v2\/tags?post=62990"}],"curies":[{"name":"wp","href":"https:\/\/api.w.org\/{rel}","templated":true}]}}