{"id":63012,"date":"2022-09-27T12:36:59","date_gmt":"2022-09-27T10:36:59","guid":{"rendered":"https:\/\/aeeolica.org\/?p=63012"},"modified":"2022-09-27T12:37:02","modified_gmt":"2022-09-27T10:37:02","slug":"el-bombeo-esta-adaptando-su-consumo-a-las-energias-renovables","status":"publish","type":"post","link":"https:\/\/aeeolica.org\/en\/el-bombeo-esta-adaptando-su-consumo-a-las-energias-renovables\/","title":{"rendered":"El bombeo est\u00e1 adaptando su consumo a las energ\u00edas renovables  \u00a0"},"content":{"rendered":"\n<p>El desarrollo de las energ\u00edas renovables e\u00f3lica y solar fotovoltaica en Espa\u00f1a est\u00e1 creando oportunidades en el mercado de electricidad. La tecnolog\u00eda m\u00e1s extendida actualmente para almacenar energ\u00eda, las centrales de bombeo, est\u00e1n modificando su patr\u00f3n de consumo para aprovechar estas oportunidades. La transici\u00f3n energ\u00e9tica crear\u00e1 nuevas oportunidades como \u00e9stas que ser\u00e1n aprovechadas por nuevas tecnolog\u00edas y nueva demanda que evitar\u00e1n los temidos vertidos de renovables y los precios cero y negativos en el mercado.<\/p>\n\n\n\n<figure class=\"wp-block-image size-large\"><img decoding=\"async\" width=\"1024\" height=\"360\" src=\"https:\/\/aeeolica.org\/wp-content\/uploads\/2022\/09\/20220922-AleaSoft-Central-hidroelectrica-reversible-bombeo-1024x360.jpg\" alt=\"\" class=\"wp-image-63004\" srcset=\"https:\/\/aeeolica.org\/wp-content\/uploads\/2022\/09\/20220922-AleaSoft-Central-hidroelectrica-reversible-bombeo-1024x360.jpg 1024w, https:\/\/aeeolica.org\/wp-content\/uploads\/2022\/09\/20220922-AleaSoft-Central-hidroelectrica-reversible-bombeo-980x345.jpg 980w, https:\/\/aeeolica.org\/wp-content\/uploads\/2022\/09\/20220922-AleaSoft-Central-hidroelectrica-reversible-bombeo-480x169.jpg 480w\" sizes=\"(min-width: 0px) and (max-width: 480px) 480px, (min-width: 481px) and (max-width: 980px) 980px, (min-width: 981px) 1024px, 100vw\" \/><\/figure>\n\n\n\n<p>Las centrales hidroel\u00e9ctricas reversibles, m\u00e1s conocidas como <strong>centrales de bombeo<\/strong>, son seguramente la tecnolog\u00eda m\u00e1s madura y extendida capaz de <strong>almacenar energ\u00eda el\u00e9ctrica<\/strong> generada con cualquier tecnolog\u00eda. Las centrales de bombeo utilizan electricidad de la red para bombear agua a un embalse superior y, posteriormente, generar electricidad cuando se deja caer de nuevo esta agua a un embalse inferior.<\/p>\n\n\n\n<p>Consumir electricidad de la red y volverla a inyectar en un momento posterior. En el fondo es lo mismo que har\u00e1n las <strong>bater\u00edas<\/strong> o el almacenamiento de <strong>hidr\u00f3geno verde<\/strong> cuando estas tecnolog\u00edas est\u00e9n suficientemente maduras y extendidas en el sistema el\u00e9ctrico. As\u00ed que las centrales de bombeo son una tecnolog\u00eda madura, rentable y presente en el sistema, capaz de almacenar energ\u00eda y esta capacidad, la de almacenar energ\u00eda, ser\u00e1 clave en la <strong>transici\u00f3n energ\u00e9tica<\/strong>.<\/p>\n\n\n\n<p>El almacenamiento de energ\u00eda en la transici\u00f3n energ\u00e9tica<\/p>\n\n\n\n<p>El almacenamiento de energ\u00eda va a ser la clave, junto con el aumento de las capacidades de las <strong>interconexiones internacionales<\/strong> y con la <strong>flexibilizaci\u00f3n de la demanda<\/strong>, para poder gestionar y aprovechar la energ\u00eda <strong>e\u00f3lica<\/strong> y <strong>solar fotovoltaica<\/strong> que se generar\u00e1 en los momentos que los recursos, viento y sol, est\u00e9n disponibles y que no siempre coincidir\u00e1 con los momentos en que la demanda de energ\u00eda sea mayor.<\/p>\n\n\n\n<p>La capacidad de almacenar la energ\u00eda de las fuentes renovables har\u00e1 posible suministrar esa energ\u00eda en el momento exacto en que se necesite independientemente del momento en que se genere. De esta manera se evitar\u00e1n los temidos <strong>vertidos de renovables<\/strong> y los precios cero en los mercados de electricidad que tanto preocupan a los inversores en nuevos proyectos renovables.<\/p>\n\n\n\n<p>Las centrales de bombeo en Espa\u00f1a adaptan su producci\u00f3n estacional a la producci\u00f3n e\u00f3lica<\/p>\n\n\n\n<p>La presencia de la <strong>energ\u00eda e\u00f3lica<\/strong> en el mix de electricidad es un aspecto muy atractivo para las centrales de bombeo. No solo por el hecho de que con alta producci\u00f3n e\u00f3lica los precios del mercado tiendan a ser m\u00e1s bajos y sea ventajoso para las centrales de bombeo consumir el exceso de producci\u00f3n que pueda haber, sino que, adem\u00e1s, la variabilidad inherente al recurso e\u00f3lico provocar\u00e1 que se alternen per\u00edodos de alta producci\u00f3n e\u00f3lica y precios bajos, con otros de baja producci\u00f3n e\u00f3lica y precios altos cuando ser\u00e1 ventajoso vender la energ\u00eda almacenada y suplir la posible falta de producci\u00f3n en el sistema el\u00e9ctrico.<\/p>\n\n\n\n<figure class=\"wp-block-image size-large\"><img decoding=\"async\" width=\"1024\" height=\"714\" src=\"https:\/\/aeeolica.org\/wp-content\/uploads\/2022\/09\/20220922-AleaSoft-Produccion-electricidad-eolica-bombeo-Espanna-1024x714.png\" alt=\"\" class=\"wp-image-63007\" srcset=\"https:\/\/aeeolica.org\/wp-content\/uploads\/2022\/09\/20220922-AleaSoft-Produccion-electricidad-eolica-bombeo-Espanna-980x683.png 980w, https:\/\/aeeolica.org\/wp-content\/uploads\/2022\/09\/20220922-AleaSoft-Produccion-electricidad-eolica-bombeo-Espanna-480x335.png 480w\" sizes=\"(min-width: 0px) and (max-width: 480px) 480px, (min-width: 481px) and (max-width: 980px) 980px, (min-width: 981px) 1024px, 100vw\" \/><figcaption>Fuente: Elaborado por AleaSoft con datos de REE.<\/figcaption><\/figure>\n\n\n\n<p>As\u00ed, en per\u00edodos de r\u00e9cords de producci\u00f3n e\u00f3lica se ha producido un aumento del almacenamiento y producci\u00f3n de energ\u00eda por parte de las centrales de bombeo. Por ejemplo, entre diciembre de 2020 y marzo de 2021, los parques e\u00f3licos del territorio peninsular espa\u00f1ol produjeron 26&nbsp;156&nbsp;GWh de energ\u00eda el\u00e9ctrica, unos valores que suponen un r\u00e9cord hist\u00f3rico de producci\u00f3n durante cuatro meses seguidos para la e\u00f3lica peninsular. Si bien no se dieron r\u00e9cords hist\u00f3ricos, el consumo de electricidad por parte de las centrales de bombeo del territorio peninsular en ese per\u00edodo alcanz\u00f3 los 2393&nbsp;GWh, valores que no se alcanzaban desde el primer cuatrimestre de 2016. Por el lado de la producci\u00f3n, las centrales de bombeo generaron 1374&nbsp;GWh durante estos cuatro meses, valores que tampoco se registraban desde la primavera de 2016.<\/p>\n\n\n\n<p>En general, los picos de consumo y producci\u00f3n del bombeo coinciden con los episodios de alta producci\u00f3n e\u00f3lica.<\/p>\n\n\n\n<p>Las centrales de bombeo ya se est\u00e1n adaptando al aumento de la fotovoltaica<\/p>\n\n\n\n<p>En los \u00faltimos a\u00f1os, con el r\u00e1pido crecimiento de la <strong>energ\u00eda solar fotovoltaica<\/strong>, las centrales de bombeo han empezado a adaptar su perfil de consumo para aprovechar los precios m\u00e1s competitivos que se empiezan a dar en las horas de mayor producci\u00f3n fotovoltaica.<\/p>\n\n\n\n<p>Hist\u00f3ricamente, las centrales de bombeo han centrado la mayor parte de su consumo de electricidad en las horas de la madrugada, cuando la demanda es menor y los precios tambi\u00e9n lo eran. Pero a medida que el aumento de la fotovoltaica ha tra\u00eddo precios m\u00e1s bajos en el pico de la tarde, las centrales han empezado a desplazar parte de su consumo de la madrugada hacia la tarde.<\/p>\n\n\n\n<figure class=\"wp-block-image size-large\"><img decoding=\"async\" width=\"1024\" height=\"572\" src=\"https:\/\/aeeolica.org\/wp-content\/uploads\/2022\/09\/20220922-AleaSoft-Perfil-horario-consumo-bombeo-1024x572.png\" alt=\"\" class=\"wp-image-63019\" srcset=\"https:\/\/aeeolica.org\/wp-content\/uploads\/2022\/09\/20220922-AleaSoft-Perfil-horario-consumo-bombeo-980x547.png 980w, https:\/\/aeeolica.org\/wp-content\/uploads\/2022\/09\/20220922-AleaSoft-Perfil-horario-consumo-bombeo-480x268.png 480w\" sizes=\"(min-width: 0px) and (max-width: 480px) 480px, (min-width: 481px) and (max-width: 980px) 980px, (min-width: 981px) 1024px, 100vw\" \/><figcaption>Fuente: Elaborado por AleaSoft Energy Forecasting con datos de REE.<\/figcaption><\/figure>\n\n\n\n<p>Hasta 2019, la energ\u00eda consumida por las centrales de bombeo en el pico de la tarde era alrededor de un 33% de la consumida en el pico de la madrugada. En 2020, ya era m\u00e1s del 50%, y, en 2021, alcanz\u00f3 el 68%. Con datos hasta agosto, en 2022 el pico de consumo de la tarde ya ha superado al de la madrugada y, adem\u00e1s, el consumo de las centrales durante el resto de las horas con producci\u00f3n solar, durante la ma\u00f1ana y el mediod\u00eda, tambi\u00e9n ha aumentado claramente, tal y como se observa en el gr\u00e1fico anterior.<\/p>\n\n\n\n<p>Las oportunidades que crear\u00e1 la transici\u00f3n energ\u00e9tica<\/p>\n\n\n\n<p>El aumento del almacenamiento y la producci\u00f3n de las centrales de bombeo en per\u00edodos de alta producci\u00f3n e\u00f3lica y el cambio en su perfil de consumo para adaptarse a la solar fotovoltaica son un claro ejemplo de las oportunidades que la <strong>transici\u00f3n energ\u00e9tica<\/strong> y las energ\u00edas renovables traer\u00e1n, y de c\u00f3mo estas oportunidades se aprovechar\u00e1n.<\/p>\n\n\n\n<p>De la misma manera que lo han hecho las centrales de bombeo, la nueva demanda de electricidad que se crear\u00e1 en las pr\u00f3ximas d\u00e9cadas (veh\u00edculos el\u00e9ctricos, electrificaci\u00f3n de la industria, la producci\u00f3n de hidr\u00f3geno verde, etc.) aprovechar\u00e1 estas oportunidades y se concentrar\u00e1 en aquellas horas en que las energ\u00edas renovables arrojar\u00e1n precios m\u00e1s bajos en los mercados de electricidad.<\/p>\n\n\n\n<p>Es as\u00ed como el aprovechamiento de estas oportunidades evitar\u00e1 en gran medida el <strong>vertido de energ\u00edas renovables<\/strong>. Si bien siempre ser\u00e1 posible que \u00e9stos se den de forma puntual y aislada, las <a href=\"https:\/\/aleasoft.com\/es\/promociones\/promocion-reportes-previsiones-curvas-precios-largo-plazo-europa\/\"><strong>previsiones de largo plazo de AleaSoft Energy Forecasting<\/strong><\/a> no lo muestran como un fen\u00f3meno recurrente ni de grandes dimensiones.<\/p>\n\n\n\n<p>An\u00e1lisis de AleaSoft Energy Forecasting sobre las perspectivas de los mercados de energ\u00eda en Europa y la financiaci\u00f3n de los proyectos de energ\u00edas renovables<\/p>\n\n\n\n<p>El pasado 15 de septiembre se llev\u00f3 a cabo la edici\u00f3n n\u00famero 25 de los <a href=\"https:\/\/aleasoft.com\/es\/webinars-sobre-mercados-sector-energia\/\">webinars mensuales de <strong>AleaSoft Energy Forecasting<\/strong> y <strong>AleaGreen<\/strong><\/a>, esta vez con la participaci\u00f3n de Jorge Sim\u00e3o, COO en <strong>OMIP<\/strong>, y Pablo Villaplana, COO en <strong>OMIClear<\/strong>, los cuales explicaron la situaci\u00f3n de los mercados de futuros de electricidad ib\u00e9ricos y el papel de las c\u00e1maras centrales de contrapartidas. En la mesa de an\u00e1lisis se incorpor\u00f3 Fernando Soto, director general de la <strong>AEGE<\/strong>, para hablar sobre la <a href=\"https:\/\/aleasoft.com\/es\/subasta-renovables-electrointensivos-primer-trimestre-2023\/\">subasta de <strong>PPA renovables<\/strong> con <strong>electrointensivos<\/strong><\/a> que est\u00e1 previsto que se realice en el primer trimestre de 2023, as\u00ed como de la situaci\u00f3n cr\u00edtica en que se encuentran los <strong>grandes consumidores<\/strong> debido a los altos precios de la energ\u00eda. Adem\u00e1s, Oriol Salt\u00f3 i Bauz\u00e0, Associate Partner en <strong>AleaGreen<\/strong>, analiz\u00f3 la evoluci\u00f3n y perspectivas de los mercados de energ\u00eda europeos. La <a href=\"https:\/\/aleasoft.com\/es\/webinars-sobre-mercados-sector-energia\/perspectivas-mercados-energia-europa-desarrollo-energias-renovables-mercados-plazo-coberturas-subasta-electrointensivos\/\">grabaci\u00f3n del webinar<\/a> se puede solicitar en el sitio web de <strong>AleaSoft Energy Forecasting<\/strong>.<\/p>\n\n\n\n<p>El <a href=\"https:\/\/aleasoft.com\/es\/webinars-sobre-mercados-sector-energia\/mercados-energia-medio-crisis-suministro-gas\/\">pr\u00f3ximo webinar<\/a> se realizar\u00e1 el 20 de octubre, nuevamente con ponentes de <strong>Deloitte<\/strong>, como en cada edici\u00f3n de octubre desde 2020. El webinar ser\u00e1 una nueva ocasi\u00f3n para analizar la situaci\u00f3n actual de la <strong>financiaci\u00f3n de los proyectos de energ\u00edas renovables<\/strong> y la importancia de las previsiones en las <a href=\"https:\/\/aleasoft.com\/es\/casos-previsiones\/reportes-previsiones-precios-valoracion-carteras-auditorias\/\"><strong>auditor\u00edas<\/strong> y en la <strong>valoraci\u00f3n de carteras<\/strong><\/a>. Como es habitual, tambi\u00e9n se realizar\u00e1 el an\u00e1lisis de la evoluci\u00f3n de los mercados de energ\u00eda europeos en unas fechas en las que, dependiendo de las condiciones meteorol\u00f3gicas, los mercados ya podr\u00edan estar en una situaci\u00f3n cr\u00edtica por la escasez e incertidumbre del suministro de gas desde Rusia.<\/p>\n","protected":false},"excerpt":{"rendered":"<p>El desarrollo de las energ\u00edas renovables e\u00f3lica y solar fotovoltaica en Espa\u00f1a est\u00e1 creando oportunidades en el mercado de electricidad. La tecnolog\u00eda m\u00e1s extendida actualmente para almacenar energ\u00eda, las centrales [&hellip;]<\/p>\n","protected":false},"author":2,"featured_media":0,"comment_status":"open","ping_status":"open","sticky":false,"template":"","format":"standard","meta":{"_acf_changed":false,"_bbp_topic_count":0,"_bbp_reply_count":0,"_bbp_total_topic_count":0,"_bbp_total_reply_count":0,"_bbp_voice_count":0,"_bbp_anonymous_reply_count":0,"_bbp_topic_count_hidden":0,"_bbp_reply_count_hidden":0,"_bbp_forum_subforum_count":0,"_et_pb_use_builder":"","_et_pb_old_content":"","_et_gb_content_width":"","footnotes":""},"categories":[438],"tags":[],"class_list":["post-63012","post","type-post","status-publish","format-standard","hentry","category-newsletter-julio-2022"],"acf":[],"yoast_head":"<!-- This site is optimized with the Yoast SEO plugin v27.4 - https:\/\/yoast.com\/product\/yoast-seo-wordpress\/ -->\n<title>El bombeo est\u00e1 adaptando su consumo a las energ\u00edas renovables \u00a0 - Asociaci\u00f3n Empresarial E\u00f3lica<\/title>\n<meta name=\"robots\" content=\"index, follow, max-snippet:-1, max-image-preview:large, max-video-preview:-1\" \/>\n<link rel=\"canonical\" href=\"https:\/\/aeeolica.org\/el-bombeo-esta-adaptando-su-consumo-a-las-energias-renovables\/\" \/>\n<meta property=\"og:locale\" content=\"en_US\" \/>\n<meta property=\"og:type\" content=\"article\" \/>\n<meta property=\"og:title\" content=\"El bombeo est\u00e1 adaptando su consumo a las energ\u00edas renovables \u00a0 - Asociaci\u00f3n Empresarial E\u00f3lica\" \/>\n<meta property=\"og:description\" content=\"El desarrollo de las energ\u00edas renovables e\u00f3lica y solar fotovoltaica en Espa\u00f1a est\u00e1 creando oportunidades en el mercado de electricidad. La tecnolog\u00eda m\u00e1s extendida actualmente para almacenar energ\u00eda, las centrales [&hellip;]\" \/>\n<meta property=\"og:url\" content=\"https:\/\/aeeolica.org\/el-bombeo-esta-adaptando-su-consumo-a-las-energias-renovables\/\" \/>\n<meta property=\"og:site_name\" content=\"Asociaci\u00f3n Empresarial E\u00f3lica\" \/>\n<meta property=\"article:publisher\" content=\"https:\/\/www.facebook.com\/aeeolica\" \/>\n<meta property=\"article:published_time\" content=\"2022-09-27T10:36:59+00:00\" \/>\n<meta property=\"article:modified_time\" content=\"2022-09-27T10:37:02+00:00\" \/>\n<meta property=\"og:image\" content=\"https:\/\/aeeolica.org\/wp-content\/uploads\/2022\/09\/20220922-AleaSoft-Central-hidroelectrica-reversible-bombeo-1024x360.jpg\" \/>\n<meta name=\"author\" content=\"Morante D\u00edaz, Mar\u00eda del Mar\" \/>\n<meta name=\"twitter:card\" content=\"summary_large_image\" \/>\n<meta name=\"twitter:creator\" content=\"@aeeolica\" \/>\n<meta name=\"twitter:site\" content=\"@aeeolica\" \/>\n<meta name=\"twitter:label1\" content=\"Written by\" \/>\n\t<meta name=\"twitter:data1\" content=\"Morante D\u00edaz, Mar\u00eda del Mar\" \/>\n\t<meta name=\"twitter:label2\" content=\"Est. reading time\" \/>\n\t<meta name=\"twitter:data2\" content=\"7 minutes\" \/>\n<script type=\"application\/ld+json\" class=\"yoast-schema-graph\">{\"@context\":\"https:\\\/\\\/schema.org\",\"@graph\":[{\"@type\":\"Article\",\"@id\":\"https:\\\/\\\/aeeolica.org\\\/el-bombeo-esta-adaptando-su-consumo-a-las-energias-renovables\\\/#article\",\"isPartOf\":{\"@id\":\"https:\\\/\\\/aeeolica.org\\\/el-bombeo-esta-adaptando-su-consumo-a-las-energias-renovables\\\/\"},\"author\":{\"name\":\"Morante D\u00edaz, Mar\u00eda del Mar\",\"@id\":\"https:\\\/\\\/aeeolica.org\\\/#\\\/schema\\\/person\\\/064b26f21f7ed52e0b3854e6b52f9772\"},\"headline\":\"El bombeo est\u00e1 adaptando su consumo a las energ\u00edas renovables \u00a0\",\"datePublished\":\"2022-09-27T10:36:59+00:00\",\"dateModified\":\"2022-09-27T10:37:02+00:00\",\"mainEntityOfPage\":{\"@id\":\"https:\\\/\\\/aeeolica.org\\\/el-bombeo-esta-adaptando-su-consumo-a-las-energias-renovables\\\/\"},\"wordCount\":1464,\"commentCount\":2,\"publisher\":{\"@id\":\"https:\\\/\\\/aeeolica.org\\\/#organization\"},\"image\":{\"@id\":\"https:\\\/\\\/aeeolica.org\\\/el-bombeo-esta-adaptando-su-consumo-a-las-energias-renovables\\\/#primaryimage\"},\"thumbnailUrl\":\"https:\\\/\\\/aeeolica.org\\\/wp-content\\\/uploads\\\/2022\\\/09\\\/20220922-AleaSoft-Central-hidroelectrica-reversible-bombeo-1024x360.jpg\",\"articleSection\":[\"Newsletter Julio 2022\"],\"inLanguage\":\"en-US\",\"potentialAction\":[{\"@type\":\"CommentAction\",\"name\":\"Comment\",\"target\":[\"https:\\\/\\\/aeeolica.org\\\/el-bombeo-esta-adaptando-su-consumo-a-las-energias-renovables\\\/#respond\"]}]},{\"@type\":\"WebPage\",\"@id\":\"https:\\\/\\\/aeeolica.org\\\/el-bombeo-esta-adaptando-su-consumo-a-las-energias-renovables\\\/\",\"url\":\"https:\\\/\\\/aeeolica.org\\\/el-bombeo-esta-adaptando-su-consumo-a-las-energias-renovables\\\/\",\"name\":\"El bombeo est\u00e1 adaptando su consumo a las energ\u00edas renovables \u00a0 - Asociaci\u00f3n Empresarial E\u00f3lica\",\"isPartOf\":{\"@id\":\"https:\\\/\\\/aeeolica.org\\\/#website\"},\"primaryImageOfPage\":{\"@id\":\"https:\\\/\\\/aeeolica.org\\\/el-bombeo-esta-adaptando-su-consumo-a-las-energias-renovables\\\/#primaryimage\"},\"image\":{\"@id\":\"https:\\\/\\\/aeeolica.org\\\/el-bombeo-esta-adaptando-su-consumo-a-las-energias-renovables\\\/#primaryimage\"},\"thumbnailUrl\":\"https:\\\/\\\/aeeolica.org\\\/wp-content\\\/uploads\\\/2022\\\/09\\\/20220922-AleaSoft-Central-hidroelectrica-reversible-bombeo-1024x360.jpg\",\"datePublished\":\"2022-09-27T10:36:59+00:00\",\"dateModified\":\"2022-09-27T10:37:02+00:00\",\"breadcrumb\":{\"@id\":\"https:\\\/\\\/aeeolica.org\\\/el-bombeo-esta-adaptando-su-consumo-a-las-energias-renovables\\\/#breadcrumb\"},\"inLanguage\":\"en-US\",\"potentialAction\":[{\"@type\":\"ReadAction\",\"target\":[\"https:\\\/\\\/aeeolica.org\\\/el-bombeo-esta-adaptando-su-consumo-a-las-energias-renovables\\\/\"]}]},{\"@type\":\"ImageObject\",\"inLanguage\":\"en-US\",\"@id\":\"https:\\\/\\\/aeeolica.org\\\/el-bombeo-esta-adaptando-su-consumo-a-las-energias-renovables\\\/#primaryimage\",\"url\":\"https:\\\/\\\/aeeolica.org\\\/wp-content\\\/uploads\\\/2022\\\/09\\\/20220922-AleaSoft-Central-hidroelectrica-reversible-bombeo-1024x360.jpg\",\"contentUrl\":\"https:\\\/\\\/aeeolica.org\\\/wp-content\\\/uploads\\\/2022\\\/09\\\/20220922-AleaSoft-Central-hidroelectrica-reversible-bombeo-1024x360.jpg\"},{\"@type\":\"BreadcrumbList\",\"@id\":\"https:\\\/\\\/aeeolica.org\\\/el-bombeo-esta-adaptando-su-consumo-a-las-energias-renovables\\\/#breadcrumb\",\"itemListElement\":[{\"@type\":\"ListItem\",\"position\":1,\"name\":\"Portada\",\"item\":\"https:\\\/\\\/aeeolica.org\\\/en\\\/inicio\\\/\"},{\"@type\":\"ListItem\",\"position\":2,\"name\":\"El bombeo est\u00e1 adaptando su consumo a las energ\u00edas renovables \u00a0\"}]},{\"@type\":\"WebSite\",\"@id\":\"https:\\\/\\\/aeeolica.org\\\/#website\",\"url\":\"https:\\\/\\\/aeeolica.org\\\/\",\"name\":\"Asociaci\u00f3n Empresarial E\u00f3lica\",\"description\":\"AEE Asociaci\u00f3n Empresarial E\u00f3lica\",\"publisher\":{\"@id\":\"https:\\\/\\\/aeeolica.org\\\/#organization\"},\"potentialAction\":[{\"@type\":\"SearchAction\",\"target\":{\"@type\":\"EntryPoint\",\"urlTemplate\":\"https:\\\/\\\/aeeolica.org\\\/?s={search_term_string}\"},\"query-input\":{\"@type\":\"PropertyValueSpecification\",\"valueRequired\":true,\"valueName\":\"search_term_string\"}}],\"inLanguage\":\"en-US\"},{\"@type\":\"Organization\",\"@id\":\"https:\\\/\\\/aeeolica.org\\\/#organization\",\"name\":\"Asociaci\u00f3n Empresarial E\u00f3lica\",\"url\":\"https:\\\/\\\/aeeolica.org\\\/\",\"logo\":{\"@type\":\"ImageObject\",\"inLanguage\":\"en-US\",\"@id\":\"https:\\\/\\\/aeeolica.org\\\/#\\\/schema\\\/logo\\\/image\\\/\",\"url\":\"https:\\\/\\\/aeeolica.org\\\/wp-content\\\/uploads\\\/2021\\\/08\\\/logo-aee.png\",\"contentUrl\":\"https:\\\/\\\/aeeolica.org\\\/wp-content\\\/uploads\\\/2021\\\/08\\\/logo-aee.png\",\"width\":180,\"height\":78,\"caption\":\"Asociaci\u00f3n Empresarial E\u00f3lica\"},\"image\":{\"@id\":\"https:\\\/\\\/aeeolica.org\\\/#\\\/schema\\\/logo\\\/image\\\/\"},\"sameAs\":[\"https:\\\/\\\/www.facebook.com\\\/aeeolica\",\"https:\\\/\\\/x.com\\\/aeeolica\",\"https:\\\/\\\/www.instagram.com\\\/aeeolica\\\/\",\"https:\\\/\\\/www.linkedin.com\\\/in\\\/aee-asociaci\u00f3n-empresarial-e\u00f3lica-6830946b\\\/\",\"https:\\\/\\\/www.youtube.com\\\/user\\\/AEEolica\"]},{\"@type\":\"Person\",\"@id\":\"https:\\\/\\\/aeeolica.org\\\/#\\\/schema\\\/person\\\/064b26f21f7ed52e0b3854e6b52f9772\",\"name\":\"Morante D\u00edaz, Mar\u00eda del Mar\",\"image\":{\"@type\":\"ImageObject\",\"inLanguage\":\"en-US\",\"@id\":\"https:\\\/\\\/secure.gravatar.com\\\/avatar\\\/8bfd23e1c4bf5aa0b9314f1c5c9d644e62672831e6a512513954c3f15dffdd5a?s=96&d=mm&r=g\",\"url\":\"https:\\\/\\\/secure.gravatar.com\\\/avatar\\\/8bfd23e1c4bf5aa0b9314f1c5c9d644e62672831e6a512513954c3f15dffdd5a?s=96&d=mm&r=g\",\"contentUrl\":\"https:\\\/\\\/secure.gravatar.com\\\/avatar\\\/8bfd23e1c4bf5aa0b9314f1c5c9d644e62672831e6a512513954c3f15dffdd5a?s=96&d=mm&r=g\",\"caption\":\"Morante D\u00edaz, Mar\u00eda del Mar\"},\"url\":\"https:\\\/\\\/aeeolica.org\\\/en\\\/author\\\/mar\\\/\"}]}<\/script>\n<!-- \/ Yoast SEO plugin. -->","yoast_head_json":{"title":"El bombeo est\u00e1 adaptando su consumo a las energ\u00edas renovables \u00a0 - Asociaci\u00f3n Empresarial E\u00f3lica","robots":{"index":"index","follow":"follow","max-snippet":"max-snippet:-1","max-image-preview":"max-image-preview:large","max-video-preview":"max-video-preview:-1"},"canonical":"https:\/\/aeeolica.org\/el-bombeo-esta-adaptando-su-consumo-a-las-energias-renovables\/","og_locale":"en_US","og_type":"article","og_title":"El bombeo est\u00e1 adaptando su consumo a las energ\u00edas renovables \u00a0 - Asociaci\u00f3n Empresarial E\u00f3lica","og_description":"El desarrollo de las energ\u00edas renovables e\u00f3lica y solar fotovoltaica en Espa\u00f1a est\u00e1 creando oportunidades en el mercado de electricidad. La tecnolog\u00eda m\u00e1s extendida actualmente para almacenar energ\u00eda, las centrales [&hellip;]","og_url":"https:\/\/aeeolica.org\/el-bombeo-esta-adaptando-su-consumo-a-las-energias-renovables\/","og_site_name":"Asociaci\u00f3n Empresarial E\u00f3lica","article_publisher":"https:\/\/www.facebook.com\/aeeolica","article_published_time":"2022-09-27T10:36:59+00:00","article_modified_time":"2022-09-27T10:37:02+00:00","og_image":[{"url":"https:\/\/aeeolica.org\/wp-content\/uploads\/2022\/09\/20220922-AleaSoft-Central-hidroelectrica-reversible-bombeo-1024x360.jpg","type":"","width":"","height":""}],"author":"Morante D\u00edaz, Mar\u00eda del Mar","twitter_card":"summary_large_image","twitter_creator":"@aeeolica","twitter_site":"@aeeolica","twitter_misc":{"Written by":"Morante D\u00edaz, Mar\u00eda del Mar","Est. reading time":"7 minutes"},"schema":{"@context":"https:\/\/schema.org","@graph":[{"@type":"Article","@id":"https:\/\/aeeolica.org\/el-bombeo-esta-adaptando-su-consumo-a-las-energias-renovables\/#article","isPartOf":{"@id":"https:\/\/aeeolica.org\/el-bombeo-esta-adaptando-su-consumo-a-las-energias-renovables\/"},"author":{"name":"Morante D\u00edaz, Mar\u00eda del Mar","@id":"https:\/\/aeeolica.org\/#\/schema\/person\/064b26f21f7ed52e0b3854e6b52f9772"},"headline":"El bombeo est\u00e1 adaptando su consumo a las energ\u00edas renovables \u00a0","datePublished":"2022-09-27T10:36:59+00:00","dateModified":"2022-09-27T10:37:02+00:00","mainEntityOfPage":{"@id":"https:\/\/aeeolica.org\/el-bombeo-esta-adaptando-su-consumo-a-las-energias-renovables\/"},"wordCount":1464,"commentCount":2,"publisher":{"@id":"https:\/\/aeeolica.org\/#organization"},"image":{"@id":"https:\/\/aeeolica.org\/el-bombeo-esta-adaptando-su-consumo-a-las-energias-renovables\/#primaryimage"},"thumbnailUrl":"https:\/\/aeeolica.org\/wp-content\/uploads\/2022\/09\/20220922-AleaSoft-Central-hidroelectrica-reversible-bombeo-1024x360.jpg","articleSection":["Newsletter Julio 2022"],"inLanguage":"en-US","potentialAction":[{"@type":"CommentAction","name":"Comment","target":["https:\/\/aeeolica.org\/el-bombeo-esta-adaptando-su-consumo-a-las-energias-renovables\/#respond"]}]},{"@type":"WebPage","@id":"https:\/\/aeeolica.org\/el-bombeo-esta-adaptando-su-consumo-a-las-energias-renovables\/","url":"https:\/\/aeeolica.org\/el-bombeo-esta-adaptando-su-consumo-a-las-energias-renovables\/","name":"El bombeo est\u00e1 adaptando su consumo a las energ\u00edas renovables \u00a0 - Asociaci\u00f3n Empresarial E\u00f3lica","isPartOf":{"@id":"https:\/\/aeeolica.org\/#website"},"primaryImageOfPage":{"@id":"https:\/\/aeeolica.org\/el-bombeo-esta-adaptando-su-consumo-a-las-energias-renovables\/#primaryimage"},"image":{"@id":"https:\/\/aeeolica.org\/el-bombeo-esta-adaptando-su-consumo-a-las-energias-renovables\/#primaryimage"},"thumbnailUrl":"https:\/\/aeeolica.org\/wp-content\/uploads\/2022\/09\/20220922-AleaSoft-Central-hidroelectrica-reversible-bombeo-1024x360.jpg","datePublished":"2022-09-27T10:36:59+00:00","dateModified":"2022-09-27T10:37:02+00:00","breadcrumb":{"@id":"https:\/\/aeeolica.org\/el-bombeo-esta-adaptando-su-consumo-a-las-energias-renovables\/#breadcrumb"},"inLanguage":"en-US","potentialAction":[{"@type":"ReadAction","target":["https:\/\/aeeolica.org\/el-bombeo-esta-adaptando-su-consumo-a-las-energias-renovables\/"]}]},{"@type":"ImageObject","inLanguage":"en-US","@id":"https:\/\/aeeolica.org\/el-bombeo-esta-adaptando-su-consumo-a-las-energias-renovables\/#primaryimage","url":"https:\/\/aeeolica.org\/wp-content\/uploads\/2022\/09\/20220922-AleaSoft-Central-hidroelectrica-reversible-bombeo-1024x360.jpg","contentUrl":"https:\/\/aeeolica.org\/wp-content\/uploads\/2022\/09\/20220922-AleaSoft-Central-hidroelectrica-reversible-bombeo-1024x360.jpg"},{"@type":"BreadcrumbList","@id":"https:\/\/aeeolica.org\/el-bombeo-esta-adaptando-su-consumo-a-las-energias-renovables\/#breadcrumb","itemListElement":[{"@type":"ListItem","position":1,"name":"Portada","item":"https:\/\/aeeolica.org\/en\/inicio\/"},{"@type":"ListItem","position":2,"name":"El bombeo est\u00e1 adaptando su consumo a las energ\u00edas renovables \u00a0"}]},{"@type":"WebSite","@id":"https:\/\/aeeolica.org\/#website","url":"https:\/\/aeeolica.org\/","name":"Asociaci\u00f3n Empresarial E\u00f3lica","description":"AEE Asociaci\u00f3n Empresarial E\u00f3lica","publisher":{"@id":"https:\/\/aeeolica.org\/#organization"},"potentialAction":[{"@type":"SearchAction","target":{"@type":"EntryPoint","urlTemplate":"https:\/\/aeeolica.org\/?s={search_term_string}"},"query-input":{"@type":"PropertyValueSpecification","valueRequired":true,"valueName":"search_term_string"}}],"inLanguage":"en-US"},{"@type":"Organization","@id":"https:\/\/aeeolica.org\/#organization","name":"Asociaci\u00f3n Empresarial E\u00f3lica","url":"https:\/\/aeeolica.org\/","logo":{"@type":"ImageObject","inLanguage":"en-US","@id":"https:\/\/aeeolica.org\/#\/schema\/logo\/image\/","url":"https:\/\/aeeolica.org\/wp-content\/uploads\/2021\/08\/logo-aee.png","contentUrl":"https:\/\/aeeolica.org\/wp-content\/uploads\/2021\/08\/logo-aee.png","width":180,"height":78,"caption":"Asociaci\u00f3n Empresarial E\u00f3lica"},"image":{"@id":"https:\/\/aeeolica.org\/#\/schema\/logo\/image\/"},"sameAs":["https:\/\/www.facebook.com\/aeeolica","https:\/\/x.com\/aeeolica","https:\/\/www.instagram.com\/aeeolica\/","https:\/\/www.linkedin.com\/in\/aee-asociaci\u00f3n-empresarial-e\u00f3lica-6830946b\/","https:\/\/www.youtube.com\/user\/AEEolica"]},{"@type":"Person","@id":"https:\/\/aeeolica.org\/#\/schema\/person\/064b26f21f7ed52e0b3854e6b52f9772","name":"Morante D\u00edaz, Mar\u00eda del Mar","image":{"@type":"ImageObject","inLanguage":"en-US","@id":"https:\/\/secure.gravatar.com\/avatar\/8bfd23e1c4bf5aa0b9314f1c5c9d644e62672831e6a512513954c3f15dffdd5a?s=96&d=mm&r=g","url":"https:\/\/secure.gravatar.com\/avatar\/8bfd23e1c4bf5aa0b9314f1c5c9d644e62672831e6a512513954c3f15dffdd5a?s=96&d=mm&r=g","contentUrl":"https:\/\/secure.gravatar.com\/avatar\/8bfd23e1c4bf5aa0b9314f1c5c9d644e62672831e6a512513954c3f15dffdd5a?s=96&d=mm&r=g","caption":"Morante D\u00edaz, Mar\u00eda del Mar"},"url":"https:\/\/aeeolica.org\/en\/author\/mar\/"}]}},"_links":{"self":[{"href":"https:\/\/aeeolica.org\/en\/wp-json\/wp\/v2\/posts\/63012","targetHints":{"allow":["GET"]}}],"collection":[{"href":"https:\/\/aeeolica.org\/en\/wp-json\/wp\/v2\/posts"}],"about":[{"href":"https:\/\/aeeolica.org\/en\/wp-json\/wp\/v2\/types\/post"}],"author":[{"embeddable":true,"href":"https:\/\/aeeolica.org\/en\/wp-json\/wp\/v2\/users\/2"}],"replies":[{"embeddable":true,"href":"https:\/\/aeeolica.org\/en\/wp-json\/wp\/v2\/comments?post=63012"}],"version-history":[{"count":0,"href":"https:\/\/aeeolica.org\/en\/wp-json\/wp\/v2\/posts\/63012\/revisions"}],"wp:attachment":[{"href":"https:\/\/aeeolica.org\/en\/wp-json\/wp\/v2\/media?parent=63012"}],"wp:term":[{"taxonomy":"category","embeddable":true,"href":"https:\/\/aeeolica.org\/en\/wp-json\/wp\/v2\/categories?post=63012"},{"taxonomy":"post_tag","embeddable":true,"href":"https:\/\/aeeolica.org\/en\/wp-json\/wp\/v2\/tags?post=63012"}],"curies":[{"name":"wp","href":"https:\/\/api.w.org\/{rel}","templated":true}]}}