{"id":63023,"date":"2022-09-27T12:43:03","date_gmt":"2022-09-27T10:43:03","guid":{"rendered":"https:\/\/aeeolica.org\/?p=63023"},"modified":"2022-09-27T12:43:05","modified_gmt":"2022-09-27T10:43:05","slug":"nace-renercycle-con-el-objetivo-de-ofrecer-soluciones-industriales-de-economia-circular-al-sector-renovable","status":"publish","type":"post","link":"https:\/\/aeeolica.org\/en\/nace-renercycle-con-el-objetivo-de-ofrecer-soluciones-industriales-de-economia-circular-al-sector-renovable\/","title":{"rendered":"Nace RenerCycle con el objetivo de ofrecer soluciones industriales de econom\u00eda circular al sector renovable \u00a0"},"content":{"rendered":"\n<ul class=\"wp-block-list\"><li>RenerCycle tiene como socios a 17 compa\u00f1\u00edas de reconocido prestigio y gran experiencia en el sector renovable como las promotoras de proyectos ACCIONA Energ\u00eda y Enerfin (Grupo Elecnor), las inversoras Sidenhol (Enhol y Sidenor) y EIT InnoEnergy, las industriales Nordex, Ingeteam, Inpre, Laulagun Bearings, Mekatar, Hine, Frenos Iru\u00f1a, Lizarte y Saprem, as\u00ed como las compa\u00f1\u00edas de servicios Sincro Mec\u00e1nica, Tetrace, Abintus Engineering y Eo6 Ingenier\u00eda.<\/li><\/ul>\n\n\n\n<ul class=\"wp-block-list\"><li>Los planes preliminares de la nueva compa\u00f1\u00eda incluir\u00edan realizar una inversi\u00f3n de 10 M\u20ac en los pr\u00f3ximos tres a\u00f1os y la creaci\u00f3n de hasta 50 empleos en la Comunidad Foral.<\/li><\/ul>\n\n\n\n<ul class=\"wp-block-list\"><li>La nueva sociedad creada cuenta con el apoyo del Gobierno de Navarra cuya presidenta Mar\u00eda Chivite lo ha calificado como proyecto estrat\u00e9gico para la regi\u00f3n.<\/li><\/ul>\n\n\n\n<p>Representantes de la nueva compa\u00f1\u00eda han sido recibidos hoy por la presidenta del Gobierno de Navarra, Mar\u00eda Chivite, y el consejero de desarrollo econ\u00f3mico y empresarial, Mikel Irujo, quienes han confirmado el apoyo de su gobierno a esta iniciativa sectorial, y que viene a incrementar la sostenibilidad del sector industrial renovable mediante el desarrollo e implantaci\u00f3n de soluciones integrales de circularidad para el propio sector.<\/p>\n\n\n\n<p>En palabras de Javier Villanueva, actual presidente del consejo de administraci\u00f3n de RenerCycle, <em>\u201cRenerCycle nace para convertirse en un actor independiente e importante en el sector de las energ\u00edas renovables, para liderar la actividad industrial en lo relativo al desmantelamiento de parque e\u00f3licos que llegan al final de su vida \u00fatil y al reacondicionamiento de los principales componentes para su utilizaci\u00f3n en una segunda vida totalmente garantizados e incluyendo el reciclaje de aquellas partes de las que se puede obtener materia prima, manteni\u00e9ndola as\u00ed el m\u00e1ximo tiempo posible en el ciclo econ\u00f3mico\u201d. <\/em>Con ello, RenerCycle alcanzar\u00e1 el objetivo de disminuir significativamente el consumo de recursos naturales, impulsando al sector hacia un objetivo de m\u00e1xima sostenibilidad. Seg\u00fan Javier Villanueva,<em> \u201cRenerCycle es la respuesta local de la propia industria renovable para avanzar juntos hacia un futuro positivo para el planeta y las personas.\u201d <\/em>&nbsp;<\/p>\n\n\n\n<p>RenerCycle viene avalada por la gran experiencia en el sector renovable, y en el e\u00f3lico en particular, de sus socios fundadores.<\/p>\n\n\n\n<p><strong>ACCIONA Energ\u00eda, Enerfin y Grupo Enhol <\/strong>aportan su gran experiencia desarrollando y operando plantas renovables con una flota conjunta de m\u00e1s de 27 GW en todo el mundo. <strong>Nordex<\/strong> aporta su extensa experiencia en el dise\u00f1o, fabricaci\u00f3n, instalaci\u00f3n y mantenimiento de turbinas e\u00f3licas, con 40 GW instalados a nivel global. <strong>Ingeteam, Inpre, Laulagun Bearings, Grupo Hine Renovables, Mekatar Group, Frenos Iru\u00f1a y Saprem<\/strong> se encuentran entre los principales fabricantes de componentes e\u00f3licos del mundo y entre todos acumulan m\u00e1s de 100 GW de experiencia en fabricaci\u00f3n de componentes mec\u00e1nicos y el\u00e9ctricos. <strong>Tetrace, Sidenor, Lizarte y Sincro Mec\u00e1nica <\/strong>por su parte aportan su liderazgo en servicios <a>as\u00ed como en el reacondicionamiento y reciclaje de los componentes<\/a>, mientras que <strong>Abintus Engineering, Eo6 Ingenier\u00eda y EIT Innoenergy<\/strong> aportan respectivamente experiencia en consultor\u00eda estrat\u00e9gica y gesti\u00f3n de empresas renovables, capacidades de ingenier\u00eda especializada en la industria e\u00f3lica e inversi\u00f3n estrat\u00e9gica en programas de energ\u00eda renovable de acuerdo con las directrices marcadas por la comisi\u00f3n europea.<\/p>\n\n\n\n<p><strong>Oferta integral de servicios para parques e\u00f3licos<\/strong><\/p>\n\n\n\n<p>RenerCycle desarrollar\u00e1 a partir del pr\u00f3ximo a\u00f1o 2023 su oferta integral mediante tres l\u00edneas de negocio: desmantelamiento y reacondicionamiento industrial de los principales componentes de los aerogeneradores (palas, ejes y multiplicadoras, generadores el\u00e9ctricos y convertidores, grandes rodamientos, actuadores hidr\u00e1ulicos y frenos as\u00ed como del resto de subcomponentes el\u00e9ctricos y electr\u00f3nicos), recuperaci\u00f3n de ciertas materias primas como aceros y fundidos y reciclaje de los materiales compuestos de fibras de vidrio y resinas no reutilizables, consiguiendo de este modo el gran objetivo de sostenibilidad del sector e\u00f3lico: cero residuos.<\/p>\n\n\n\n<p><strong>M\u00e1s de 50.000 turbinas al final de su vida \u00fatil en 2030<\/strong><\/p>\n\n\n\n<p>El gran crecimiento de las energ\u00edas renovables a nivel mundial obliga a desarrollar soluciones eficaces y rentables de circularidad para conseguir un sector 100% sostenible.<\/p>\n\n\n\n<p>Se calcula que en 2030 habr\u00e1 en Europa m\u00e1s de 50.000 turbinas e\u00f3licas que habr\u00e1n llegado o superado los 20 a\u00f1os de vida \u00fatil, siendo Espa\u00f1a y Alemania los mercados que m\u00e1s flota a desmantelar tendr\u00e1n con m\u00e1s de 16.000 turbinas cada uno. La magnitud de este mercado tambi\u00e9n se traslada a las palas, componente que a partir de 2025 no podr\u00e1 ser depositado en vertedero por lo que deber\u00e1n ser recicladas. Se calcula que en 2030 m\u00e1s de 500.000 toneladas de palas e\u00f3licas habr\u00e1n alcanzado el final de su vida \u00fatil, de las cuales 170.000 toneladas corresponden al mercado espa\u00f1ol.<\/p>\n\n\n\n<p>RenerCycle orientar\u00e1 inicialmente sus servicios al sector e\u00f3lico para atender la necesidad creciente de este sector, aunque nace con la vocaci\u00f3n de desarrollar soluciones de circularidad a medida que el mercado las demande tanto en el \u00e1mbito e\u00f3lico como en el solar fotovoltaico y en el del almacenamiento por bater\u00edas.<\/p>\n\n\n\n<p><strong>Vocaci\u00f3n industrial y apoyo del Gobierno de Navarra<\/strong><\/p>\n\n\n\n<p>Los planes preliminares de RenerCycle incluir\u00edan la inversi\u00f3n de al menos 10 millones de euros en tres a\u00f1os de los cuales un tercio se dedicar\u00eda a la construcci\u00f3n y operaci\u00f3n de una planta de reciclado de palas y el resto ir\u00eda destinado a la actualizaci\u00f3n de los medios productivos para el reacondicionado de los componentes, as\u00ed como a las actividades de I+D+i necesarias para alcanzar procesos de fabricaci\u00f3n eficientes con el uso de los recursos naturales y la energ\u00eda. En estos primeros planes de la compa\u00f1\u00eda estar\u00eda la creaci\u00f3n de hasta 50 nuevos puestos de trabajo cualificado entre sus actividades de reacondicionado, recuperaci\u00f3n y reciclaje de componentes e\u00f3licos.<\/p>\n\n\n\n<p>La nueva compa\u00f1\u00eda creada cuenta con el apoyo del Gobierno de Navarra que considera la iniciativa estrat\u00e9gica para la comunidad. De esta manera, Navarra se reafirma como polo de innovaci\u00f3n y liderazgo en el desarrollo del sector renovable con especial \u00e9nfasis en iniciativas industriales de econom\u00eda circular encaminadas a conseguir la m\u00e1xima sostenibilidad de la actividad de las energ\u00edas renovables, as\u00ed como para aprovechar las oportunidades econ\u00f3micas que esta trae asociada.<\/p>\n\n\n\n<figure class=\"wp-block-image size-full\"><img decoding=\"async\" width=\"1024\" height=\"622\" src=\"https:\/\/aeeolica.org\/wp-content\/uploads\/2022\/09\/Foto-exterior-1024x622-1.jpeg\" alt=\"\" class=\"wp-image-63027\" srcset=\"https:\/\/aeeolica.org\/wp-content\/uploads\/2022\/09\/Foto-exterior-1024x622-1.jpeg 1024w, https:\/\/aeeolica.org\/wp-content\/uploads\/2022\/09\/Foto-exterior-1024x622-1-980x595.jpeg 980w, https:\/\/aeeolica.org\/wp-content\/uploads\/2022\/09\/Foto-exterior-1024x622-1-480x292.jpeg 480w\" sizes=\"(min-width: 0px) and (max-width: 480px) 480px, (min-width: 481px) and (max-width: 980px) 980px, (min-width: 981px) 1024px, 100vw\" \/><\/figure>\n","protected":false},"excerpt":{"rendered":"<p>RenerCycle tiene como socios a 17 compa\u00f1\u00edas de reconocido prestigio y gran experiencia en el sector renovable como las promotoras de proyectos ACCIONA Energ\u00eda y Enerfin (Grupo Elecnor), las inversoras [&hellip;]<\/p>\n","protected":false},"author":2,"featured_media":0,"comment_status":"open","ping_status":"open","sticky":false,"template":"","format":"standard","meta":{"_acf_changed":false,"_bbp_topic_count":0,"_bbp_reply_count":0,"_bbp_total_topic_count":0,"_bbp_total_reply_count":0,"_bbp_voice_count":0,"_bbp_anonymous_reply_count":0,"_bbp_topic_count_hidden":0,"_bbp_reply_count_hidden":0,"_bbp_forum_subforum_count":0,"_et_pb_use_builder":"","_et_pb_old_content":"","_et_gb_content_width":"","footnotes":""},"categories":[438],"tags":[],"class_list":["post-63023","post","type-post","status-publish","format-standard","hentry","category-newsletter-julio-2022"],"acf":[],"yoast_head":"<!-- This site is optimized with the Yoast SEO plugin v27.4 - https:\/\/yoast.com\/product\/yoast-seo-wordpress\/ -->\n<title>Nace RenerCycle con el objetivo de ofrecer soluciones industriales de econom\u00eda circular al sector renovable \u00a0 - Asociaci\u00f3n Empresarial E\u00f3lica<\/title>\n<meta name=\"robots\" content=\"index, follow, max-snippet:-1, max-image-preview:large, max-video-preview:-1\" \/>\n<link rel=\"canonical\" href=\"https:\/\/aeeolica.org\/nace-renercycle-con-el-objetivo-de-ofrecer-soluciones-industriales-de-economia-circular-al-sector-renovable\/\" \/>\n<meta property=\"og:locale\" content=\"en_US\" \/>\n<meta property=\"og:type\" content=\"article\" \/>\n<meta property=\"og:title\" content=\"Nace RenerCycle con el objetivo de ofrecer soluciones industriales de econom\u00eda circular al sector renovable \u00a0 - Asociaci\u00f3n Empresarial E\u00f3lica\" \/>\n<meta property=\"og:description\" content=\"RenerCycle tiene como socios a 17 compa\u00f1\u00edas de reconocido prestigio y gran experiencia en el sector renovable como las promotoras de proyectos ACCIONA Energ\u00eda y Enerfin (Grupo Elecnor), las inversoras [&hellip;]\" \/>\n<meta property=\"og:url\" content=\"https:\/\/aeeolica.org\/nace-renercycle-con-el-objetivo-de-ofrecer-soluciones-industriales-de-economia-circular-al-sector-renovable\/\" \/>\n<meta property=\"og:site_name\" content=\"Asociaci\u00f3n Empresarial E\u00f3lica\" \/>\n<meta property=\"article:publisher\" content=\"https:\/\/www.facebook.com\/aeeolica\" \/>\n<meta property=\"article:published_time\" content=\"2022-09-27T10:43:03+00:00\" \/>\n<meta property=\"article:modified_time\" content=\"2022-09-27T10:43:05+00:00\" \/>\n<meta property=\"og:image\" content=\"https:\/\/aeeolica.org\/wp-content\/uploads\/2022\/09\/Foto-exterior-1024x622-1.jpeg\" \/>\n<meta name=\"author\" content=\"Morante D\u00edaz, Mar\u00eda del Mar\" \/>\n<meta name=\"twitter:card\" content=\"summary_large_image\" \/>\n<meta name=\"twitter:creator\" content=\"@aeeolica\" \/>\n<meta name=\"twitter:site\" content=\"@aeeolica\" \/>\n<meta name=\"twitter:label1\" content=\"Written by\" \/>\n\t<meta name=\"twitter:data1\" content=\"Morante D\u00edaz, Mar\u00eda del Mar\" \/>\n\t<meta name=\"twitter:label2\" content=\"Est. reading time\" \/>\n\t<meta name=\"twitter:data2\" content=\"5 minutes\" \/>\n<script type=\"application\/ld+json\" class=\"yoast-schema-graph\">{\"@context\":\"https:\\\/\\\/schema.org\",\"@graph\":[{\"@type\":\"Article\",\"@id\":\"https:\\\/\\\/aeeolica.org\\\/nace-renercycle-con-el-objetivo-de-ofrecer-soluciones-industriales-de-economia-circular-al-sector-renovable\\\/#article\",\"isPartOf\":{\"@id\":\"https:\\\/\\\/aeeolica.org\\\/nace-renercycle-con-el-objetivo-de-ofrecer-soluciones-industriales-de-economia-circular-al-sector-renovable\\\/\"},\"author\":{\"name\":\"Morante D\u00edaz, Mar\u00eda del Mar\",\"@id\":\"https:\\\/\\\/aeeolica.org\\\/#\\\/schema\\\/person\\\/064b26f21f7ed52e0b3854e6b52f9772\"},\"headline\":\"Nace RenerCycle con el objetivo de ofrecer soluciones industriales de econom\u00eda circular al sector renovable \u00a0\",\"datePublished\":\"2022-09-27T10:43:03+00:00\",\"dateModified\":\"2022-09-27T10:43:05+00:00\",\"mainEntityOfPage\":{\"@id\":\"https:\\\/\\\/aeeolica.org\\\/nace-renercycle-con-el-objetivo-de-ofrecer-soluciones-industriales-de-economia-circular-al-sector-renovable\\\/\"},\"wordCount\":1081,\"commentCount\":2,\"publisher\":{\"@id\":\"https:\\\/\\\/aeeolica.org\\\/#organization\"},\"image\":{\"@id\":\"https:\\\/\\\/aeeolica.org\\\/nace-renercycle-con-el-objetivo-de-ofrecer-soluciones-industriales-de-economia-circular-al-sector-renovable\\\/#primaryimage\"},\"thumbnailUrl\":\"https:\\\/\\\/aeeolica.org\\\/wp-content\\\/uploads\\\/2022\\\/09\\\/Foto-exterior-1024x622-1.jpeg\",\"articleSection\":[\"Newsletter Julio 2022\"],\"inLanguage\":\"en-US\",\"potentialAction\":[{\"@type\":\"CommentAction\",\"name\":\"Comment\",\"target\":[\"https:\\\/\\\/aeeolica.org\\\/nace-renercycle-con-el-objetivo-de-ofrecer-soluciones-industriales-de-economia-circular-al-sector-renovable\\\/#respond\"]}]},{\"@type\":\"WebPage\",\"@id\":\"https:\\\/\\\/aeeolica.org\\\/nace-renercycle-con-el-objetivo-de-ofrecer-soluciones-industriales-de-economia-circular-al-sector-renovable\\\/\",\"url\":\"https:\\\/\\\/aeeolica.org\\\/nace-renercycle-con-el-objetivo-de-ofrecer-soluciones-industriales-de-economia-circular-al-sector-renovable\\\/\",\"name\":\"Nace RenerCycle con el objetivo de ofrecer soluciones industriales de econom\u00eda circular al sector renovable \u00a0 - Asociaci\u00f3n Empresarial E\u00f3lica\",\"isPartOf\":{\"@id\":\"https:\\\/\\\/aeeolica.org\\\/#website\"},\"primaryImageOfPage\":{\"@id\":\"https:\\\/\\\/aeeolica.org\\\/nace-renercycle-con-el-objetivo-de-ofrecer-soluciones-industriales-de-economia-circular-al-sector-renovable\\\/#primaryimage\"},\"image\":{\"@id\":\"https:\\\/\\\/aeeolica.org\\\/nace-renercycle-con-el-objetivo-de-ofrecer-soluciones-industriales-de-economia-circular-al-sector-renovable\\\/#primaryimage\"},\"thumbnailUrl\":\"https:\\\/\\\/aeeolica.org\\\/wp-content\\\/uploads\\\/2022\\\/09\\\/Foto-exterior-1024x622-1.jpeg\",\"datePublished\":\"2022-09-27T10:43:03+00:00\",\"dateModified\":\"2022-09-27T10:43:05+00:00\",\"breadcrumb\":{\"@id\":\"https:\\\/\\\/aeeolica.org\\\/nace-renercycle-con-el-objetivo-de-ofrecer-soluciones-industriales-de-economia-circular-al-sector-renovable\\\/#breadcrumb\"},\"inLanguage\":\"en-US\",\"potentialAction\":[{\"@type\":\"ReadAction\",\"target\":[\"https:\\\/\\\/aeeolica.org\\\/nace-renercycle-con-el-objetivo-de-ofrecer-soluciones-industriales-de-economia-circular-al-sector-renovable\\\/\"]}]},{\"@type\":\"ImageObject\",\"inLanguage\":\"en-US\",\"@id\":\"https:\\\/\\\/aeeolica.org\\\/nace-renercycle-con-el-objetivo-de-ofrecer-soluciones-industriales-de-economia-circular-al-sector-renovable\\\/#primaryimage\",\"url\":\"https:\\\/\\\/aeeolica.org\\\/wp-content\\\/uploads\\\/2022\\\/09\\\/Foto-exterior-1024x622-1.jpeg\",\"contentUrl\":\"https:\\\/\\\/aeeolica.org\\\/wp-content\\\/uploads\\\/2022\\\/09\\\/Foto-exterior-1024x622-1.jpeg\"},{\"@type\":\"BreadcrumbList\",\"@id\":\"https:\\\/\\\/aeeolica.org\\\/nace-renercycle-con-el-objetivo-de-ofrecer-soluciones-industriales-de-economia-circular-al-sector-renovable\\\/#breadcrumb\",\"itemListElement\":[{\"@type\":\"ListItem\",\"position\":1,\"name\":\"Portada\",\"item\":\"https:\\\/\\\/aeeolica.org\\\/en\\\/inicio\\\/\"},{\"@type\":\"ListItem\",\"position\":2,\"name\":\"Nace RenerCycle con el objetivo de ofrecer soluciones industriales de econom\u00eda circular al sector renovable \u00a0\"}]},{\"@type\":\"WebSite\",\"@id\":\"https:\\\/\\\/aeeolica.org\\\/#website\",\"url\":\"https:\\\/\\\/aeeolica.org\\\/\",\"name\":\"Asociaci\u00f3n Empresarial E\u00f3lica\",\"description\":\"AEE Asociaci\u00f3n Empresarial E\u00f3lica\",\"publisher\":{\"@id\":\"https:\\\/\\\/aeeolica.org\\\/#organization\"},\"potentialAction\":[{\"@type\":\"SearchAction\",\"target\":{\"@type\":\"EntryPoint\",\"urlTemplate\":\"https:\\\/\\\/aeeolica.org\\\/?s={search_term_string}\"},\"query-input\":{\"@type\":\"PropertyValueSpecification\",\"valueRequired\":true,\"valueName\":\"search_term_string\"}}],\"inLanguage\":\"en-US\"},{\"@type\":\"Organization\",\"@id\":\"https:\\\/\\\/aeeolica.org\\\/#organization\",\"name\":\"Asociaci\u00f3n Empresarial E\u00f3lica\",\"url\":\"https:\\\/\\\/aeeolica.org\\\/\",\"logo\":{\"@type\":\"ImageObject\",\"inLanguage\":\"en-US\",\"@id\":\"https:\\\/\\\/aeeolica.org\\\/#\\\/schema\\\/logo\\\/image\\\/\",\"url\":\"https:\\\/\\\/aeeolica.org\\\/wp-content\\\/uploads\\\/2021\\\/08\\\/logo-aee.png\",\"contentUrl\":\"https:\\\/\\\/aeeolica.org\\\/wp-content\\\/uploads\\\/2021\\\/08\\\/logo-aee.png\",\"width\":180,\"height\":78,\"caption\":\"Asociaci\u00f3n Empresarial E\u00f3lica\"},\"image\":{\"@id\":\"https:\\\/\\\/aeeolica.org\\\/#\\\/schema\\\/logo\\\/image\\\/\"},\"sameAs\":[\"https:\\\/\\\/www.facebook.com\\\/aeeolica\",\"https:\\\/\\\/x.com\\\/aeeolica\",\"https:\\\/\\\/www.instagram.com\\\/aeeolica\\\/\",\"https:\\\/\\\/www.linkedin.com\\\/in\\\/aee-asociaci\u00f3n-empresarial-e\u00f3lica-6830946b\\\/\",\"https:\\\/\\\/www.youtube.com\\\/user\\\/AEEolica\"]},{\"@type\":\"Person\",\"@id\":\"https:\\\/\\\/aeeolica.org\\\/#\\\/schema\\\/person\\\/064b26f21f7ed52e0b3854e6b52f9772\",\"name\":\"Morante D\u00edaz, Mar\u00eda del Mar\",\"image\":{\"@type\":\"ImageObject\",\"inLanguage\":\"en-US\",\"@id\":\"https:\\\/\\\/secure.gravatar.com\\\/avatar\\\/8bfd23e1c4bf5aa0b9314f1c5c9d644e62672831e6a512513954c3f15dffdd5a?s=96&d=mm&r=g\",\"url\":\"https:\\\/\\\/secure.gravatar.com\\\/avatar\\\/8bfd23e1c4bf5aa0b9314f1c5c9d644e62672831e6a512513954c3f15dffdd5a?s=96&d=mm&r=g\",\"contentUrl\":\"https:\\\/\\\/secure.gravatar.com\\\/avatar\\\/8bfd23e1c4bf5aa0b9314f1c5c9d644e62672831e6a512513954c3f15dffdd5a?s=96&d=mm&r=g\",\"caption\":\"Morante D\u00edaz, Mar\u00eda del Mar\"},\"url\":\"https:\\\/\\\/aeeolica.org\\\/en\\\/author\\\/mar\\\/\"}]}<\/script>\n<!-- \/ Yoast SEO plugin. -->","yoast_head_json":{"title":"Nace RenerCycle con el objetivo de ofrecer soluciones industriales de econom\u00eda circular al sector renovable \u00a0 - Asociaci\u00f3n Empresarial E\u00f3lica","robots":{"index":"index","follow":"follow","max-snippet":"max-snippet:-1","max-image-preview":"max-image-preview:large","max-video-preview":"max-video-preview:-1"},"canonical":"https:\/\/aeeolica.org\/nace-renercycle-con-el-objetivo-de-ofrecer-soluciones-industriales-de-economia-circular-al-sector-renovable\/","og_locale":"en_US","og_type":"article","og_title":"Nace RenerCycle con el objetivo de ofrecer soluciones industriales de econom\u00eda circular al sector renovable \u00a0 - Asociaci\u00f3n Empresarial E\u00f3lica","og_description":"RenerCycle tiene como socios a 17 compa\u00f1\u00edas de reconocido prestigio y gran experiencia en el sector renovable como las promotoras de proyectos ACCIONA Energ\u00eda y Enerfin (Grupo Elecnor), las inversoras [&hellip;]","og_url":"https:\/\/aeeolica.org\/nace-renercycle-con-el-objetivo-de-ofrecer-soluciones-industriales-de-economia-circular-al-sector-renovable\/","og_site_name":"Asociaci\u00f3n Empresarial E\u00f3lica","article_publisher":"https:\/\/www.facebook.com\/aeeolica","article_published_time":"2022-09-27T10:43:03+00:00","article_modified_time":"2022-09-27T10:43:05+00:00","og_image":[{"url":"https:\/\/aeeolica.org\/wp-content\/uploads\/2022\/09\/Foto-exterior-1024x622-1.jpeg","type":"","width":"","height":""}],"author":"Morante D\u00edaz, Mar\u00eda del Mar","twitter_card":"summary_large_image","twitter_creator":"@aeeolica","twitter_site":"@aeeolica","twitter_misc":{"Written by":"Morante D\u00edaz, Mar\u00eda del Mar","Est. reading time":"5 minutes"},"schema":{"@context":"https:\/\/schema.org","@graph":[{"@type":"Article","@id":"https:\/\/aeeolica.org\/nace-renercycle-con-el-objetivo-de-ofrecer-soluciones-industriales-de-economia-circular-al-sector-renovable\/#article","isPartOf":{"@id":"https:\/\/aeeolica.org\/nace-renercycle-con-el-objetivo-de-ofrecer-soluciones-industriales-de-economia-circular-al-sector-renovable\/"},"author":{"name":"Morante D\u00edaz, Mar\u00eda del Mar","@id":"https:\/\/aeeolica.org\/#\/schema\/person\/064b26f21f7ed52e0b3854e6b52f9772"},"headline":"Nace RenerCycle con el objetivo de ofrecer soluciones industriales de econom\u00eda circular al sector renovable \u00a0","datePublished":"2022-09-27T10:43:03+00:00","dateModified":"2022-09-27T10:43:05+00:00","mainEntityOfPage":{"@id":"https:\/\/aeeolica.org\/nace-renercycle-con-el-objetivo-de-ofrecer-soluciones-industriales-de-economia-circular-al-sector-renovable\/"},"wordCount":1081,"commentCount":2,"publisher":{"@id":"https:\/\/aeeolica.org\/#organization"},"image":{"@id":"https:\/\/aeeolica.org\/nace-renercycle-con-el-objetivo-de-ofrecer-soluciones-industriales-de-economia-circular-al-sector-renovable\/#primaryimage"},"thumbnailUrl":"https:\/\/aeeolica.org\/wp-content\/uploads\/2022\/09\/Foto-exterior-1024x622-1.jpeg","articleSection":["Newsletter Julio 2022"],"inLanguage":"en-US","potentialAction":[{"@type":"CommentAction","name":"Comment","target":["https:\/\/aeeolica.org\/nace-renercycle-con-el-objetivo-de-ofrecer-soluciones-industriales-de-economia-circular-al-sector-renovable\/#respond"]}]},{"@type":"WebPage","@id":"https:\/\/aeeolica.org\/nace-renercycle-con-el-objetivo-de-ofrecer-soluciones-industriales-de-economia-circular-al-sector-renovable\/","url":"https:\/\/aeeolica.org\/nace-renercycle-con-el-objetivo-de-ofrecer-soluciones-industriales-de-economia-circular-al-sector-renovable\/","name":"Nace RenerCycle con el objetivo de ofrecer soluciones industriales de econom\u00eda circular al sector renovable \u00a0 - Asociaci\u00f3n Empresarial E\u00f3lica","isPartOf":{"@id":"https:\/\/aeeolica.org\/#website"},"primaryImageOfPage":{"@id":"https:\/\/aeeolica.org\/nace-renercycle-con-el-objetivo-de-ofrecer-soluciones-industriales-de-economia-circular-al-sector-renovable\/#primaryimage"},"image":{"@id":"https:\/\/aeeolica.org\/nace-renercycle-con-el-objetivo-de-ofrecer-soluciones-industriales-de-economia-circular-al-sector-renovable\/#primaryimage"},"thumbnailUrl":"https:\/\/aeeolica.org\/wp-content\/uploads\/2022\/09\/Foto-exterior-1024x622-1.jpeg","datePublished":"2022-09-27T10:43:03+00:00","dateModified":"2022-09-27T10:43:05+00:00","breadcrumb":{"@id":"https:\/\/aeeolica.org\/nace-renercycle-con-el-objetivo-de-ofrecer-soluciones-industriales-de-economia-circular-al-sector-renovable\/#breadcrumb"},"inLanguage":"en-US","potentialAction":[{"@type":"ReadAction","target":["https:\/\/aeeolica.org\/nace-renercycle-con-el-objetivo-de-ofrecer-soluciones-industriales-de-economia-circular-al-sector-renovable\/"]}]},{"@type":"ImageObject","inLanguage":"en-US","@id":"https:\/\/aeeolica.org\/nace-renercycle-con-el-objetivo-de-ofrecer-soluciones-industriales-de-economia-circular-al-sector-renovable\/#primaryimage","url":"https:\/\/aeeolica.org\/wp-content\/uploads\/2022\/09\/Foto-exterior-1024x622-1.jpeg","contentUrl":"https:\/\/aeeolica.org\/wp-content\/uploads\/2022\/09\/Foto-exterior-1024x622-1.jpeg"},{"@type":"BreadcrumbList","@id":"https:\/\/aeeolica.org\/nace-renercycle-con-el-objetivo-de-ofrecer-soluciones-industriales-de-economia-circular-al-sector-renovable\/#breadcrumb","itemListElement":[{"@type":"ListItem","position":1,"name":"Portada","item":"https:\/\/aeeolica.org\/en\/inicio\/"},{"@type":"ListItem","position":2,"name":"Nace RenerCycle con el objetivo de ofrecer soluciones industriales de econom\u00eda circular al sector renovable \u00a0"}]},{"@type":"WebSite","@id":"https:\/\/aeeolica.org\/#website","url":"https:\/\/aeeolica.org\/","name":"Asociaci\u00f3n Empresarial E\u00f3lica","description":"AEE Asociaci\u00f3n Empresarial E\u00f3lica","publisher":{"@id":"https:\/\/aeeolica.org\/#organization"},"potentialAction":[{"@type":"SearchAction","target":{"@type":"EntryPoint","urlTemplate":"https:\/\/aeeolica.org\/?s={search_term_string}"},"query-input":{"@type":"PropertyValueSpecification","valueRequired":true,"valueName":"search_term_string"}}],"inLanguage":"en-US"},{"@type":"Organization","@id":"https:\/\/aeeolica.org\/#organization","name":"Asociaci\u00f3n Empresarial E\u00f3lica","url":"https:\/\/aeeolica.org\/","logo":{"@type":"ImageObject","inLanguage":"en-US","@id":"https:\/\/aeeolica.org\/#\/schema\/logo\/image\/","url":"https:\/\/aeeolica.org\/wp-content\/uploads\/2021\/08\/logo-aee.png","contentUrl":"https:\/\/aeeolica.org\/wp-content\/uploads\/2021\/08\/logo-aee.png","width":180,"height":78,"caption":"Asociaci\u00f3n Empresarial E\u00f3lica"},"image":{"@id":"https:\/\/aeeolica.org\/#\/schema\/logo\/image\/"},"sameAs":["https:\/\/www.facebook.com\/aeeolica","https:\/\/x.com\/aeeolica","https:\/\/www.instagram.com\/aeeolica\/","https:\/\/www.linkedin.com\/in\/aee-asociaci\u00f3n-empresarial-e\u00f3lica-6830946b\/","https:\/\/www.youtube.com\/user\/AEEolica"]},{"@type":"Person","@id":"https:\/\/aeeolica.org\/#\/schema\/person\/064b26f21f7ed52e0b3854e6b52f9772","name":"Morante D\u00edaz, Mar\u00eda del Mar","image":{"@type":"ImageObject","inLanguage":"en-US","@id":"https:\/\/secure.gravatar.com\/avatar\/8bfd23e1c4bf5aa0b9314f1c5c9d644e62672831e6a512513954c3f15dffdd5a?s=96&d=mm&r=g","url":"https:\/\/secure.gravatar.com\/avatar\/8bfd23e1c4bf5aa0b9314f1c5c9d644e62672831e6a512513954c3f15dffdd5a?s=96&d=mm&r=g","contentUrl":"https:\/\/secure.gravatar.com\/avatar\/8bfd23e1c4bf5aa0b9314f1c5c9d644e62672831e6a512513954c3f15dffdd5a?s=96&d=mm&r=g","caption":"Morante D\u00edaz, Mar\u00eda del Mar"},"url":"https:\/\/aeeolica.org\/en\/author\/mar\/"}]}},"_links":{"self":[{"href":"https:\/\/aeeolica.org\/en\/wp-json\/wp\/v2\/posts\/63023","targetHints":{"allow":["GET"]}}],"collection":[{"href":"https:\/\/aeeolica.org\/en\/wp-json\/wp\/v2\/posts"}],"about":[{"href":"https:\/\/aeeolica.org\/en\/wp-json\/wp\/v2\/types\/post"}],"author":[{"embeddable":true,"href":"https:\/\/aeeolica.org\/en\/wp-json\/wp\/v2\/users\/2"}],"replies":[{"embeddable":true,"href":"https:\/\/aeeolica.org\/en\/wp-json\/wp\/v2\/comments?post=63023"}],"version-history":[{"count":0,"href":"https:\/\/aeeolica.org\/en\/wp-json\/wp\/v2\/posts\/63023\/revisions"}],"wp:attachment":[{"href":"https:\/\/aeeolica.org\/en\/wp-json\/wp\/v2\/media?parent=63023"}],"wp:term":[{"taxonomy":"category","embeddable":true,"href":"https:\/\/aeeolica.org\/en\/wp-json\/wp\/v2\/categories?post=63023"},{"taxonomy":"post_tag","embeddable":true,"href":"https:\/\/aeeolica.org\/en\/wp-json\/wp\/v2\/tags?post=63023"}],"curies":[{"name":"wp","href":"https:\/\/api.w.org\/{rel}","templated":true}]}}