{"id":63031,"date":"2022-09-27T12:52:36","date_gmt":"2022-09-27T10:52:36","guid":{"rendered":"https:\/\/aeeolica.org\/?p=63031"},"modified":"2022-09-27T12:52:39","modified_gmt":"2022-09-27T10:52:39","slug":"navantia-y-pymar-lanzan-una-plataforma-web-para-impulsar-la-colaboracion-en-torno-al-perte-naval","status":"publish","type":"post","link":"https:\/\/aeeolica.org\/en\/navantia-y-pymar-lanzan-una-plataforma-web-para-impulsar-la-colaboracion-en-torno-al-perte-naval\/","title":{"rendered":"NAVANTIA y PYMAR lanzan una plataforma web para impulsar la colaboraci\u00f3n en torno al PERTE Naval  \u00a0"},"content":{"rendered":"\n<p>Navantia y Pymar han publicado una nueva plataforma web que tiene como objetivo servir de instrumento dinamizador para el encuentro entre los agentes del ecosistema industrial naval y de otros sectores interesados en participar en proyectos comunes en la pr\u00f3xima convocatoria del PERTE Naval.<\/p>\n\n\n\n<p>Tras varios meses de trabajo conjunto entre Navantia y Pymar, esta plataforma pretende dar visibilidad a las l\u00edneas de proyectos en los que ambas est\u00e1n trabajando, abriendo la posibilidad de participaci\u00f3n como socios a las entidades que registren su inter\u00e9s. Asimismo, esta nueva web ofrece la oportunidad de conocer e integrar nuevas propuestas de alto valor a\u00f1adido que, en un entorno colaborativo, hagan posible la transformaci\u00f3n y modernizaci\u00f3n de nuestro sector en \u00e1mbitos punteros, digitales y sostenibles. Los proyectos conjuntos fruto de esta iniciativa contribuir\u00e1n a fortalecer la industria naval en los pr\u00f3ximos a\u00f1os, as\u00ed como su crecimiento y competitividad.<\/p>\n\n\n\n<p>Ricardo Dom\u00ednguez, presidente de Navantia, ha destacado \u201cel papel tractor de Navantia, con responsabilidad y compromiso\u201d y por lo tanto ha animado a \u201cla colaboraci\u00f3n de todos los agentes del sector para potenciar el empleo, la econom\u00eda y la riqueza, y mantener la soberan\u00eda industrial e impulsar la transici\u00f3n energ\u00e9tica\u201d.<\/p>\n\n\n\n<p>Almudena L\u00f3pez del Pozo, consejera delegada de Pymar, ha destacado que \u201cpara que el PERTE tenga un efecto transformador es imprescindible que los agentes que forman la cadena de valor del sector trabajen de manera colaborativa e integradora\u201d, afirmando que \u201cesta es la esencia del mismo y la semilla para cambiar el futuro del sector\u201d.<\/p>\n\n\n\n<p>El PERTE Naval fue aprobado en el consejo de ministros del d\u00eda 15 de marzo y prev\u00e9 una inversi\u00f3n total de 1.460 millones de euros, de los cuales 310 millones de euros son de fondos p\u00fablicos. La Orden de bases reguladoras del PERTE Naval para la concesi\u00f3n de ayudas a actuaciones de integraci\u00f3n y transformaci\u00f3n de la cadena de valor industrial del sector naval fue publicada el pasado 1 de agosto. Se trata de una oportunidad para avanzar juntos hacia el reto de la transformaci\u00f3n del sector y de toda la cadena de valor, mediante la diversificaci\u00f3n, la digitalizaci\u00f3n, la mejora de su sostenibilidad medioambiental y la capacitaci\u00f3n de sus empleados.<\/p>\n\n\n\n<p><\/p>\n\n\n\n<figure class=\"wp-block-image size-large\"><img decoding=\"async\" width=\"1024\" height=\"519\" src=\"https:\/\/aeeolica.org\/wp-content\/uploads\/2022\/09\/Noticia-web-Navantia-pymar22-1024x519.png\" alt=\"\" class=\"wp-image-63033\" srcset=\"https:\/\/aeeolica.org\/wp-content\/uploads\/2022\/09\/Noticia-web-Navantia-pymar22-1024x519.png 1024w, https:\/\/aeeolica.org\/wp-content\/uploads\/2022\/09\/Noticia-web-Navantia-pymar22-980x497.png 980w, https:\/\/aeeolica.org\/wp-content\/uploads\/2022\/09\/Noticia-web-Navantia-pymar22-480x243.png 480w\" sizes=\"(min-width: 0px) and (max-width: 480px) 480px, (min-width: 481px) and (max-width: 980px) 980px, (min-width: 981px) 1024px, 100vw\" \/><\/figure>\n","protected":false},"excerpt":{"rendered":"<p>Navantia y Pymar han publicado una nueva plataforma web que tiene como objetivo servir de instrumento dinamizador para el encuentro entre los agentes del ecosistema industrial naval y de otros [&hellip;]<\/p>\n","protected":false},"author":2,"featured_media":0,"comment_status":"open","ping_status":"open","sticky":false,"template":"","format":"standard","meta":{"_acf_changed":false,"_bbp_topic_count":0,"_bbp_reply_count":0,"_bbp_total_topic_count":0,"_bbp_total_reply_count":0,"_bbp_voice_count":0,"_bbp_anonymous_reply_count":0,"_bbp_topic_count_hidden":0,"_bbp_reply_count_hidden":0,"_bbp_forum_subforum_count":0,"_et_pb_use_builder":"","_et_pb_old_content":"","_et_gb_content_width":"","footnotes":""},"categories":[438],"tags":[],"class_list":["post-63031","post","type-post","status-publish","format-standard","hentry","category-newsletter-julio-2022"],"acf":[],"yoast_head":"<!-- This site is optimized with the Yoast SEO plugin v27.4 - https:\/\/yoast.com\/product\/yoast-seo-wordpress\/ -->\n<title>NAVANTIA y PYMAR lanzan una plataforma web para impulsar la colaboraci\u00f3n en torno al PERTE Naval \u00a0 - Asociaci\u00f3n Empresarial E\u00f3lica<\/title>\n<meta name=\"robots\" content=\"index, follow, max-snippet:-1, max-image-preview:large, max-video-preview:-1\" \/>\n<link rel=\"canonical\" href=\"https:\/\/aeeolica.org\/navantia-y-pymar-lanzan-una-plataforma-web-para-impulsar-la-colaboracion-en-torno-al-perte-naval\/\" \/>\n<meta property=\"og:locale\" content=\"en_US\" \/>\n<meta property=\"og:type\" content=\"article\" \/>\n<meta property=\"og:title\" content=\"NAVANTIA y PYMAR lanzan una plataforma web para impulsar la colaboraci\u00f3n en torno al PERTE Naval \u00a0 - Asociaci\u00f3n Empresarial E\u00f3lica\" \/>\n<meta property=\"og:description\" content=\"Navantia y Pymar han publicado una nueva plataforma web que tiene como objetivo servir de instrumento dinamizador para el encuentro entre los agentes del ecosistema industrial naval y de otros [&hellip;]\" \/>\n<meta property=\"og:url\" content=\"https:\/\/aeeolica.org\/navantia-y-pymar-lanzan-una-plataforma-web-para-impulsar-la-colaboracion-en-torno-al-perte-naval\/\" \/>\n<meta property=\"og:site_name\" content=\"Asociaci\u00f3n Empresarial E\u00f3lica\" \/>\n<meta property=\"article:publisher\" content=\"https:\/\/www.facebook.com\/aeeolica\" \/>\n<meta property=\"article:published_time\" content=\"2022-09-27T10:52:36+00:00\" \/>\n<meta property=\"article:modified_time\" content=\"2022-09-27T10:52:39+00:00\" \/>\n<meta property=\"og:image\" content=\"https:\/\/aeeolica.org\/wp-content\/uploads\/2022\/09\/Noticia-web-Navantia-pymar22-1024x519.png\" \/>\n<meta name=\"author\" content=\"Morante D\u00edaz, Mar\u00eda del Mar\" \/>\n<meta name=\"twitter:card\" content=\"summary_large_image\" \/>\n<meta name=\"twitter:creator\" content=\"@aeeolica\" \/>\n<meta name=\"twitter:site\" content=\"@aeeolica\" \/>\n<meta name=\"twitter:label1\" content=\"Written by\" \/>\n\t<meta name=\"twitter:data1\" content=\"Morante D\u00edaz, Mar\u00eda del Mar\" \/>\n\t<meta name=\"twitter:label2\" content=\"Est. reading time\" \/>\n\t<meta name=\"twitter:data2\" content=\"2 minutes\" \/>\n<script type=\"application\/ld+json\" class=\"yoast-schema-graph\">{\"@context\":\"https:\\\/\\\/schema.org\",\"@graph\":[{\"@type\":\"Article\",\"@id\":\"https:\\\/\\\/aeeolica.org\\\/navantia-y-pymar-lanzan-una-plataforma-web-para-impulsar-la-colaboracion-en-torno-al-perte-naval\\\/#article\",\"isPartOf\":{\"@id\":\"https:\\\/\\\/aeeolica.org\\\/navantia-y-pymar-lanzan-una-plataforma-web-para-impulsar-la-colaboracion-en-torno-al-perte-naval\\\/\"},\"author\":{\"name\":\"Morante D\u00edaz, Mar\u00eda del Mar\",\"@id\":\"https:\\\/\\\/aeeolica.org\\\/#\\\/schema\\\/person\\\/064b26f21f7ed52e0b3854e6b52f9772\"},\"headline\":\"NAVANTIA y PYMAR lanzan una plataforma web para impulsar la colaboraci\u00f3n en torno al PERTE Naval \u00a0\",\"datePublished\":\"2022-09-27T10:52:36+00:00\",\"dateModified\":\"2022-09-27T10:52:39+00:00\",\"mainEntityOfPage\":{\"@id\":\"https:\\\/\\\/aeeolica.org\\\/navantia-y-pymar-lanzan-una-plataforma-web-para-impulsar-la-colaboracion-en-torno-al-perte-naval\\\/\"},\"wordCount\":401,\"commentCount\":1,\"publisher\":{\"@id\":\"https:\\\/\\\/aeeolica.org\\\/#organization\"},\"image\":{\"@id\":\"https:\\\/\\\/aeeolica.org\\\/navantia-y-pymar-lanzan-una-plataforma-web-para-impulsar-la-colaboracion-en-torno-al-perte-naval\\\/#primaryimage\"},\"thumbnailUrl\":\"https:\\\/\\\/aeeolica.org\\\/wp-content\\\/uploads\\\/2022\\\/09\\\/Noticia-web-Navantia-pymar22-1024x519.png\",\"articleSection\":[\"Newsletter Julio 2022\"],\"inLanguage\":\"en-US\",\"potentialAction\":[{\"@type\":\"CommentAction\",\"name\":\"Comment\",\"target\":[\"https:\\\/\\\/aeeolica.org\\\/navantia-y-pymar-lanzan-una-plataforma-web-para-impulsar-la-colaboracion-en-torno-al-perte-naval\\\/#respond\"]}]},{\"@type\":\"WebPage\",\"@id\":\"https:\\\/\\\/aeeolica.org\\\/navantia-y-pymar-lanzan-una-plataforma-web-para-impulsar-la-colaboracion-en-torno-al-perte-naval\\\/\",\"url\":\"https:\\\/\\\/aeeolica.org\\\/navantia-y-pymar-lanzan-una-plataforma-web-para-impulsar-la-colaboracion-en-torno-al-perte-naval\\\/\",\"name\":\"NAVANTIA y PYMAR lanzan una plataforma web para impulsar la colaboraci\u00f3n en torno al PERTE Naval \u00a0 - Asociaci\u00f3n Empresarial E\u00f3lica\",\"isPartOf\":{\"@id\":\"https:\\\/\\\/aeeolica.org\\\/#website\"},\"primaryImageOfPage\":{\"@id\":\"https:\\\/\\\/aeeolica.org\\\/navantia-y-pymar-lanzan-una-plataforma-web-para-impulsar-la-colaboracion-en-torno-al-perte-naval\\\/#primaryimage\"},\"image\":{\"@id\":\"https:\\\/\\\/aeeolica.org\\\/navantia-y-pymar-lanzan-una-plataforma-web-para-impulsar-la-colaboracion-en-torno-al-perte-naval\\\/#primaryimage\"},\"thumbnailUrl\":\"https:\\\/\\\/aeeolica.org\\\/wp-content\\\/uploads\\\/2022\\\/09\\\/Noticia-web-Navantia-pymar22-1024x519.png\",\"datePublished\":\"2022-09-27T10:52:36+00:00\",\"dateModified\":\"2022-09-27T10:52:39+00:00\",\"breadcrumb\":{\"@id\":\"https:\\\/\\\/aeeolica.org\\\/navantia-y-pymar-lanzan-una-plataforma-web-para-impulsar-la-colaboracion-en-torno-al-perte-naval\\\/#breadcrumb\"},\"inLanguage\":\"en-US\",\"potentialAction\":[{\"@type\":\"ReadAction\",\"target\":[\"https:\\\/\\\/aeeolica.org\\\/navantia-y-pymar-lanzan-una-plataforma-web-para-impulsar-la-colaboracion-en-torno-al-perte-naval\\\/\"]}]},{\"@type\":\"ImageObject\",\"inLanguage\":\"en-US\",\"@id\":\"https:\\\/\\\/aeeolica.org\\\/navantia-y-pymar-lanzan-una-plataforma-web-para-impulsar-la-colaboracion-en-torno-al-perte-naval\\\/#primaryimage\",\"url\":\"https:\\\/\\\/aeeolica.org\\\/wp-content\\\/uploads\\\/2022\\\/09\\\/Noticia-web-Navantia-pymar22-1024x519.png\",\"contentUrl\":\"https:\\\/\\\/aeeolica.org\\\/wp-content\\\/uploads\\\/2022\\\/09\\\/Noticia-web-Navantia-pymar22-1024x519.png\"},{\"@type\":\"BreadcrumbList\",\"@id\":\"https:\\\/\\\/aeeolica.org\\\/navantia-y-pymar-lanzan-una-plataforma-web-para-impulsar-la-colaboracion-en-torno-al-perte-naval\\\/#breadcrumb\",\"itemListElement\":[{\"@type\":\"ListItem\",\"position\":1,\"name\":\"Portada\",\"item\":\"https:\\\/\\\/aeeolica.org\\\/en\\\/inicio\\\/\"},{\"@type\":\"ListItem\",\"position\":2,\"name\":\"NAVANTIA y PYMAR lanzan una plataforma web para impulsar la colaboraci\u00f3n en torno al PERTE Naval \u00a0\"}]},{\"@type\":\"WebSite\",\"@id\":\"https:\\\/\\\/aeeolica.org\\\/#website\",\"url\":\"https:\\\/\\\/aeeolica.org\\\/\",\"name\":\"Asociaci\u00f3n Empresarial E\u00f3lica\",\"description\":\"AEE Asociaci\u00f3n Empresarial E\u00f3lica\",\"publisher\":{\"@id\":\"https:\\\/\\\/aeeolica.org\\\/#organization\"},\"potentialAction\":[{\"@type\":\"SearchAction\",\"target\":{\"@type\":\"EntryPoint\",\"urlTemplate\":\"https:\\\/\\\/aeeolica.org\\\/?s={search_term_string}\"},\"query-input\":{\"@type\":\"PropertyValueSpecification\",\"valueRequired\":true,\"valueName\":\"search_term_string\"}}],\"inLanguage\":\"en-US\"},{\"@type\":\"Organization\",\"@id\":\"https:\\\/\\\/aeeolica.org\\\/#organization\",\"name\":\"Asociaci\u00f3n Empresarial E\u00f3lica\",\"url\":\"https:\\\/\\\/aeeolica.org\\\/\",\"logo\":{\"@type\":\"ImageObject\",\"inLanguage\":\"en-US\",\"@id\":\"https:\\\/\\\/aeeolica.org\\\/#\\\/schema\\\/logo\\\/image\\\/\",\"url\":\"https:\\\/\\\/aeeolica.org\\\/wp-content\\\/uploads\\\/2021\\\/08\\\/logo-aee.png\",\"contentUrl\":\"https:\\\/\\\/aeeolica.org\\\/wp-content\\\/uploads\\\/2021\\\/08\\\/logo-aee.png\",\"width\":180,\"height\":78,\"caption\":\"Asociaci\u00f3n Empresarial E\u00f3lica\"},\"image\":{\"@id\":\"https:\\\/\\\/aeeolica.org\\\/#\\\/schema\\\/logo\\\/image\\\/\"},\"sameAs\":[\"https:\\\/\\\/www.facebook.com\\\/aeeolica\",\"https:\\\/\\\/x.com\\\/aeeolica\",\"https:\\\/\\\/www.instagram.com\\\/aeeolica\\\/\",\"https:\\\/\\\/www.linkedin.com\\\/in\\\/aee-asociaci\u00f3n-empresarial-e\u00f3lica-6830946b\\\/\",\"https:\\\/\\\/www.youtube.com\\\/user\\\/AEEolica\"]},{\"@type\":\"Person\",\"@id\":\"https:\\\/\\\/aeeolica.org\\\/#\\\/schema\\\/person\\\/064b26f21f7ed52e0b3854e6b52f9772\",\"name\":\"Morante D\u00edaz, Mar\u00eda del Mar\",\"image\":{\"@type\":\"ImageObject\",\"inLanguage\":\"en-US\",\"@id\":\"https:\\\/\\\/secure.gravatar.com\\\/avatar\\\/8bfd23e1c4bf5aa0b9314f1c5c9d644e62672831e6a512513954c3f15dffdd5a?s=96&d=mm&r=g\",\"url\":\"https:\\\/\\\/secure.gravatar.com\\\/avatar\\\/8bfd23e1c4bf5aa0b9314f1c5c9d644e62672831e6a512513954c3f15dffdd5a?s=96&d=mm&r=g\",\"contentUrl\":\"https:\\\/\\\/secure.gravatar.com\\\/avatar\\\/8bfd23e1c4bf5aa0b9314f1c5c9d644e62672831e6a512513954c3f15dffdd5a?s=96&d=mm&r=g\",\"caption\":\"Morante D\u00edaz, Mar\u00eda del Mar\"},\"url\":\"https:\\\/\\\/aeeolica.org\\\/en\\\/author\\\/mar\\\/\"}]}<\/script>\n<!-- \/ Yoast SEO plugin. -->","yoast_head_json":{"title":"NAVANTIA y PYMAR lanzan una plataforma web para impulsar la colaboraci\u00f3n en torno al PERTE Naval \u00a0 - Asociaci\u00f3n Empresarial E\u00f3lica","robots":{"index":"index","follow":"follow","max-snippet":"max-snippet:-1","max-image-preview":"max-image-preview:large","max-video-preview":"max-video-preview:-1"},"canonical":"https:\/\/aeeolica.org\/navantia-y-pymar-lanzan-una-plataforma-web-para-impulsar-la-colaboracion-en-torno-al-perte-naval\/","og_locale":"en_US","og_type":"article","og_title":"NAVANTIA y PYMAR lanzan una plataforma web para impulsar la colaboraci\u00f3n en torno al PERTE Naval \u00a0 - Asociaci\u00f3n Empresarial E\u00f3lica","og_description":"Navantia y Pymar han publicado una nueva plataforma web que tiene como objetivo servir de instrumento dinamizador para el encuentro entre los agentes del ecosistema industrial naval y de otros [&hellip;]","og_url":"https:\/\/aeeolica.org\/navantia-y-pymar-lanzan-una-plataforma-web-para-impulsar-la-colaboracion-en-torno-al-perte-naval\/","og_site_name":"Asociaci\u00f3n Empresarial E\u00f3lica","article_publisher":"https:\/\/www.facebook.com\/aeeolica","article_published_time":"2022-09-27T10:52:36+00:00","article_modified_time":"2022-09-27T10:52:39+00:00","og_image":[{"url":"https:\/\/aeeolica.org\/wp-content\/uploads\/2022\/09\/Noticia-web-Navantia-pymar22-1024x519.png","type":"","width":"","height":""}],"author":"Morante D\u00edaz, Mar\u00eda del Mar","twitter_card":"summary_large_image","twitter_creator":"@aeeolica","twitter_site":"@aeeolica","twitter_misc":{"Written by":"Morante D\u00edaz, Mar\u00eda del Mar","Est. reading time":"2 minutes"},"schema":{"@context":"https:\/\/schema.org","@graph":[{"@type":"Article","@id":"https:\/\/aeeolica.org\/navantia-y-pymar-lanzan-una-plataforma-web-para-impulsar-la-colaboracion-en-torno-al-perte-naval\/#article","isPartOf":{"@id":"https:\/\/aeeolica.org\/navantia-y-pymar-lanzan-una-plataforma-web-para-impulsar-la-colaboracion-en-torno-al-perte-naval\/"},"author":{"name":"Morante D\u00edaz, Mar\u00eda del Mar","@id":"https:\/\/aeeolica.org\/#\/schema\/person\/064b26f21f7ed52e0b3854e6b52f9772"},"headline":"NAVANTIA y PYMAR lanzan una plataforma web para impulsar la colaboraci\u00f3n en torno al PERTE Naval \u00a0","datePublished":"2022-09-27T10:52:36+00:00","dateModified":"2022-09-27T10:52:39+00:00","mainEntityOfPage":{"@id":"https:\/\/aeeolica.org\/navantia-y-pymar-lanzan-una-plataforma-web-para-impulsar-la-colaboracion-en-torno-al-perte-naval\/"},"wordCount":401,"commentCount":1,"publisher":{"@id":"https:\/\/aeeolica.org\/#organization"},"image":{"@id":"https:\/\/aeeolica.org\/navantia-y-pymar-lanzan-una-plataforma-web-para-impulsar-la-colaboracion-en-torno-al-perte-naval\/#primaryimage"},"thumbnailUrl":"https:\/\/aeeolica.org\/wp-content\/uploads\/2022\/09\/Noticia-web-Navantia-pymar22-1024x519.png","articleSection":["Newsletter Julio 2022"],"inLanguage":"en-US","potentialAction":[{"@type":"CommentAction","name":"Comment","target":["https:\/\/aeeolica.org\/navantia-y-pymar-lanzan-una-plataforma-web-para-impulsar-la-colaboracion-en-torno-al-perte-naval\/#respond"]}]},{"@type":"WebPage","@id":"https:\/\/aeeolica.org\/navantia-y-pymar-lanzan-una-plataforma-web-para-impulsar-la-colaboracion-en-torno-al-perte-naval\/","url":"https:\/\/aeeolica.org\/navantia-y-pymar-lanzan-una-plataforma-web-para-impulsar-la-colaboracion-en-torno-al-perte-naval\/","name":"NAVANTIA y PYMAR lanzan una plataforma web para impulsar la colaboraci\u00f3n en torno al PERTE Naval \u00a0 - Asociaci\u00f3n Empresarial E\u00f3lica","isPartOf":{"@id":"https:\/\/aeeolica.org\/#website"},"primaryImageOfPage":{"@id":"https:\/\/aeeolica.org\/navantia-y-pymar-lanzan-una-plataforma-web-para-impulsar-la-colaboracion-en-torno-al-perte-naval\/#primaryimage"},"image":{"@id":"https:\/\/aeeolica.org\/navantia-y-pymar-lanzan-una-plataforma-web-para-impulsar-la-colaboracion-en-torno-al-perte-naval\/#primaryimage"},"thumbnailUrl":"https:\/\/aeeolica.org\/wp-content\/uploads\/2022\/09\/Noticia-web-Navantia-pymar22-1024x519.png","datePublished":"2022-09-27T10:52:36+00:00","dateModified":"2022-09-27T10:52:39+00:00","breadcrumb":{"@id":"https:\/\/aeeolica.org\/navantia-y-pymar-lanzan-una-plataforma-web-para-impulsar-la-colaboracion-en-torno-al-perte-naval\/#breadcrumb"},"inLanguage":"en-US","potentialAction":[{"@type":"ReadAction","target":["https:\/\/aeeolica.org\/navantia-y-pymar-lanzan-una-plataforma-web-para-impulsar-la-colaboracion-en-torno-al-perte-naval\/"]}]},{"@type":"ImageObject","inLanguage":"en-US","@id":"https:\/\/aeeolica.org\/navantia-y-pymar-lanzan-una-plataforma-web-para-impulsar-la-colaboracion-en-torno-al-perte-naval\/#primaryimage","url":"https:\/\/aeeolica.org\/wp-content\/uploads\/2022\/09\/Noticia-web-Navantia-pymar22-1024x519.png","contentUrl":"https:\/\/aeeolica.org\/wp-content\/uploads\/2022\/09\/Noticia-web-Navantia-pymar22-1024x519.png"},{"@type":"BreadcrumbList","@id":"https:\/\/aeeolica.org\/navantia-y-pymar-lanzan-una-plataforma-web-para-impulsar-la-colaboracion-en-torno-al-perte-naval\/#breadcrumb","itemListElement":[{"@type":"ListItem","position":1,"name":"Portada","item":"https:\/\/aeeolica.org\/en\/inicio\/"},{"@type":"ListItem","position":2,"name":"NAVANTIA y PYMAR lanzan una plataforma web para impulsar la colaboraci\u00f3n en torno al PERTE Naval \u00a0"}]},{"@type":"WebSite","@id":"https:\/\/aeeolica.org\/#website","url":"https:\/\/aeeolica.org\/","name":"Asociaci\u00f3n Empresarial E\u00f3lica","description":"AEE Asociaci\u00f3n Empresarial E\u00f3lica","publisher":{"@id":"https:\/\/aeeolica.org\/#organization"},"potentialAction":[{"@type":"SearchAction","target":{"@type":"EntryPoint","urlTemplate":"https:\/\/aeeolica.org\/?s={search_term_string}"},"query-input":{"@type":"PropertyValueSpecification","valueRequired":true,"valueName":"search_term_string"}}],"inLanguage":"en-US"},{"@type":"Organization","@id":"https:\/\/aeeolica.org\/#organization","name":"Asociaci\u00f3n Empresarial E\u00f3lica","url":"https:\/\/aeeolica.org\/","logo":{"@type":"ImageObject","inLanguage":"en-US","@id":"https:\/\/aeeolica.org\/#\/schema\/logo\/image\/","url":"https:\/\/aeeolica.org\/wp-content\/uploads\/2021\/08\/logo-aee.png","contentUrl":"https:\/\/aeeolica.org\/wp-content\/uploads\/2021\/08\/logo-aee.png","width":180,"height":78,"caption":"Asociaci\u00f3n Empresarial E\u00f3lica"},"image":{"@id":"https:\/\/aeeolica.org\/#\/schema\/logo\/image\/"},"sameAs":["https:\/\/www.facebook.com\/aeeolica","https:\/\/x.com\/aeeolica","https:\/\/www.instagram.com\/aeeolica\/","https:\/\/www.linkedin.com\/in\/aee-asociaci\u00f3n-empresarial-e\u00f3lica-6830946b\/","https:\/\/www.youtube.com\/user\/AEEolica"]},{"@type":"Person","@id":"https:\/\/aeeolica.org\/#\/schema\/person\/064b26f21f7ed52e0b3854e6b52f9772","name":"Morante D\u00edaz, Mar\u00eda del Mar","image":{"@type":"ImageObject","inLanguage":"en-US","@id":"https:\/\/secure.gravatar.com\/avatar\/8bfd23e1c4bf5aa0b9314f1c5c9d644e62672831e6a512513954c3f15dffdd5a?s=96&d=mm&r=g","url":"https:\/\/secure.gravatar.com\/avatar\/8bfd23e1c4bf5aa0b9314f1c5c9d644e62672831e6a512513954c3f15dffdd5a?s=96&d=mm&r=g","contentUrl":"https:\/\/secure.gravatar.com\/avatar\/8bfd23e1c4bf5aa0b9314f1c5c9d644e62672831e6a512513954c3f15dffdd5a?s=96&d=mm&r=g","caption":"Morante D\u00edaz, Mar\u00eda del Mar"},"url":"https:\/\/aeeolica.org\/en\/author\/mar\/"}]}},"_links":{"self":[{"href":"https:\/\/aeeolica.org\/en\/wp-json\/wp\/v2\/posts\/63031","targetHints":{"allow":["GET"]}}],"collection":[{"href":"https:\/\/aeeolica.org\/en\/wp-json\/wp\/v2\/posts"}],"about":[{"href":"https:\/\/aeeolica.org\/en\/wp-json\/wp\/v2\/types\/post"}],"author":[{"embeddable":true,"href":"https:\/\/aeeolica.org\/en\/wp-json\/wp\/v2\/users\/2"}],"replies":[{"embeddable":true,"href":"https:\/\/aeeolica.org\/en\/wp-json\/wp\/v2\/comments?post=63031"}],"version-history":[{"count":0,"href":"https:\/\/aeeolica.org\/en\/wp-json\/wp\/v2\/posts\/63031\/revisions"}],"wp:attachment":[{"href":"https:\/\/aeeolica.org\/en\/wp-json\/wp\/v2\/media?parent=63031"}],"wp:term":[{"taxonomy":"category","embeddable":true,"href":"https:\/\/aeeolica.org\/en\/wp-json\/wp\/v2\/categories?post=63031"},{"taxonomy":"post_tag","embeddable":true,"href":"https:\/\/aeeolica.org\/en\/wp-json\/wp\/v2\/tags?post=63031"}],"curies":[{"name":"wp","href":"https:\/\/api.w.org\/{rel}","templated":true}]}}