{"id":63042,"date":"2022-09-27T13:00:06","date_gmt":"2022-09-27T11:00:06","guid":{"rendered":"https:\/\/aeeolica.org\/?p=63042"},"modified":"2022-09-27T13:00:11","modified_gmt":"2022-09-27T11:00:11","slug":"videovigilancia-y-vigilante-una-buena-combinacion-en-proyectos-eolicos","status":"publish","type":"post","link":"https:\/\/aeeolica.org\/en\/videovigilancia-y-vigilante-una-buena-combinacion-en-proyectos-eolicos\/","title":{"rendered":"Videovigilancia y vigilante; una buena combinaci\u00f3n en proyectos e\u00f3licos \u00a0"},"content":{"rendered":"\n<p><strong>La capacidad para generar electricidad a partir de energ\u00eda e\u00f3lica aument\u00f3 a un nivel r\u00e9cord en todo el mundo en 2021. Se espera que represente el 60% del aumento en la capacidad renovable mundial este a\u00f1o. Al menos seg\u00fan la Agencia Internacional de la Energ\u00eda. En estos momentos hay m\u00e1s de 750 proyectos de energ\u00eda e\u00f3lica en Espa\u00f1a. Y cuando surgen tantos parques e\u00f3licos es importante que las obras de construcci\u00f3n est\u00e9n a salvo de robos y atracos. En Suecia y los Pa\u00edses Bajos, los UFOs de Kooi Camera Surveillance protegen eficazmente \u00e1reas aparentemente dif\u00edciles y dispersas.<\/strong><\/p>\n\n\n\n<p>Tomemos como ejemplo el parque e\u00f3lico de Hocksj\u00f6n en Suecia. Suecia cuenta con m\u00e1s de 4000 aerogeneradores, lo que la convierte en uno de los mercados europeos clave para la expansi\u00f3n de la energ\u00eda e\u00f3lica terrestre. A unos 20 kil\u00f3metros al suroeste del peque\u00f1o pueblo sueco de Ramsele, Nordex est\u00e1 construyendo el parque e\u00f3lico Hocksj\u00f6n. Es uno de esos grandes proyectos de energ\u00eda e\u00f3lica terrestre. Con una capacidad total de 131 megavatios, 23 aerogeneradores se elevar\u00e1n uno por uno en las colinas de V\u00e4sternorrlands l\u00e4n. Cada turbina tendr\u00e1 una torre de 148 metros de altura. \u201cAqu\u00ed tenemos 5 UFOs (Unidades de Observaci\u00f3n) en las instalaciones\u201d, afirma el gerente de ventas de Kooi, Kees Glandorff. \u201cCustodiamos las oficinas en el recinto de la obra, pero tambi\u00e9n las v\u00edas de acceso, la gr\u00faa principal y la gr\u00faa de preinstalaci\u00f3n\u201d. Una Power Box h\u00edbrida es responsable de una conexi\u00f3n confiable para los UFOs. Kees: \u201cEs una soluci\u00f3n ecol\u00f3gica con reducci\u00f3n de CO2 y paneles solares que garantizan la energ\u00eda. La Power Box no necesita un clima soleado para funcionar. Incluso la simple luz del d\u00eda funciona y hay mucha luz en Suecia\u201d.<\/p>\n\n\n\n<p><strong>Indeseable<\/strong><\/p>\n\n\n\n<p>En el extremo norte de los Pa\u00edses Bajos, en Eemshaven, en la costa, se acaba de construir el parque e\u00f3lico Oostpolder. Desde 2020 decenas de UFOs de Kooi han vigilado el proyecto Enercon de 21 turbinas. Estos gigantes de 155 metros de altura ahora dar\u00e1n energ\u00eda a 50.000 hogares. \u201dLos UFOs han custodiado nuestros materiales y herramientas, pero tambi\u00e9n los accesos al futuro parque. Nadie puede entrar o salir de las instalaciones sin ser detectado\u201d, dice el gerente de construcci\u00f3n Thomas Engel de Enercon. Es el responsable de toda el \u00e1rea, la instalaci\u00f3n de las turbinas y el cronograma. Los retrasos por robo de costosos equipos no son deseables. Por suerte no se ha robado nada en dos a\u00f1os.<\/p>\n\n\n\n<p><strong>Autotrepante<\/strong><\/p>\n\n\n\n<p>El parque e\u00f3lico Oostpolder es \u00fanico, porque es el primer proyecto en el mundo en el que las turbinas e\u00f3licas se instalan con la ayuda de una gr\u00faa llamada &#8220;autotrepante&#8221;. La empresa Lagerwey invent\u00f3 esta m\u00e1quina para construir aerogeneradores tanto en ubicaciones habituales como en las m\u00e1s desafiantes. Con la presencia de esta gr\u00faa \u00fanica, un posicionamiento seguro de los sistemas de videovigilancia era esencial. \u00bfLas c\u00e1maras registraron algo inusual? \u201cS\u00ed\u201d, responde Engel. \u201cNing\u00fan ladr\u00f3n, pero s\u00ed algunos vecinos de los pueblos cercanos que tiraban su basura en nuestros contenedores. Fue molesto pero no da\u00f1\u00f3 nuestra propiedad\u201d.<\/p>\n\n\n\n<p><strong>Reconfortante<\/strong>&nbsp;<\/p>\n\n\n\n<p>Consider\u00e1ndolo todo, siempre han tenido el pensamiento reconfortante de que los seis contenedores de herramientas han estado seguros durante todo el proceso de instalaci\u00f3n. \u201cCada uno conten\u00eda cosas imprescindibles como generadores, herramientas y veh\u00edculos por un valor de 50.000 euros. As\u00ed que en total de casi medio mill\u00f3n\u201d.<\/p>\n\n\n\n<p><strong>Vigilante<\/strong>&nbsp;<\/p>\n\n\n\n<p>De vuelta a Suecia. En el proyecto V\u00e4sternorrland Kooi coopera con la empresa de seguridad Prevent. Todos los d\u00edas un vigilante de Prevent hace su ronda por el lugar. Se tarda 35 minutos en conducir desde la primera hasta la \u00faltima turbina. Es importante que tanto las gr\u00faas como las v\u00edas de acceso est\u00e9n bien vigiladas las 24 horas del d\u00eda, los 7 d\u00edas de la semana. Los UFOs detectan inmediatamente cualquier movimiento no deseado durante o despu\u00e9s de las horas de trabajo. \u201cCuando nuestro centro de alarmas 24\/7 nota algo raro en la gr\u00faa, por ejemplo, podemos llamar al guardia, que se dirige inmediatamente al lugar exacto. Esta combinaci\u00f3n funciona a la perfecci\u00f3n\u201d, dice Kees Glandorff. Por suerte no se han producido incidentes hasta el momento.<\/p>\n\n\n\n<p><strong>Nordex<\/strong><\/p>\n\n\n\n<p>\u201cEn total, tenemos 9 proyectos con Nordex en Escandinavia en este momento\u201d, contin\u00faa Kees. \u201cLa pr\u00f3xima semana hay una nueva entrega de un sistema UFO y organizamos la instalaci\u00f3n r\u00e1pidamente debido a nuestra buena relaci\u00f3n\u201d. Kees apuesta por un enfoque personal y confiable. \u201cSolo soy la persona al lado de la c\u00e1mara. Para m\u00ed es importante que la gente me conozca. Y respondo muy r\u00e1pido cuando surgen preguntas. Todo funciona como un reloj\u201d.<\/p>\n\n\n\n<p><strong>UFO<\/strong><\/p>\n\n\n\n<p>En el sector de las c\u00e1maras de seguridad, la empresa holandesa Kooi es un actor de r\u00e1pido crecimiento en Europa. Su gama de UFOs, Unidades de Observaci\u00f3n, brinda servicios de videovigilancia remota temporal en todo tipo de \u00e1reas. El UFO GO es adecuado para v\u00edas de acceso y ubicaciones compactas, el UFO Medium ofrece una soluci\u00f3n para la videovigilancia de obras de construcci\u00f3n grandes y complejas. Y el brote m\u00e1s nuevo del \u00e1rbol es el UFO Pro que protege \u00e1reas m\u00e1s grandes en las que hay disponible una conexi\u00f3n de energ\u00eda permanente. Ahora Kooi ha pisado suelo espa\u00f1ol.<\/p>\n\n\n\n<figure class=\"wp-block-image size-large\"><img decoding=\"async\" width=\"1024\" height=\"683\" src=\"https:\/\/aeeolica.org\/wp-content\/uploads\/2022\/09\/8-1024x683.jpg\" alt=\"\" class=\"wp-image-63044\" srcset=\"https:\/\/aeeolica.org\/wp-content\/uploads\/2022\/09\/8-980x653.jpg 980w, https:\/\/aeeolica.org\/wp-content\/uploads\/2022\/09\/8-480x320.jpg 480w\" sizes=\"(min-width: 0px) and (max-width: 480px) 480px, (min-width: 481px) and (max-width: 980px) 980px, (min-width: 981px) 1024px, 100vw\" \/><figcaption>Los UFOs vigilan la zona dispersa de Hocksj\u00f6n<\/figcaption><\/figure>\n\n\n\n<figure class=\"wp-block-image size-large\"><img decoding=\"async\" width=\"1024\" height=\"768\" src=\"https:\/\/aeeolica.org\/wp-content\/uploads\/2022\/09\/Hocksjon-11-1024x768.jpg\" alt=\"\" class=\"wp-image-63046\" srcset=\"https:\/\/aeeolica.org\/wp-content\/uploads\/2022\/09\/Hocksjon-11-1024x768.jpg 1024w, https:\/\/aeeolica.org\/wp-content\/uploads\/2022\/09\/Hocksjon-11-980x735.jpg 980w, https:\/\/aeeolica.org\/wp-content\/uploads\/2022\/09\/Hocksjon-11-480x360.jpg 480w\" sizes=\"(min-width: 0px) and (max-width: 480px) 480px, (min-width: 481px) and (max-width: 980px) 980px, (min-width: 981px) 1024px, 100vw\" \/><figcaption>Un ojo vigilante mientras la gr\u00faa autotrepante hace su trabajo<\/figcaption><\/figure>\n\n\n\n<figure class=\"wp-block-image aligncenter size-large\"><img decoding=\"async\" width=\"683\" height=\"1024\" src=\"https:\/\/aeeolica.org\/wp-content\/uploads\/2022\/09\/7-683x1024.jpg\" alt=\"\" class=\"wp-image-63048\"\/><\/figure>\n","protected":false},"excerpt":{"rendered":"<p>La capacidad para generar electricidad a partir de energ\u00eda e\u00f3lica aument\u00f3 a un nivel r\u00e9cord en todo el mundo en 2021. Se espera que represente el 60% del aumento en [&hellip;]<\/p>\n","protected":false},"author":2,"featured_media":0,"comment_status":"open","ping_status":"open","sticky":false,"template":"","format":"standard","meta":{"_acf_changed":false,"_bbp_topic_count":0,"_bbp_reply_count":0,"_bbp_total_topic_count":0,"_bbp_total_reply_count":0,"_bbp_voice_count":0,"_bbp_anonymous_reply_count":0,"_bbp_topic_count_hidden":0,"_bbp_reply_count_hidden":0,"_bbp_forum_subforum_count":0,"_et_pb_use_builder":"","_et_pb_old_content":"","_et_gb_content_width":"","footnotes":""},"categories":[438],"tags":[],"class_list":["post-63042","post","type-post","status-publish","format-standard","hentry","category-newsletter-julio-2022"],"acf":[],"yoast_head":"<!-- This site is optimized with the Yoast SEO plugin v27.4 - https:\/\/yoast.com\/product\/yoast-seo-wordpress\/ -->\n<title>Videovigilancia y vigilante; una buena combinaci\u00f3n en proyectos e\u00f3licos \u00a0 - Asociaci\u00f3n Empresarial E\u00f3lica<\/title>\n<meta name=\"robots\" content=\"index, follow, max-snippet:-1, max-image-preview:large, max-video-preview:-1\" \/>\n<link rel=\"canonical\" href=\"https:\/\/aeeolica.org\/videovigilancia-y-vigilante-una-buena-combinacion-en-proyectos-eolicos\/\" \/>\n<meta property=\"og:locale\" content=\"en_US\" \/>\n<meta property=\"og:type\" content=\"article\" \/>\n<meta property=\"og:title\" content=\"Videovigilancia y vigilante; una buena combinaci\u00f3n en proyectos e\u00f3licos \u00a0 - Asociaci\u00f3n Empresarial E\u00f3lica\" \/>\n<meta property=\"og:description\" content=\"La capacidad para generar electricidad a partir de energ\u00eda e\u00f3lica aument\u00f3 a un nivel r\u00e9cord en todo el mundo en 2021. Se espera que represente el 60% del aumento en [&hellip;]\" \/>\n<meta property=\"og:url\" content=\"https:\/\/aeeolica.org\/videovigilancia-y-vigilante-una-buena-combinacion-en-proyectos-eolicos\/\" \/>\n<meta property=\"og:site_name\" content=\"Asociaci\u00f3n Empresarial E\u00f3lica\" \/>\n<meta property=\"article:publisher\" content=\"https:\/\/www.facebook.com\/aeeolica\" \/>\n<meta property=\"article:published_time\" content=\"2022-09-27T11:00:06+00:00\" \/>\n<meta property=\"article:modified_time\" content=\"2022-09-27T11:00:11+00:00\" \/>\n<meta property=\"og:image\" content=\"https:\/\/aeeolica.org\/wp-content\/uploads\/2022\/09\/8-1024x683.jpg\" \/>\n<meta name=\"author\" content=\"Morante D\u00edaz, Mar\u00eda del Mar\" \/>\n<meta name=\"twitter:card\" content=\"summary_large_image\" \/>\n<meta name=\"twitter:creator\" content=\"@aeeolica\" \/>\n<meta name=\"twitter:site\" content=\"@aeeolica\" \/>\n<meta name=\"twitter:label1\" content=\"Written by\" \/>\n\t<meta name=\"twitter:data1\" content=\"Morante D\u00edaz, Mar\u00eda del Mar\" \/>\n\t<meta name=\"twitter:label2\" content=\"Est. reading time\" \/>\n\t<meta name=\"twitter:data2\" content=\"5 minutes\" \/>\n<script type=\"application\/ld+json\" class=\"yoast-schema-graph\">{\"@context\":\"https:\\\/\\\/schema.org\",\"@graph\":[{\"@type\":\"Article\",\"@id\":\"https:\\\/\\\/aeeolica.org\\\/videovigilancia-y-vigilante-una-buena-combinacion-en-proyectos-eolicos\\\/#article\",\"isPartOf\":{\"@id\":\"https:\\\/\\\/aeeolica.org\\\/videovigilancia-y-vigilante-una-buena-combinacion-en-proyectos-eolicos\\\/\"},\"author\":{\"name\":\"Morante D\u00edaz, Mar\u00eda del Mar\",\"@id\":\"https:\\\/\\\/aeeolica.org\\\/#\\\/schema\\\/person\\\/064b26f21f7ed52e0b3854e6b52f9772\"},\"headline\":\"Videovigilancia y vigilante; una buena combinaci\u00f3n en proyectos e\u00f3licos \u00a0\",\"datePublished\":\"2022-09-27T11:00:06+00:00\",\"dateModified\":\"2022-09-27T11:00:11+00:00\",\"mainEntityOfPage\":{\"@id\":\"https:\\\/\\\/aeeolica.org\\\/videovigilancia-y-vigilante-una-buena-combinacion-en-proyectos-eolicos\\\/\"},\"wordCount\":962,\"commentCount\":0,\"publisher\":{\"@id\":\"https:\\\/\\\/aeeolica.org\\\/#organization\"},\"image\":{\"@id\":\"https:\\\/\\\/aeeolica.org\\\/videovigilancia-y-vigilante-una-buena-combinacion-en-proyectos-eolicos\\\/#primaryimage\"},\"thumbnailUrl\":\"https:\\\/\\\/aeeolica.org\\\/wp-content\\\/uploads\\\/2022\\\/09\\\/8-1024x683.jpg\",\"articleSection\":[\"Newsletter Julio 2022\"],\"inLanguage\":\"en-US\",\"potentialAction\":[{\"@type\":\"CommentAction\",\"name\":\"Comment\",\"target\":[\"https:\\\/\\\/aeeolica.org\\\/videovigilancia-y-vigilante-una-buena-combinacion-en-proyectos-eolicos\\\/#respond\"]}]},{\"@type\":\"WebPage\",\"@id\":\"https:\\\/\\\/aeeolica.org\\\/videovigilancia-y-vigilante-una-buena-combinacion-en-proyectos-eolicos\\\/\",\"url\":\"https:\\\/\\\/aeeolica.org\\\/videovigilancia-y-vigilante-una-buena-combinacion-en-proyectos-eolicos\\\/\",\"name\":\"Videovigilancia y vigilante; una buena combinaci\u00f3n en proyectos e\u00f3licos \u00a0 - Asociaci\u00f3n Empresarial E\u00f3lica\",\"isPartOf\":{\"@id\":\"https:\\\/\\\/aeeolica.org\\\/#website\"},\"primaryImageOfPage\":{\"@id\":\"https:\\\/\\\/aeeolica.org\\\/videovigilancia-y-vigilante-una-buena-combinacion-en-proyectos-eolicos\\\/#primaryimage\"},\"image\":{\"@id\":\"https:\\\/\\\/aeeolica.org\\\/videovigilancia-y-vigilante-una-buena-combinacion-en-proyectos-eolicos\\\/#primaryimage\"},\"thumbnailUrl\":\"https:\\\/\\\/aeeolica.org\\\/wp-content\\\/uploads\\\/2022\\\/09\\\/8-1024x683.jpg\",\"datePublished\":\"2022-09-27T11:00:06+00:00\",\"dateModified\":\"2022-09-27T11:00:11+00:00\",\"breadcrumb\":{\"@id\":\"https:\\\/\\\/aeeolica.org\\\/videovigilancia-y-vigilante-una-buena-combinacion-en-proyectos-eolicos\\\/#breadcrumb\"},\"inLanguage\":\"en-US\",\"potentialAction\":[{\"@type\":\"ReadAction\",\"target\":[\"https:\\\/\\\/aeeolica.org\\\/videovigilancia-y-vigilante-una-buena-combinacion-en-proyectos-eolicos\\\/\"]}]},{\"@type\":\"ImageObject\",\"inLanguage\":\"en-US\",\"@id\":\"https:\\\/\\\/aeeolica.org\\\/videovigilancia-y-vigilante-una-buena-combinacion-en-proyectos-eolicos\\\/#primaryimage\",\"url\":\"https:\\\/\\\/aeeolica.org\\\/wp-content\\\/uploads\\\/2022\\\/09\\\/8-1024x683.jpg\",\"contentUrl\":\"https:\\\/\\\/aeeolica.org\\\/wp-content\\\/uploads\\\/2022\\\/09\\\/8-1024x683.jpg\"},{\"@type\":\"BreadcrumbList\",\"@id\":\"https:\\\/\\\/aeeolica.org\\\/videovigilancia-y-vigilante-una-buena-combinacion-en-proyectos-eolicos\\\/#breadcrumb\",\"itemListElement\":[{\"@type\":\"ListItem\",\"position\":1,\"name\":\"Portada\",\"item\":\"https:\\\/\\\/aeeolica.org\\\/en\\\/inicio\\\/\"},{\"@type\":\"ListItem\",\"position\":2,\"name\":\"Videovigilancia y vigilante; una buena combinaci\u00f3n en proyectos e\u00f3licos \u00a0\"}]},{\"@type\":\"WebSite\",\"@id\":\"https:\\\/\\\/aeeolica.org\\\/#website\",\"url\":\"https:\\\/\\\/aeeolica.org\\\/\",\"name\":\"Asociaci\u00f3n Empresarial E\u00f3lica\",\"description\":\"AEE Asociaci\u00f3n Empresarial E\u00f3lica\",\"publisher\":{\"@id\":\"https:\\\/\\\/aeeolica.org\\\/#organization\"},\"potentialAction\":[{\"@type\":\"SearchAction\",\"target\":{\"@type\":\"EntryPoint\",\"urlTemplate\":\"https:\\\/\\\/aeeolica.org\\\/?s={search_term_string}\"},\"query-input\":{\"@type\":\"PropertyValueSpecification\",\"valueRequired\":true,\"valueName\":\"search_term_string\"}}],\"inLanguage\":\"en-US\"},{\"@type\":\"Organization\",\"@id\":\"https:\\\/\\\/aeeolica.org\\\/#organization\",\"name\":\"Asociaci\u00f3n Empresarial E\u00f3lica\",\"url\":\"https:\\\/\\\/aeeolica.org\\\/\",\"logo\":{\"@type\":\"ImageObject\",\"inLanguage\":\"en-US\",\"@id\":\"https:\\\/\\\/aeeolica.org\\\/#\\\/schema\\\/logo\\\/image\\\/\",\"url\":\"https:\\\/\\\/aeeolica.org\\\/wp-content\\\/uploads\\\/2021\\\/08\\\/logo-aee.png\",\"contentUrl\":\"https:\\\/\\\/aeeolica.org\\\/wp-content\\\/uploads\\\/2021\\\/08\\\/logo-aee.png\",\"width\":180,\"height\":78,\"caption\":\"Asociaci\u00f3n Empresarial E\u00f3lica\"},\"image\":{\"@id\":\"https:\\\/\\\/aeeolica.org\\\/#\\\/schema\\\/logo\\\/image\\\/\"},\"sameAs\":[\"https:\\\/\\\/www.facebook.com\\\/aeeolica\",\"https:\\\/\\\/x.com\\\/aeeolica\",\"https:\\\/\\\/www.instagram.com\\\/aeeolica\\\/\",\"https:\\\/\\\/www.linkedin.com\\\/in\\\/aee-asociaci\u00f3n-empresarial-e\u00f3lica-6830946b\\\/\",\"https:\\\/\\\/www.youtube.com\\\/user\\\/AEEolica\"]},{\"@type\":\"Person\",\"@id\":\"https:\\\/\\\/aeeolica.org\\\/#\\\/schema\\\/person\\\/064b26f21f7ed52e0b3854e6b52f9772\",\"name\":\"Morante D\u00edaz, Mar\u00eda del Mar\",\"image\":{\"@type\":\"ImageObject\",\"inLanguage\":\"en-US\",\"@id\":\"https:\\\/\\\/secure.gravatar.com\\\/avatar\\\/8bfd23e1c4bf5aa0b9314f1c5c9d644e62672831e6a512513954c3f15dffdd5a?s=96&d=mm&r=g\",\"url\":\"https:\\\/\\\/secure.gravatar.com\\\/avatar\\\/8bfd23e1c4bf5aa0b9314f1c5c9d644e62672831e6a512513954c3f15dffdd5a?s=96&d=mm&r=g\",\"contentUrl\":\"https:\\\/\\\/secure.gravatar.com\\\/avatar\\\/8bfd23e1c4bf5aa0b9314f1c5c9d644e62672831e6a512513954c3f15dffdd5a?s=96&d=mm&r=g\",\"caption\":\"Morante D\u00edaz, Mar\u00eda del Mar\"},\"url\":\"https:\\\/\\\/aeeolica.org\\\/en\\\/author\\\/mar\\\/\"}]}<\/script>\n<!-- \/ Yoast SEO plugin. -->","yoast_head_json":{"title":"Videovigilancia y vigilante; una buena combinaci\u00f3n en proyectos e\u00f3licos \u00a0 - Asociaci\u00f3n Empresarial E\u00f3lica","robots":{"index":"index","follow":"follow","max-snippet":"max-snippet:-1","max-image-preview":"max-image-preview:large","max-video-preview":"max-video-preview:-1"},"canonical":"https:\/\/aeeolica.org\/videovigilancia-y-vigilante-una-buena-combinacion-en-proyectos-eolicos\/","og_locale":"en_US","og_type":"article","og_title":"Videovigilancia y vigilante; una buena combinaci\u00f3n en proyectos e\u00f3licos \u00a0 - Asociaci\u00f3n Empresarial E\u00f3lica","og_description":"La capacidad para generar electricidad a partir de energ\u00eda e\u00f3lica aument\u00f3 a un nivel r\u00e9cord en todo el mundo en 2021. Se espera que represente el 60% del aumento en [&hellip;]","og_url":"https:\/\/aeeolica.org\/videovigilancia-y-vigilante-una-buena-combinacion-en-proyectos-eolicos\/","og_site_name":"Asociaci\u00f3n Empresarial E\u00f3lica","article_publisher":"https:\/\/www.facebook.com\/aeeolica","article_published_time":"2022-09-27T11:00:06+00:00","article_modified_time":"2022-09-27T11:00:11+00:00","og_image":[{"url":"https:\/\/aeeolica.org\/wp-content\/uploads\/2022\/09\/8-1024x683.jpg","type":"","width":"","height":""}],"author":"Morante D\u00edaz, Mar\u00eda del Mar","twitter_card":"summary_large_image","twitter_creator":"@aeeolica","twitter_site":"@aeeolica","twitter_misc":{"Written by":"Morante D\u00edaz, Mar\u00eda del Mar","Est. reading time":"5 minutes"},"schema":{"@context":"https:\/\/schema.org","@graph":[{"@type":"Article","@id":"https:\/\/aeeolica.org\/videovigilancia-y-vigilante-una-buena-combinacion-en-proyectos-eolicos\/#article","isPartOf":{"@id":"https:\/\/aeeolica.org\/videovigilancia-y-vigilante-una-buena-combinacion-en-proyectos-eolicos\/"},"author":{"name":"Morante D\u00edaz, Mar\u00eda del Mar","@id":"https:\/\/aeeolica.org\/#\/schema\/person\/064b26f21f7ed52e0b3854e6b52f9772"},"headline":"Videovigilancia y vigilante; una buena combinaci\u00f3n en proyectos e\u00f3licos \u00a0","datePublished":"2022-09-27T11:00:06+00:00","dateModified":"2022-09-27T11:00:11+00:00","mainEntityOfPage":{"@id":"https:\/\/aeeolica.org\/videovigilancia-y-vigilante-una-buena-combinacion-en-proyectos-eolicos\/"},"wordCount":962,"commentCount":0,"publisher":{"@id":"https:\/\/aeeolica.org\/#organization"},"image":{"@id":"https:\/\/aeeolica.org\/videovigilancia-y-vigilante-una-buena-combinacion-en-proyectos-eolicos\/#primaryimage"},"thumbnailUrl":"https:\/\/aeeolica.org\/wp-content\/uploads\/2022\/09\/8-1024x683.jpg","articleSection":["Newsletter Julio 2022"],"inLanguage":"en-US","potentialAction":[{"@type":"CommentAction","name":"Comment","target":["https:\/\/aeeolica.org\/videovigilancia-y-vigilante-una-buena-combinacion-en-proyectos-eolicos\/#respond"]}]},{"@type":"WebPage","@id":"https:\/\/aeeolica.org\/videovigilancia-y-vigilante-una-buena-combinacion-en-proyectos-eolicos\/","url":"https:\/\/aeeolica.org\/videovigilancia-y-vigilante-una-buena-combinacion-en-proyectos-eolicos\/","name":"Videovigilancia y vigilante; una buena combinaci\u00f3n en proyectos e\u00f3licos \u00a0 - Asociaci\u00f3n Empresarial E\u00f3lica","isPartOf":{"@id":"https:\/\/aeeolica.org\/#website"},"primaryImageOfPage":{"@id":"https:\/\/aeeolica.org\/videovigilancia-y-vigilante-una-buena-combinacion-en-proyectos-eolicos\/#primaryimage"},"image":{"@id":"https:\/\/aeeolica.org\/videovigilancia-y-vigilante-una-buena-combinacion-en-proyectos-eolicos\/#primaryimage"},"thumbnailUrl":"https:\/\/aeeolica.org\/wp-content\/uploads\/2022\/09\/8-1024x683.jpg","datePublished":"2022-09-27T11:00:06+00:00","dateModified":"2022-09-27T11:00:11+00:00","breadcrumb":{"@id":"https:\/\/aeeolica.org\/videovigilancia-y-vigilante-una-buena-combinacion-en-proyectos-eolicos\/#breadcrumb"},"inLanguage":"en-US","potentialAction":[{"@type":"ReadAction","target":["https:\/\/aeeolica.org\/videovigilancia-y-vigilante-una-buena-combinacion-en-proyectos-eolicos\/"]}]},{"@type":"ImageObject","inLanguage":"en-US","@id":"https:\/\/aeeolica.org\/videovigilancia-y-vigilante-una-buena-combinacion-en-proyectos-eolicos\/#primaryimage","url":"https:\/\/aeeolica.org\/wp-content\/uploads\/2022\/09\/8-1024x683.jpg","contentUrl":"https:\/\/aeeolica.org\/wp-content\/uploads\/2022\/09\/8-1024x683.jpg"},{"@type":"BreadcrumbList","@id":"https:\/\/aeeolica.org\/videovigilancia-y-vigilante-una-buena-combinacion-en-proyectos-eolicos\/#breadcrumb","itemListElement":[{"@type":"ListItem","position":1,"name":"Portada","item":"https:\/\/aeeolica.org\/en\/inicio\/"},{"@type":"ListItem","position":2,"name":"Videovigilancia y vigilante; una buena combinaci\u00f3n en proyectos e\u00f3licos \u00a0"}]},{"@type":"WebSite","@id":"https:\/\/aeeolica.org\/#website","url":"https:\/\/aeeolica.org\/","name":"Asociaci\u00f3n Empresarial E\u00f3lica","description":"AEE Asociaci\u00f3n Empresarial E\u00f3lica","publisher":{"@id":"https:\/\/aeeolica.org\/#organization"},"potentialAction":[{"@type":"SearchAction","target":{"@type":"EntryPoint","urlTemplate":"https:\/\/aeeolica.org\/?s={search_term_string}"},"query-input":{"@type":"PropertyValueSpecification","valueRequired":true,"valueName":"search_term_string"}}],"inLanguage":"en-US"},{"@type":"Organization","@id":"https:\/\/aeeolica.org\/#organization","name":"Asociaci\u00f3n Empresarial E\u00f3lica","url":"https:\/\/aeeolica.org\/","logo":{"@type":"ImageObject","inLanguage":"en-US","@id":"https:\/\/aeeolica.org\/#\/schema\/logo\/image\/","url":"https:\/\/aeeolica.org\/wp-content\/uploads\/2021\/08\/logo-aee.png","contentUrl":"https:\/\/aeeolica.org\/wp-content\/uploads\/2021\/08\/logo-aee.png","width":180,"height":78,"caption":"Asociaci\u00f3n Empresarial E\u00f3lica"},"image":{"@id":"https:\/\/aeeolica.org\/#\/schema\/logo\/image\/"},"sameAs":["https:\/\/www.facebook.com\/aeeolica","https:\/\/x.com\/aeeolica","https:\/\/www.instagram.com\/aeeolica\/","https:\/\/www.linkedin.com\/in\/aee-asociaci\u00f3n-empresarial-e\u00f3lica-6830946b\/","https:\/\/www.youtube.com\/user\/AEEolica"]},{"@type":"Person","@id":"https:\/\/aeeolica.org\/#\/schema\/person\/064b26f21f7ed52e0b3854e6b52f9772","name":"Morante D\u00edaz, Mar\u00eda del Mar","image":{"@type":"ImageObject","inLanguage":"en-US","@id":"https:\/\/secure.gravatar.com\/avatar\/8bfd23e1c4bf5aa0b9314f1c5c9d644e62672831e6a512513954c3f15dffdd5a?s=96&d=mm&r=g","url":"https:\/\/secure.gravatar.com\/avatar\/8bfd23e1c4bf5aa0b9314f1c5c9d644e62672831e6a512513954c3f15dffdd5a?s=96&d=mm&r=g","contentUrl":"https:\/\/secure.gravatar.com\/avatar\/8bfd23e1c4bf5aa0b9314f1c5c9d644e62672831e6a512513954c3f15dffdd5a?s=96&d=mm&r=g","caption":"Morante D\u00edaz, Mar\u00eda del Mar"},"url":"https:\/\/aeeolica.org\/en\/author\/mar\/"}]}},"_links":{"self":[{"href":"https:\/\/aeeolica.org\/en\/wp-json\/wp\/v2\/posts\/63042","targetHints":{"allow":["GET"]}}],"collection":[{"href":"https:\/\/aeeolica.org\/en\/wp-json\/wp\/v2\/posts"}],"about":[{"href":"https:\/\/aeeolica.org\/en\/wp-json\/wp\/v2\/types\/post"}],"author":[{"embeddable":true,"href":"https:\/\/aeeolica.org\/en\/wp-json\/wp\/v2\/users\/2"}],"replies":[{"embeddable":true,"href":"https:\/\/aeeolica.org\/en\/wp-json\/wp\/v2\/comments?post=63042"}],"version-history":[{"count":0,"href":"https:\/\/aeeolica.org\/en\/wp-json\/wp\/v2\/posts\/63042\/revisions"}],"wp:attachment":[{"href":"https:\/\/aeeolica.org\/en\/wp-json\/wp\/v2\/media?parent=63042"}],"wp:term":[{"taxonomy":"category","embeddable":true,"href":"https:\/\/aeeolica.org\/en\/wp-json\/wp\/v2\/categories?post=63042"},{"taxonomy":"post_tag","embeddable":true,"href":"https:\/\/aeeolica.org\/en\/wp-json\/wp\/v2\/tags?post=63042"}],"curies":[{"name":"wp","href":"https:\/\/api.w.org\/{rel}","templated":true}]}}