{"id":63176,"date":"2022-09-27T16:26:20","date_gmt":"2022-09-27T14:26:20","guid":{"rendered":"https:\/\/aeeolica.org\/?p=63176"},"modified":"2022-09-28T10:02:30","modified_gmt":"2022-09-28T08:02:30","slug":"adolfo-rebollo-con-de-ingeteam-es-el-protagonista-de-la-entrevista-del-mes-en-nuestra-newsletter","status":"publish","type":"post","link":"https:\/\/aeeolica.org\/en\/adolfo-rebollo-con-de-ingeteam-es-el-protagonista-de-la-entrevista-del-mes-en-nuestra-newsletter\/","title":{"rendered":"Adolfo Rebollo, Consejero Delegado de Ingeteam, es el protagonista de la entrevista del mes en nuestra newsletter"},"content":{"rendered":"<p>Adolfo Rebollo, CEO de Ingeteam, es el protagonista de la entrevista del mes en nuestra newsletter.<\/p>\n<p><!--more--><\/p>\n<p>Adolfo Rebollo, es Ingeniero Industrial El\u00e9ctrico por la Escuela de Ingenieros Industriales de Bilbao. Comenz\u00f3 su andadura profesional en Ingeteam en 1996 y desde enero de 2016 ostenta el cargo de Consejero Delegado de Ingeteam. <br \/>En los m\u00e1s de 25 a\u00f1os que lleva trabajando en Ingeteam, Adolfo Rebollo ha desempe\u00f1ado diferentes funciones, entre las que destaca su labor al frente del proyecto de implantaci\u00f3n de Ingeteam en Milwaukee (EE.UU.) entre los a\u00f1os 2010-2015. En este periodo ha actuado como Director General, dedic\u00e1ndose a la comercializaci\u00f3n y fabricaci\u00f3n de generadores e\u00f3licos para el mercado americano. Previo a su etapa en EE.UU., Adolfo Rebollo ya hab\u00eda desempe\u00f1ado la Direcci\u00f3n T\u00e9cnica de Ingeteam Indar Machines en Beasain (2005-2010) y en sus primeros a\u00f1os en Ingeteam trabaj\u00f3 en la divisi\u00f3n de proyectos el\u00e9ctricos y de automatizaci\u00f3n industrial (1996-2000), liderando posteriormente la creaci\u00f3n de la Divisi\u00f3n de Sistemas para Marina (2000-2004).<\/p>\n<p><strong>1. Ingeteam, como especialista en tecnolog\u00eda de electr\u00f3nica de potencia con 50 a\u00f1os de experiencia, l\u00edder de la electrificaci\u00f3n sostenible, contempla, entre otros objetivos, incrementar su facturaci\u00f3n hasta los 1.000 millones de euros y crear mil puestos de trabajo hasta 2024. \u00bfCu\u00e1les son los retos m\u00e1s importantes, habida cuenta de la fuerte competencia, especialmente asi\u00e1tica y la fuerte presi\u00f3n en los precios?<\/strong><\/p>\n<p>En Ingeteam tenemos el reto de convertirnos en actores claves de la electrificaci\u00f3n de la sociedad. Tenemos la clara convicci\u00f3n de que se puede generar energ\u00eda, almacenarla, distribuirla y consumirla de forma m\u00e1s sostenible, limpia y respetuosa con el medioambiente. Sabemos c\u00f3mo hacerlo y tenemos la tecnolog\u00eda para llevarlo a cabo, por lo que es el momento de apostar fuertemente por una transici\u00f3n ecol\u00f3gica real y realizable. Este a\u00f1o es nuestro 50 aniversario y ya desde los inicios cre\u00edamos en la innovaci\u00f3n como el \u00fanico camino para tener una tecnolog\u00eda propia. Por eso cada a\u00f1o invertimos el 5% de nuestra facturaci\u00f3n en I+D para estar en la vanguardia tecnol\u00f3gica.<\/p>\n<p>El contexto actual es complejo:\u00a0 inflaci\u00f3n, guerra, altos precios de la energ\u00eda, etc\u2026 <strong>\u00a0<\/strong>Sin embargo,<strong> el<\/strong> \u00fanico camino a corto\/medio plazo de cumplir con los objetivos de descarbonizaci\u00f3n pasa por electrificar de forma sostenible la sociedad europea.<\/p>\n<p><strong>2. \u00bfC\u00f3mo est\u00e1n afectando los problemas de log\u00edstica y suministro a la fabricaci\u00f3n de componentes y equipos? \u00bfVe posible una mayor autonom\u00eda espa\u00f1ola y europea, como apuesta la Comisi\u00f3n Europea a trav\u00e9s de los Programas de Reconstrucci\u00f3n?<\/strong><\/p>\n<p>Aunque como es sabido estamos ante una situaci\u00f3n coyuntural, lo cierto es que la escasez de materias primas, los problemas log\u00edsticos en la cadena de suministro y la inflaci\u00f3n nos est\u00e1n afectando. A nosotros y al resto de actores. Los componentes que m\u00e1s escasean por la fuerte subida de precios son los chips y los transformadores de media tensi\u00f3n, que adem\u00e1s cuentan con unos plazos de entrega mucho m\u00e1s largos que antes de la pandemia, pero desde Ingeteam se est\u00e1 haciendo un buen trabajo para garantizar las entregas a nuestros clientes. Poder tener una mayor autonom\u00eda en Espa\u00f1a y en Europa de estos componentes cr\u00edticos ser\u00eda muy interesante para la industria europea, ya que en estos momentos el cumplimiento de los plazos es un tema sensible y determinante para los clientes.<\/p>\n<p><strong>3. La innovaci\u00f3n es fundamental en una empresa con el perfil de Ingeteam, tal y como se evidencia con sus previsiones de invertir en los pr\u00f3ximos 3 a\u00f1os 210 millones de euros, de los que 140 millones ir\u00e1n destinados a I+D, adem\u00e1s de ser muy activa en los programas p\u00fablicos de innovaci\u00f3n. \u00bfDada la progresiva sustituci\u00f3n de la generaci\u00f3n s\u00edncrona, cuales son las prioridades tecnol\u00f3gicas: grid forming, compensadores, convertidores DC\/DC; s\u00edncronos, ultracaps, &#8230;.?<\/strong><\/p>\n<p>Efectivamente la sustituci\u00f3n de los grandes generadores s\u00edncronos de las centrales t\u00e9rmicas convencionales o nucleares es un reto para la red el\u00e9ctrica. Los operadores de red, en todas las geograf\u00edas, est\u00e1n llevando a sus c\u00f3digos de red, en mayor o menor medida, nuevos requisitos para dotar a la red el\u00e9ctrica de esa \u201cinercia f\u00edsica\u201d que antes aportaban los grandes generadores s\u00edncronos. Adem\u00e1s, seg\u00fan hay mayor penetraci\u00f3n de energ\u00eda solar, la red tiene menos \u201cinercia f\u00edsica\u201d. Desde Ingeteam estamos preparados para soportar a los operadores de red y a los desarrolladores de proyectos renovables con las soluciones necesarias para subsanar las carencias de \u201cinercia f\u00edsica\u201d de la red. Lo hacemos actuando sobre dos ejes, como son la electr\u00f3nica de potencia (convertidores) y las m\u00e1quinas el\u00e9ctricas rotativas (compensadores s\u00edncronos). Combinando estas dos tecnolog\u00edas, y sumando a la versatilidad adicional que ofrecen los convertidores asociados a bater\u00edas de ion litio y a ultracaps, se puede dar respuesta a cualquier reto, por muy solicitado que est\u00e9 un nudo concreto de la red.<\/p>\n<p><strong>4. Llevamos tiempo hablando de la importancia del hidr\u00f3geno. \u00bfCu\u00e1l es la actividad de Ingeteam en este tema y cree que podremos llegar a ser competitivos con otras fuentes de energ\u00eda o materia prima?<\/strong><\/p>\n<p>Considerando la dilatada experiencia de 50 a\u00f1os de Ingeteam en electr\u00f3nica de potencia para grandes plantas de generaci\u00f3n de energ\u00eda renovable, donde la compa\u00f1\u00eda cuenta ya con 80 GW en convertidores conectados a la red, y la presencia y conocimiento en m\u00e1s de una decena de aplicaciones de conversi\u00f3n el\u00e9ctrica, la propuesta de valor de Ingeteam es ser un socio estrat\u00e9gico en la electr\u00f3nica y los sistemas de control en los electrolizadores. Este a\u00f1o hemos fabricado un nuevo rectificador destinado a hidr\u00f3geno verde y ya estamos trabajando en tres rectificadores para sendos electrolizadores que tienen como destino B\u00e9lgica, Estados Unidos y Espa\u00f1a. El primer pedido de este rectificador, que ya est\u00e1 entregado, es para un banco de pruebas y le seguir\u00e1n otros pedidos para una hidrogenera (surtidores de hidr\u00f3geno para veh\u00edculos con motor de hidr\u00f3geno) y un electrolizador a instalar en una refiner\u00eda en Espa\u00f1a, el primero de este tipo.<\/p>\n<p><strong>5. La otra gran \u00e1rea de actividad de Ingeteam es la ligada a los servicios de gesti\u00f3n de activos y, de forma m\u00e1s concreta, el mantenimiento: \u00bfQu\u00e9 peso tiene en la facturaci\u00f3n total y cu\u00e1les son las previsiones de evoluci\u00f3n futura?<\/strong><\/p>\n<p>La actividad de Servicios de Ingeteam representa en tornos al 20% del negocio, en la que trabajan en todo el mundo m\u00e1s de 1.000 personas. Mantenemos actualmente +17GW y prevemos consolidarnos y crecer en esta \u00e1rea en el medio y largo plazo, ya que confiamos en que la apuesta por la energ\u00eda renovable sea real y ello conllevar\u00e1 la construcci\u00f3n de m\u00e1s parques de generaci\u00f3n que requerir\u00e1n O&amp;M.\u00a0<\/p>\n<p><strong>6. En el apartado de servicios de mantenimiento, el precio parece seguir siendo un elemento clave. \u00bfCu\u00e1les son las principales ventajas comparativas de Ingeteam y como se puede avanzar para que la calidad sea un elemento clave en estos servicios?<\/strong><\/p>\n<p>El know- how que tenemos gracias a nuestra experiencia. Estamos en O&amp;M desde hace m\u00e1s de 23 a\u00f1os, contamos con profesionales altamente cualificados que junto a nuestra tecnolog\u00eda hacen un t\u00e1ndem perfecto para que los servicios, tanto de operaci\u00f3n como de mantenimiento, que llevamos a cabo para nuestros clientes cumplan lo m\u00e1s altos est\u00e1ndares de calidad. Por ello, nuestros clientes conf\u00edan en nosotros, somos el compa\u00f1ero perfecto de viaje.<\/p>\n<p><strong>7. Las empresas del sector demandan nuevos profesionales debido al elevado n\u00famero de nuevas instalaciones. \u00bfEs necesario hacer mejoras en la formaci\u00f3n? \u00bfHay suficiente equilibrio entre la oferta y la demanda? <\/strong><\/p>\n<p>Existe un serio problema de talento en el sector. No es algo nuevo, llevamos ya tiempo dando se\u00f1ales de alerta y cada vez se evidencia m\u00e1s los problemas existentes para encontrar los perfiles que buscamos y atraerlos. Hay que redoblar esfuerzos en la formaci\u00f3n, hay que animar a nuestros j\u00f3venes a que realicen estudios denominados STEM que son los que las empresas estamos demandando y seguiremos haci\u00e9ndolo. Tenemos una tarea pendiente para que las nuevas generaciones se interesen por campos de estudios t\u00e9cnicos para que despu\u00e9s puedan acceder a trabajos de calidad, con proyecci\u00f3n profesional y poder participar en proyectos innovadores.<\/p>\n<p><strong>8. El movimiento <\/strong><strong>\u201c<em>The Real Dream Team\u201d<\/em>, creado por la compa\u00f1\u00eda, \u00bfc\u00f3mo se define?<\/strong><\/p>\n<p>Es un movimiento compuesto por h\u00e9roes y hero\u00ednas, como somos cada uno de nosotros, que compartimos el mismo sue\u00f1o de que podamos vivir en un mundo en el que la producci\u00f3n y consumo de energ\u00eda sea limpia. Y es que la transici\u00f3n energ\u00e9tica ya no es el futuro sino el presente. En esta transici\u00f3n energ\u00e9tica Ingeteam tiene mucho que aportar como actor clave electrificando la sociedad de forma innovadora y sostenible, a trav\u00e9s de su tecnolog\u00eda puntera especializada en la generaci\u00f3n y conversi\u00f3n de energ\u00eda el\u00e9ctrica y su experiencia de m\u00e1s de 50 a\u00f1os aportando soluciones creativas a problemas concretos.<\/p>\n<p><strong>9. Para conocer a nuestro protagonista:<\/strong><\/p>\n<ol>\n<li style=\"list-style-type: none;\">\n<ol>\n<li>Libro preferido: Jack: What I&#8217;ve Learned Leading a Great Company and Great People (Jack Welch)<\/li>\n<li>Serie: Breaking Bad<\/li>\n<li>Pel\u00edcula: Pulp Fiction<\/li>\n<li>Color: Azul<\/li>\n<\/ol>\n<\/li>\n<\/ol>\n<p><strong>10. En nuestro d\u00eda a d\u00eda, todos podemos aportar a la lucha contra el cambio clim\u00e1tico. \u00bfCu\u00e1l es su propuesta de medida concreta para que nuestros lectores puedan aplicar desde hoy en su rutina?<\/strong><\/p>\n<p>La forma de hacernos verdes es dejando de quemar algo para generar calor.<\/p>\n<p>Esto que se dice f\u00e1cilmente, se traduce en nuestro d\u00eda a d\u00eda en pasar del coche de combusti\u00f3n (di\u00e9sel, gasolina o gas) al coche el\u00e9ctrico, se traduce en dejar de utilizar el veh\u00edculo individual para usar el tren, el tranv\u00eda o el metro o incluso en dejar de viajar en avi\u00f3n para hacerlo en tren o en coche el\u00e9ctrico cuando sea posible.<\/p>\n<p>Otra medida ser\u00eda dejar de quemar gas en casa para cocinar, para calentar la casa o para disponer de agua caliente, consiguiendo todo esto con una bomba de calor. La aerotermia o bomba de calor permite adem\u00e1s su uso en modo enfriamiento, con lo que combina en un \u00fanico sistema la capacidad de calentar y refrigerar, evitando la necesidad de aparato de aire acondicionado. Finalmente mencionar\u00eda la instalaci\u00f3n de paneles solares. Una vivienda media puede reducir su factura el\u00e9ctrica a la mitad. Quienes se pongan a hacer n\u00fameros, ver\u00e1n que el retorno de la inversi\u00f3n es muy corto. Esto se puede hacer de forma individual (para quienes viven en casas) o de forma comunitaria (para quienes viven en pisos).<\/p>\n<p>Y por aquello de predicar con el ejemplo, yo ya me he pasado a la aerotermia, al coche el\u00e9ctrico, y tengo paneles solares en el tejado de mi casa, y estoy encantado!<\/p>\n<p>\u00a0<\/p>\n\n\n<figure class=\"wp-block-image aligncenter size-large\"><img decoding=\"async\" width=\"683\" height=\"1024\" src=\"https:\/\/aeeolica.org\/wp-content\/uploads\/2022\/09\/Adolfo-Rebollo-Ingeteam-683x1024.jpg\" alt=\"\" class=\"wp-image-63185\"\/><\/figure>\n","protected":false},"excerpt":{"rendered":"<p>Adolfo Rebollo, CEO de Ingeteam, es el protagonista de la entrevista del mes en nuestra newsletter.<\/p>\n","protected":false},"author":2,"featured_media":63188,"comment_status":"open","ping_status":"open","sticky":false,"template":"","format":"standard","meta":{"_acf_changed":false,"_bbp_topic_count":0,"_bbp_reply_count":0,"_bbp_total_topic_count":0,"_bbp_total_reply_count":0,"_bbp_voice_count":0,"_bbp_anonymous_reply_count":0,"_bbp_topic_count_hidden":0,"_bbp_reply_count_hidden":0,"_bbp_forum_subforum_count":0,"_et_pb_use_builder":"","_et_pb_old_content":"","_et_gb_content_width":"","footnotes":""},"categories":[438],"tags":[],"class_list":["post-63176","post","type-post","status-publish","format-standard","has-post-thumbnail","hentry","category-newsletter-julio-2022"],"acf":[],"yoast_head":"<!-- This site is optimized with the Yoast SEO plugin v27.4 - https:\/\/yoast.com\/product\/yoast-seo-wordpress\/ -->\n<title>Adolfo Rebollo, Consejero Delegado de Ingeteam, es el protagonista de la entrevista del mes en nuestra newsletter - Asociaci\u00f3n Empresarial E\u00f3lica<\/title>\n<meta name=\"robots\" content=\"index, follow, max-snippet:-1, max-image-preview:large, max-video-preview:-1\" \/>\n<link rel=\"canonical\" href=\"https:\/\/aeeolica.org\/adolfo-rebollo-con-de-ingeteam-es-el-protagonista-de-la-entrevista-del-mes-en-nuestra-newsletter\/\" \/>\n<meta property=\"og:locale\" content=\"en_US\" \/>\n<meta property=\"og:type\" content=\"article\" \/>\n<meta property=\"og:title\" content=\"Adolfo Rebollo, Consejero Delegado de Ingeteam, es el protagonista de la entrevista del mes en nuestra newsletter - Asociaci\u00f3n Empresarial E\u00f3lica\" \/>\n<meta property=\"og:description\" content=\"Adolfo Rebollo, CEO de Ingeteam, es el protagonista de la entrevista del mes en nuestra newsletter.\" \/>\n<meta property=\"og:url\" content=\"https:\/\/aeeolica.org\/adolfo-rebollo-con-de-ingeteam-es-el-protagonista-de-la-entrevista-del-mes-en-nuestra-newsletter\/\" \/>\n<meta property=\"og:site_name\" content=\"Asociaci\u00f3n Empresarial E\u00f3lica\" \/>\n<meta property=\"article:publisher\" content=\"https:\/\/www.facebook.com\/aeeolica\" \/>\n<meta property=\"article:published_time\" content=\"2022-09-27T14:26:20+00:00\" \/>\n<meta property=\"article:modified_time\" content=\"2022-09-28T08:02:30+00:00\" \/>\n<meta property=\"og:image\" content=\"https:\/\/aeeolica.org\/wp-content\/uploads\/2022\/09\/Adolfo-Rebollo_CEO-Ingeteam-951x1024.jpg\" \/>\n\t<meta property=\"og:image:width\" content=\"951\" \/>\n\t<meta property=\"og:image:height\" content=\"1024\" \/>\n\t<meta property=\"og:image:type\" content=\"image\/jpeg\" \/>\n<meta name=\"author\" content=\"Morante D\u00edaz, Mar\u00eda del Mar\" \/>\n<meta name=\"twitter:card\" content=\"summary_large_image\" \/>\n<meta name=\"twitter:creator\" content=\"@aeeolica\" \/>\n<meta name=\"twitter:site\" content=\"@aeeolica\" \/>\n<meta name=\"twitter:label1\" content=\"Written by\" \/>\n\t<meta name=\"twitter:data1\" content=\"Morante D\u00edaz, Mar\u00eda del Mar\" \/>\n\t<meta name=\"twitter:label2\" content=\"Est. reading time\" \/>\n\t<meta name=\"twitter:data2\" content=\"9 minutes\" \/>\n<script type=\"application\/ld+json\" class=\"yoast-schema-graph\">{\"@context\":\"https:\\\/\\\/schema.org\",\"@graph\":[{\"@type\":\"Article\",\"@id\":\"https:\\\/\\\/aeeolica.org\\\/adolfo-rebollo-con-de-ingeteam-es-el-protagonista-de-la-entrevista-del-mes-en-nuestra-newsletter\\\/#article\",\"isPartOf\":{\"@id\":\"https:\\\/\\\/aeeolica.org\\\/adolfo-rebollo-con-de-ingeteam-es-el-protagonista-de-la-entrevista-del-mes-en-nuestra-newsletter\\\/\"},\"author\":{\"name\":\"Morante D\u00edaz, Mar\u00eda del Mar\",\"@id\":\"https:\\\/\\\/aeeolica.org\\\/#\\\/schema\\\/person\\\/064b26f21f7ed52e0b3854e6b52f9772\"},\"headline\":\"Adolfo Rebollo, Consejero Delegado de Ingeteam, es el protagonista de la entrevista del mes en nuestra newsletter\",\"datePublished\":\"2022-09-27T14:26:20+00:00\",\"dateModified\":\"2022-09-28T08:02:30+00:00\",\"mainEntityOfPage\":{\"@id\":\"https:\\\/\\\/aeeolica.org\\\/adolfo-rebollo-con-de-ingeteam-es-el-protagonista-de-la-entrevista-del-mes-en-nuestra-newsletter\\\/\"},\"wordCount\":1916,\"commentCount\":3,\"publisher\":{\"@id\":\"https:\\\/\\\/aeeolica.org\\\/#organization\"},\"image\":{\"@id\":\"https:\\\/\\\/aeeolica.org\\\/adolfo-rebollo-con-de-ingeteam-es-el-protagonista-de-la-entrevista-del-mes-en-nuestra-newsletter\\\/#primaryimage\"},\"thumbnailUrl\":\"https:\\\/\\\/aeeolica.org\\\/wp-content\\\/uploads\\\/2022\\\/09\\\/Adolfo-Rebollo_CEO-Ingeteam.jpg\",\"articleSection\":[\"Newsletter Julio 2022\"],\"inLanguage\":\"en-US\",\"potentialAction\":[{\"@type\":\"CommentAction\",\"name\":\"Comment\",\"target\":[\"https:\\\/\\\/aeeolica.org\\\/adolfo-rebollo-con-de-ingeteam-es-el-protagonista-de-la-entrevista-del-mes-en-nuestra-newsletter\\\/#respond\"]}]},{\"@type\":\"WebPage\",\"@id\":\"https:\\\/\\\/aeeolica.org\\\/adolfo-rebollo-con-de-ingeteam-es-el-protagonista-de-la-entrevista-del-mes-en-nuestra-newsletter\\\/\",\"url\":\"https:\\\/\\\/aeeolica.org\\\/adolfo-rebollo-con-de-ingeteam-es-el-protagonista-de-la-entrevista-del-mes-en-nuestra-newsletter\\\/\",\"name\":\"Adolfo Rebollo, Consejero Delegado de Ingeteam, es el protagonista de la entrevista del mes en nuestra newsletter - Asociaci\u00f3n Empresarial E\u00f3lica\",\"isPartOf\":{\"@id\":\"https:\\\/\\\/aeeolica.org\\\/#website\"},\"primaryImageOfPage\":{\"@id\":\"https:\\\/\\\/aeeolica.org\\\/adolfo-rebollo-con-de-ingeteam-es-el-protagonista-de-la-entrevista-del-mes-en-nuestra-newsletter\\\/#primaryimage\"},\"image\":{\"@id\":\"https:\\\/\\\/aeeolica.org\\\/adolfo-rebollo-con-de-ingeteam-es-el-protagonista-de-la-entrevista-del-mes-en-nuestra-newsletter\\\/#primaryimage\"},\"thumbnailUrl\":\"https:\\\/\\\/aeeolica.org\\\/wp-content\\\/uploads\\\/2022\\\/09\\\/Adolfo-Rebollo_CEO-Ingeteam.jpg\",\"datePublished\":\"2022-09-27T14:26:20+00:00\",\"dateModified\":\"2022-09-28T08:02:30+00:00\",\"breadcrumb\":{\"@id\":\"https:\\\/\\\/aeeolica.org\\\/adolfo-rebollo-con-de-ingeteam-es-el-protagonista-de-la-entrevista-del-mes-en-nuestra-newsletter\\\/#breadcrumb\"},\"inLanguage\":\"en-US\",\"potentialAction\":[{\"@type\":\"ReadAction\",\"target\":[\"https:\\\/\\\/aeeolica.org\\\/adolfo-rebollo-con-de-ingeteam-es-el-protagonista-de-la-entrevista-del-mes-en-nuestra-newsletter\\\/\"]}]},{\"@type\":\"ImageObject\",\"inLanguage\":\"en-US\",\"@id\":\"https:\\\/\\\/aeeolica.org\\\/adolfo-rebollo-con-de-ingeteam-es-el-protagonista-de-la-entrevista-del-mes-en-nuestra-newsletter\\\/#primaryimage\",\"url\":\"https:\\\/\\\/aeeolica.org\\\/wp-content\\\/uploads\\\/2022\\\/09\\\/Adolfo-Rebollo_CEO-Ingeteam.jpg\",\"contentUrl\":\"https:\\\/\\\/aeeolica.org\\\/wp-content\\\/uploads\\\/2022\\\/09\\\/Adolfo-Rebollo_CEO-Ingeteam.jpg\",\"width\":2305,\"height\":2483},{\"@type\":\"BreadcrumbList\",\"@id\":\"https:\\\/\\\/aeeolica.org\\\/adolfo-rebollo-con-de-ingeteam-es-el-protagonista-de-la-entrevista-del-mes-en-nuestra-newsletter\\\/#breadcrumb\",\"itemListElement\":[{\"@type\":\"ListItem\",\"position\":1,\"name\":\"Portada\",\"item\":\"https:\\\/\\\/aeeolica.org\\\/en\\\/inicio\\\/\"},{\"@type\":\"ListItem\",\"position\":2,\"name\":\"Adolfo Rebollo, Consejero Delegado de Ingeteam, es el protagonista de la entrevista del mes en nuestra newsletter\"}]},{\"@type\":\"WebSite\",\"@id\":\"https:\\\/\\\/aeeolica.org\\\/#website\",\"url\":\"https:\\\/\\\/aeeolica.org\\\/\",\"name\":\"Asociaci\u00f3n Empresarial E\u00f3lica\",\"description\":\"AEE Asociaci\u00f3n Empresarial E\u00f3lica\",\"publisher\":{\"@id\":\"https:\\\/\\\/aeeolica.org\\\/#organization\"},\"potentialAction\":[{\"@type\":\"SearchAction\",\"target\":{\"@type\":\"EntryPoint\",\"urlTemplate\":\"https:\\\/\\\/aeeolica.org\\\/?s={search_term_string}\"},\"query-input\":{\"@type\":\"PropertyValueSpecification\",\"valueRequired\":true,\"valueName\":\"search_term_string\"}}],\"inLanguage\":\"en-US\"},{\"@type\":\"Organization\",\"@id\":\"https:\\\/\\\/aeeolica.org\\\/#organization\",\"name\":\"Asociaci\u00f3n Empresarial E\u00f3lica\",\"url\":\"https:\\\/\\\/aeeolica.org\\\/\",\"logo\":{\"@type\":\"ImageObject\",\"inLanguage\":\"en-US\",\"@id\":\"https:\\\/\\\/aeeolica.org\\\/#\\\/schema\\\/logo\\\/image\\\/\",\"url\":\"https:\\\/\\\/aeeolica.org\\\/wp-content\\\/uploads\\\/2021\\\/08\\\/logo-aee.png\",\"contentUrl\":\"https:\\\/\\\/aeeolica.org\\\/wp-content\\\/uploads\\\/2021\\\/08\\\/logo-aee.png\",\"width\":180,\"height\":78,\"caption\":\"Asociaci\u00f3n Empresarial E\u00f3lica\"},\"image\":{\"@id\":\"https:\\\/\\\/aeeolica.org\\\/#\\\/schema\\\/logo\\\/image\\\/\"},\"sameAs\":[\"https:\\\/\\\/www.facebook.com\\\/aeeolica\",\"https:\\\/\\\/x.com\\\/aeeolica\",\"https:\\\/\\\/www.instagram.com\\\/aeeolica\\\/\",\"https:\\\/\\\/www.linkedin.com\\\/in\\\/aee-asociaci\u00f3n-empresarial-e\u00f3lica-6830946b\\\/\",\"https:\\\/\\\/www.youtube.com\\\/user\\\/AEEolica\"]},{\"@type\":\"Person\",\"@id\":\"https:\\\/\\\/aeeolica.org\\\/#\\\/schema\\\/person\\\/064b26f21f7ed52e0b3854e6b52f9772\",\"name\":\"Morante D\u00edaz, Mar\u00eda del Mar\",\"image\":{\"@type\":\"ImageObject\",\"inLanguage\":\"en-US\",\"@id\":\"https:\\\/\\\/secure.gravatar.com\\\/avatar\\\/8bfd23e1c4bf5aa0b9314f1c5c9d644e62672831e6a512513954c3f15dffdd5a?s=96&d=mm&r=g\",\"url\":\"https:\\\/\\\/secure.gravatar.com\\\/avatar\\\/8bfd23e1c4bf5aa0b9314f1c5c9d644e62672831e6a512513954c3f15dffdd5a?s=96&d=mm&r=g\",\"contentUrl\":\"https:\\\/\\\/secure.gravatar.com\\\/avatar\\\/8bfd23e1c4bf5aa0b9314f1c5c9d644e62672831e6a512513954c3f15dffdd5a?s=96&d=mm&r=g\",\"caption\":\"Morante D\u00edaz, Mar\u00eda del Mar\"},\"url\":\"https:\\\/\\\/aeeolica.org\\\/en\\\/author\\\/mar\\\/\"}]}<\/script>\n<!-- \/ Yoast SEO plugin. -->","yoast_head_json":{"title":"Adolfo Rebollo, Consejero Delegado de Ingeteam, es el protagonista de la entrevista del mes en nuestra newsletter - Asociaci\u00f3n Empresarial E\u00f3lica","robots":{"index":"index","follow":"follow","max-snippet":"max-snippet:-1","max-image-preview":"max-image-preview:large","max-video-preview":"max-video-preview:-1"},"canonical":"https:\/\/aeeolica.org\/adolfo-rebollo-con-de-ingeteam-es-el-protagonista-de-la-entrevista-del-mes-en-nuestra-newsletter\/","og_locale":"en_US","og_type":"article","og_title":"Adolfo Rebollo, Consejero Delegado de Ingeteam, es el protagonista de la entrevista del mes en nuestra newsletter - Asociaci\u00f3n Empresarial E\u00f3lica","og_description":"Adolfo Rebollo, CEO de Ingeteam, es el protagonista de la entrevista del mes en nuestra newsletter.","og_url":"https:\/\/aeeolica.org\/adolfo-rebollo-con-de-ingeteam-es-el-protagonista-de-la-entrevista-del-mes-en-nuestra-newsletter\/","og_site_name":"Asociaci\u00f3n Empresarial E\u00f3lica","article_publisher":"https:\/\/www.facebook.com\/aeeolica","article_published_time":"2022-09-27T14:26:20+00:00","article_modified_time":"2022-09-28T08:02:30+00:00","og_image":[{"width":951,"height":1024,"url":"https:\/\/aeeolica.org\/wp-content\/uploads\/2022\/09\/Adolfo-Rebollo_CEO-Ingeteam-951x1024.jpg","type":"image\/jpeg"}],"author":"Morante D\u00edaz, Mar\u00eda del Mar","twitter_card":"summary_large_image","twitter_creator":"@aeeolica","twitter_site":"@aeeolica","twitter_misc":{"Written by":"Morante D\u00edaz, Mar\u00eda del Mar","Est. reading time":"9 minutes"},"schema":{"@context":"https:\/\/schema.org","@graph":[{"@type":"Article","@id":"https:\/\/aeeolica.org\/adolfo-rebollo-con-de-ingeteam-es-el-protagonista-de-la-entrevista-del-mes-en-nuestra-newsletter\/#article","isPartOf":{"@id":"https:\/\/aeeolica.org\/adolfo-rebollo-con-de-ingeteam-es-el-protagonista-de-la-entrevista-del-mes-en-nuestra-newsletter\/"},"author":{"name":"Morante D\u00edaz, Mar\u00eda del Mar","@id":"https:\/\/aeeolica.org\/#\/schema\/person\/064b26f21f7ed52e0b3854e6b52f9772"},"headline":"Adolfo Rebollo, Consejero Delegado de Ingeteam, es el protagonista de la entrevista del mes en nuestra newsletter","datePublished":"2022-09-27T14:26:20+00:00","dateModified":"2022-09-28T08:02:30+00:00","mainEntityOfPage":{"@id":"https:\/\/aeeolica.org\/adolfo-rebollo-con-de-ingeteam-es-el-protagonista-de-la-entrevista-del-mes-en-nuestra-newsletter\/"},"wordCount":1916,"commentCount":3,"publisher":{"@id":"https:\/\/aeeolica.org\/#organization"},"image":{"@id":"https:\/\/aeeolica.org\/adolfo-rebollo-con-de-ingeteam-es-el-protagonista-de-la-entrevista-del-mes-en-nuestra-newsletter\/#primaryimage"},"thumbnailUrl":"https:\/\/aeeolica.org\/wp-content\/uploads\/2022\/09\/Adolfo-Rebollo_CEO-Ingeteam.jpg","articleSection":["Newsletter Julio 2022"],"inLanguage":"en-US","potentialAction":[{"@type":"CommentAction","name":"Comment","target":["https:\/\/aeeolica.org\/adolfo-rebollo-con-de-ingeteam-es-el-protagonista-de-la-entrevista-del-mes-en-nuestra-newsletter\/#respond"]}]},{"@type":"WebPage","@id":"https:\/\/aeeolica.org\/adolfo-rebollo-con-de-ingeteam-es-el-protagonista-de-la-entrevista-del-mes-en-nuestra-newsletter\/","url":"https:\/\/aeeolica.org\/adolfo-rebollo-con-de-ingeteam-es-el-protagonista-de-la-entrevista-del-mes-en-nuestra-newsletter\/","name":"Adolfo Rebollo, Consejero Delegado de Ingeteam, es el protagonista de la entrevista del mes en nuestra newsletter - Asociaci\u00f3n Empresarial E\u00f3lica","isPartOf":{"@id":"https:\/\/aeeolica.org\/#website"},"primaryImageOfPage":{"@id":"https:\/\/aeeolica.org\/adolfo-rebollo-con-de-ingeteam-es-el-protagonista-de-la-entrevista-del-mes-en-nuestra-newsletter\/#primaryimage"},"image":{"@id":"https:\/\/aeeolica.org\/adolfo-rebollo-con-de-ingeteam-es-el-protagonista-de-la-entrevista-del-mes-en-nuestra-newsletter\/#primaryimage"},"thumbnailUrl":"https:\/\/aeeolica.org\/wp-content\/uploads\/2022\/09\/Adolfo-Rebollo_CEO-Ingeteam.jpg","datePublished":"2022-09-27T14:26:20+00:00","dateModified":"2022-09-28T08:02:30+00:00","breadcrumb":{"@id":"https:\/\/aeeolica.org\/adolfo-rebollo-con-de-ingeteam-es-el-protagonista-de-la-entrevista-del-mes-en-nuestra-newsletter\/#breadcrumb"},"inLanguage":"en-US","potentialAction":[{"@type":"ReadAction","target":["https:\/\/aeeolica.org\/adolfo-rebollo-con-de-ingeteam-es-el-protagonista-de-la-entrevista-del-mes-en-nuestra-newsletter\/"]}]},{"@type":"ImageObject","inLanguage":"en-US","@id":"https:\/\/aeeolica.org\/adolfo-rebollo-con-de-ingeteam-es-el-protagonista-de-la-entrevista-del-mes-en-nuestra-newsletter\/#primaryimage","url":"https:\/\/aeeolica.org\/wp-content\/uploads\/2022\/09\/Adolfo-Rebollo_CEO-Ingeteam.jpg","contentUrl":"https:\/\/aeeolica.org\/wp-content\/uploads\/2022\/09\/Adolfo-Rebollo_CEO-Ingeteam.jpg","width":2305,"height":2483},{"@type":"BreadcrumbList","@id":"https:\/\/aeeolica.org\/adolfo-rebollo-con-de-ingeteam-es-el-protagonista-de-la-entrevista-del-mes-en-nuestra-newsletter\/#breadcrumb","itemListElement":[{"@type":"ListItem","position":1,"name":"Portada","item":"https:\/\/aeeolica.org\/en\/inicio\/"},{"@type":"ListItem","position":2,"name":"Adolfo Rebollo, Consejero Delegado de Ingeteam, es el protagonista de la entrevista del mes en nuestra newsletter"}]},{"@type":"WebSite","@id":"https:\/\/aeeolica.org\/#website","url":"https:\/\/aeeolica.org\/","name":"Asociaci\u00f3n Empresarial E\u00f3lica","description":"AEE Asociaci\u00f3n Empresarial E\u00f3lica","publisher":{"@id":"https:\/\/aeeolica.org\/#organization"},"potentialAction":[{"@type":"SearchAction","target":{"@type":"EntryPoint","urlTemplate":"https:\/\/aeeolica.org\/?s={search_term_string}"},"query-input":{"@type":"PropertyValueSpecification","valueRequired":true,"valueName":"search_term_string"}}],"inLanguage":"en-US"},{"@type":"Organization","@id":"https:\/\/aeeolica.org\/#organization","name":"Asociaci\u00f3n Empresarial E\u00f3lica","url":"https:\/\/aeeolica.org\/","logo":{"@type":"ImageObject","inLanguage":"en-US","@id":"https:\/\/aeeolica.org\/#\/schema\/logo\/image\/","url":"https:\/\/aeeolica.org\/wp-content\/uploads\/2021\/08\/logo-aee.png","contentUrl":"https:\/\/aeeolica.org\/wp-content\/uploads\/2021\/08\/logo-aee.png","width":180,"height":78,"caption":"Asociaci\u00f3n Empresarial E\u00f3lica"},"image":{"@id":"https:\/\/aeeolica.org\/#\/schema\/logo\/image\/"},"sameAs":["https:\/\/www.facebook.com\/aeeolica","https:\/\/x.com\/aeeolica","https:\/\/www.instagram.com\/aeeolica\/","https:\/\/www.linkedin.com\/in\/aee-asociaci\u00f3n-empresarial-e\u00f3lica-6830946b\/","https:\/\/www.youtube.com\/user\/AEEolica"]},{"@type":"Person","@id":"https:\/\/aeeolica.org\/#\/schema\/person\/064b26f21f7ed52e0b3854e6b52f9772","name":"Morante D\u00edaz, Mar\u00eda del Mar","image":{"@type":"ImageObject","inLanguage":"en-US","@id":"https:\/\/secure.gravatar.com\/avatar\/8bfd23e1c4bf5aa0b9314f1c5c9d644e62672831e6a512513954c3f15dffdd5a?s=96&d=mm&r=g","url":"https:\/\/secure.gravatar.com\/avatar\/8bfd23e1c4bf5aa0b9314f1c5c9d644e62672831e6a512513954c3f15dffdd5a?s=96&d=mm&r=g","contentUrl":"https:\/\/secure.gravatar.com\/avatar\/8bfd23e1c4bf5aa0b9314f1c5c9d644e62672831e6a512513954c3f15dffdd5a?s=96&d=mm&r=g","caption":"Morante D\u00edaz, Mar\u00eda del Mar"},"url":"https:\/\/aeeolica.org\/en\/author\/mar\/"}]}},"_links":{"self":[{"href":"https:\/\/aeeolica.org\/en\/wp-json\/wp\/v2\/posts\/63176","targetHints":{"allow":["GET"]}}],"collection":[{"href":"https:\/\/aeeolica.org\/en\/wp-json\/wp\/v2\/posts"}],"about":[{"href":"https:\/\/aeeolica.org\/en\/wp-json\/wp\/v2\/types\/post"}],"author":[{"embeddable":true,"href":"https:\/\/aeeolica.org\/en\/wp-json\/wp\/v2\/users\/2"}],"replies":[{"embeddable":true,"href":"https:\/\/aeeolica.org\/en\/wp-json\/wp\/v2\/comments?post=63176"}],"version-history":[{"count":0,"href":"https:\/\/aeeolica.org\/en\/wp-json\/wp\/v2\/posts\/63176\/revisions"}],"wp:featuredmedia":[{"embeddable":true,"href":"https:\/\/aeeolica.org\/en\/wp-json\/wp\/v2\/media\/63188"}],"wp:attachment":[{"href":"https:\/\/aeeolica.org\/en\/wp-json\/wp\/v2\/media?parent=63176"}],"wp:term":[{"taxonomy":"category","embeddable":true,"href":"https:\/\/aeeolica.org\/en\/wp-json\/wp\/v2\/categories?post=63176"},{"taxonomy":"post_tag","embeddable":true,"href":"https:\/\/aeeolica.org\/en\/wp-json\/wp\/v2\/tags?post=63176"}],"curies":[{"name":"wp","href":"https:\/\/api.w.org\/{rel}","templated":true}]}}