{"id":73006,"date":"2022-10-30T20:55:30","date_gmt":"2022-10-30T19:55:30","guid":{"rendered":"https:\/\/aeeolica.org\/?p=73006"},"modified":"2022-10-30T20:55:34","modified_gmt":"2022-10-30T19:55:34","slug":"ecoener-inaugura-el-mayor-complejo-de-generacion-de-energias-renovables-de-las-islas-canarias","status":"publish","type":"post","link":"https:\/\/aeeolica.org\/en\/ecoener-inaugura-el-mayor-complejo-de-generacion-de-energias-renovables-de-las-islas-canarias\/","title":{"rendered":"Ecoener inaugura el mayor complejo de generaci\u00f3n de energ\u00edas renovables de las islas Canarias"},"content":{"rendered":"\n<ul class=\"wp-block-list\"><li><strong>El complejo de Gran Canaria cuenta con 100 MW de potencia instalada y ha supuesto una inversi\u00f3n de 125 millones de euros.<\/strong><\/li><li><strong>Se han instalado mejoras ambientales pioneras como casi 2.000 metros de pantallas vegetales compuestas por 1.600 \u00e1rboles y arbustos aut\u00f3ctonos con sistema de riego.<\/strong><\/li><li><strong>Contar\u00e1 con el mayor proyecto de hibridaci\u00f3n de las islas Canarias y uno de los m\u00e1s importantes de Espa\u00f1a a finales de 2023.<\/strong><\/li><li><strong>Luis de Valdivia, presidente de Ecoener, <em>\u201cestamos orgullosos de seguir contribuyendo a la mejora medioambiental de las Islas Canarias desde nuestro liderazgo en energ\u00edas renovables\u201d.<\/em><\/strong><\/li><\/ul>\n\n\n\n<p><a>Ecoener, el grupo multinacional de energ\u00edas renovables, inaugur\u00f3 hoy en la isla de Gran Canaria el mayor complejo de generaci\u00f3n de energ\u00edas renovables de las islas Canarias, compuesto por 8 parques e\u00f3licos y 12 plantas fotovoltaicas, con una inversi\u00f3n total de 125 millones de euros.<\/a><\/p>\n\n\n\n<p>Las instalaciones, ubicadas en el t\u00e9rmino municipal de San Bartolom\u00e9 de Tirajana (Las Palmas), contar\u00e1n con una capacidad total instalada de 100 MW. En ellas se integra, entre otros, el parque La Florida 3, con 19 MW de potencia, que cuenta con varios de los aerogeneradores m\u00e1s modernos y potentes instalados en Canarias en la actualidad.<\/p>\n\n\n\n<p>El complejo de energ\u00edas renovables de Ecoener en Gran Canaria, cubrir\u00e1 el equivalente al consumo anual de electricidad de 54.000 familias y permitir\u00e1 reducir en 112.000 toneladas las emisiones de CO2 a la atm\u00f3sfera cada a\u00f1o.<\/p>\n\n\n\n<p>Al mismo tiempo, evitar\u00e1 el consumo anual de casi 20.000 toneladas de combustibles f\u00f3siles, lo que supone una contribuci\u00f3n muy significativa a la descarbonizaci\u00f3n total de las islas Canarias, prevista para 2040.<\/p>\n\n\n\n<p>Desde 2016, las inversiones de Ecoener en las islas Canarias, incluyendo las nuevas instalaciones, alcanzan los 150 millones de euros. S\u00f3lo en 2022, las inversiones previstas en todas las instalaciones del archipi\u00e9lago se situar\u00e1n en 40 millones de euros.<\/p>\n\n\n\n<p><strong>Hibridaci\u00f3n<\/strong><\/p>\n\n\n\n<p><a>El complejo desarrollar\u00e1 el mayor proyecto de hibridaci\u00f3n de las islas Canarias y uno de los m\u00e1s importantes de Espa\u00f1a<\/a>, que sumado a otros proyectos de tecnolog\u00eda e\u00f3lica y fotovoltaica permitir\u00e1 a la compa\u00f1\u00eda contar con 51 MW m\u00e1s de potencia instalada a finales de 2023.<\/p>\n\n\n\n<p>La hibridaci\u00f3n permite simultanear la producci\u00f3n de energ\u00eda renovable al compaginar la generaci\u00f3n fotovoltaica con la generaci\u00f3n e\u00f3lica, garantizando as\u00ed un suministro m\u00e1s estable.&nbsp; Esta tecnolog\u00eda facilita, adem\u00e1s, la implantaci\u00f3n de un \u00fanico punto de conexi\u00f3n a la red el\u00e9ctrica, promueve la optimizaci\u00f3n y eficiencia de los activos, y reduce el impacto medioambiental.<\/p>\n\n\n\n<p>El presidente de Ecoener, <a>Luis de Valdivia, manifest\u00f3 que <\/a><a><em>\u201cestamos orgullosos de seguir contribuyendo a la mejora medioambiental de las Islas Canarias desde nuestro liderazgo en energ\u00edas renovables\u201d.<\/em><\/a><em><\/em><\/p>\n\n\n\n<p><strong><u>2.000 metros de barrera vegetal y 1.600 \u00e1rboles plantados<\/u><\/strong><\/p>\n\n\n\n<p>El complejo de Ecoener en Gran Canaria cuenta con una de las actuaciones ambientales m\u00e1s importantes que se han acometido en Canarias en el sector de la producci\u00f3n de energ\u00edas renovables.<\/p>\n\n\n\n<p>La compa\u00f1\u00eda ha realizado la plantaci\u00f3n de 1.600 \u00e1rboles y arbustos aut\u00f3ctonos a lo largo de casi 2.000 metros de per\u00edmetro. La barrera vegetal ocupa una superficie 13.300 metros cuadrados, con los \u00e1rboles dispuestos a modo de pantallas vegetales que favorecer\u00e1n la recuperaci\u00f3n del suelo, caracterizado por su aridez, su d\u00e9ficit en materia org\u00e1nica y un elevado nivel de salinidad. Las especies utilizadas en esta acci\u00f3n son la casuarina blanca o pino mar\u00edtimo, el tarajal y el balo.<\/p>\n\n\n\n<p>El sistema de regad\u00edo instalado utiliza agua regenerada de una depuradora cercana, una forma natural de reducir el impacto sobre el medio ambiente y aportar los nutrientes (sobre todo nitr\u00f3geno y f\u00f3sforo) que facilitan la fertilizaci\u00f3n del terreno.<\/p>\n\n\n\n<p><em>\u201c<\/em><em>Desde el inicio de nuestra actividad hace m\u00e1s de 30 a\u00f1os, hemos tratado de hacer de la sostenibilidad uno de los pilares de nuestro modelo de gesti\u00f3n y de crecimiento. Nos esforzamos en tratar cada proyecto de forma \u00fanica, entendiendo la naturaleza como un bien para la sociedad\u201d<\/em>, afirm\u00f3 Luis de Valdivia al comentar las iniciativas de integraci\u00f3n paisaj\u00edstica.<\/p>\n\n\n\n<p><strong><u>Tecnolog\u00eda ambiental innovadora<\/u><\/strong><\/p>\n\n\n\n<p>Por su parte, los parques e\u00f3licos cuentan en sus equipos de producci\u00f3n con la tecnolog\u00eda m\u00e1s moderna y eficiente. Adem\u00e1s, algunos de los parques, por su ubicaci\u00f3n, han sido equipados con modernos sistemas de conservaci\u00f3n ambiental para garantizar la protecci\u00f3n de los ecosistemas y la avifauna.<\/p>\n\n\n\n<p><strong><u>Ecoener en cifras<\/u><\/strong><strong><u><\/u><\/strong><\/p>\n\n\n\n<p>Ecoener desarrolla actividades en 10 pa\u00edses de Europa y Am\u00e9rica. En Am\u00e9rica, el grupo multinacional de renovables est\u00e1 construyendo proyectos en Rep\u00fablica Dominicana y Colombia, siguiendo el plan de negocio previsto por la compa\u00f1\u00eda.<\/p>\n\n\n\n<p>En el primer semestre de 2022, Ecoener ha multiplicado por cuatro el beneficio neto hasta alcanzar los 12 millones de euros, en comparaci\u00f3n con los 2,7 millones del mismo periodo de 2021.<\/p>\n\n\n\n<p>La compa\u00f1\u00eda cerr\u00f3 tambi\u00e9n el primer semestre del a\u00f1o con una cifra de negocio de 38,4 millones de euros, un 88% m\u00e1s.<\/p>\n\n\n\n<p>El beneficio de explotaci\u00f3n antes de amortizaciones (ebitda) del grupo, que es el valor que se utiliza para medir la calidad de la gesti\u00f3n, se situ\u00f3 en 25,1 millones de euros, un 116 % por encima del primer semestre de 2021.<\/p>\n\n\n\n<figure class=\"wp-block-image size-large\"><img decoding=\"async\" width=\"1024\" height=\"683\" src=\"https:\/\/aeeolica.org\/wp-content\/uploads\/2022\/10\/ECOENER-1024x683.jpeg\" alt=\"\" class=\"wp-image-73004\" srcset=\"https:\/\/aeeolica.org\/wp-content\/uploads\/2022\/10\/ECOENER-980x653.jpeg 980w, https:\/\/aeeolica.org\/wp-content\/uploads\/2022\/10\/ECOENER-480x320.jpeg 480w\" sizes=\"(min-width: 0px) and (max-width: 480px) 480px, (min-width: 481px) and (max-width: 980px) 980px, (min-width: 981px) 1024px, 100vw\" \/><\/figure>\n","protected":false},"excerpt":{"rendered":"<p>El complejo de Gran Canaria cuenta con 100 MW de potencia instalada y ha supuesto una inversi\u00f3n de 125 millones de euros. Se han instalado mejoras ambientales pioneras como casi [&hellip;]<\/p>\n","protected":false},"author":2,"featured_media":73004,"comment_status":"open","ping_status":"open","sticky":false,"template":"","format":"standard","meta":{"_acf_changed":false,"_bbp_topic_count":0,"_bbp_reply_count":0,"_bbp_total_topic_count":0,"_bbp_total_reply_count":0,"_bbp_voice_count":0,"_bbp_anonymous_reply_count":0,"_bbp_topic_count_hidden":0,"_bbp_reply_count_hidden":0,"_bbp_forum_subforum_count":0,"_et_pb_use_builder":"","_et_pb_old_content":"","_et_gb_content_width":"","footnotes":""},"categories":[439],"tags":[],"class_list":["post-73006","post","type-post","status-publish","format-standard","has-post-thumbnail","hentry","category-newsletter-octubre-2022"],"acf":[],"yoast_head":"<!-- This site is optimized with the Yoast SEO plugin v27.4 - https:\/\/yoast.com\/product\/yoast-seo-wordpress\/ -->\n<title>Ecoener inaugura el mayor complejo de generaci\u00f3n de energ\u00edas renovables de las islas Canarias - Asociaci\u00f3n Empresarial E\u00f3lica<\/title>\n<meta name=\"robots\" content=\"index, follow, max-snippet:-1, max-image-preview:large, max-video-preview:-1\" \/>\n<link rel=\"canonical\" href=\"https:\/\/aeeolica.org\/ecoener-inaugura-el-mayor-complejo-de-generacion-de-energias-renovables-de-las-islas-canarias\/\" \/>\n<meta property=\"og:locale\" content=\"en_US\" \/>\n<meta property=\"og:type\" content=\"article\" \/>\n<meta property=\"og:title\" content=\"Ecoener inaugura el mayor complejo de generaci\u00f3n de energ\u00edas renovables de las islas Canarias - Asociaci\u00f3n Empresarial E\u00f3lica\" \/>\n<meta property=\"og:description\" content=\"El complejo de Gran Canaria cuenta con 100 MW de potencia instalada y ha supuesto una inversi\u00f3n de 125 millones de euros. Se han instalado mejoras ambientales pioneras como casi [&hellip;]\" \/>\n<meta property=\"og:url\" content=\"https:\/\/aeeolica.org\/ecoener-inaugura-el-mayor-complejo-de-generacion-de-energias-renovables-de-las-islas-canarias\/\" \/>\n<meta property=\"og:site_name\" content=\"Asociaci\u00f3n Empresarial E\u00f3lica\" \/>\n<meta property=\"article:publisher\" content=\"https:\/\/www.facebook.com\/aeeolica\" \/>\n<meta property=\"article:published_time\" content=\"2022-10-30T19:55:30+00:00\" \/>\n<meta property=\"article:modified_time\" content=\"2022-10-30T19:55:34+00:00\" \/>\n<meta property=\"og:image\" content=\"https:\/\/aeeolica.org\/wp-content\/uploads\/2022\/10\/ECOENER-scaled.jpeg\" \/>\n\t<meta property=\"og:image:width\" content=\"2560\" \/>\n\t<meta property=\"og:image:height\" content=\"1707\" \/>\n\t<meta property=\"og:image:type\" content=\"image\/jpeg\" \/>\n<meta name=\"author\" content=\"Morante D\u00edaz, Mar\u00eda del Mar\" \/>\n<meta name=\"twitter:card\" content=\"summary_large_image\" \/>\n<meta name=\"twitter:creator\" content=\"@aeeolica\" \/>\n<meta name=\"twitter:site\" content=\"@aeeolica\" \/>\n<meta name=\"twitter:label1\" content=\"Written by\" \/>\n\t<meta name=\"twitter:data1\" content=\"Morante D\u00edaz, Mar\u00eda del Mar\" \/>\n\t<meta name=\"twitter:label2\" content=\"Est. reading time\" \/>\n\t<meta name=\"twitter:data2\" content=\"4 minutes\" \/>\n<script type=\"application\/ld+json\" class=\"yoast-schema-graph\">{\"@context\":\"https:\\\/\\\/schema.org\",\"@graph\":[{\"@type\":\"Article\",\"@id\":\"https:\\\/\\\/aeeolica.org\\\/ecoener-inaugura-el-mayor-complejo-de-generacion-de-energias-renovables-de-las-islas-canarias\\\/#article\",\"isPartOf\":{\"@id\":\"https:\\\/\\\/aeeolica.org\\\/ecoener-inaugura-el-mayor-complejo-de-generacion-de-energias-renovables-de-las-islas-canarias\\\/\"},\"author\":{\"name\":\"Morante D\u00edaz, Mar\u00eda del Mar\",\"@id\":\"https:\\\/\\\/aeeolica.org\\\/#\\\/schema\\\/person\\\/064b26f21f7ed52e0b3854e6b52f9772\"},\"headline\":\"Ecoener inaugura el mayor complejo de generaci\u00f3n de energ\u00edas renovables de las islas Canarias\",\"datePublished\":\"2022-10-30T19:55:30+00:00\",\"dateModified\":\"2022-10-30T19:55:34+00:00\",\"mainEntityOfPage\":{\"@id\":\"https:\\\/\\\/aeeolica.org\\\/ecoener-inaugura-el-mayor-complejo-de-generacion-de-energias-renovables-de-las-islas-canarias\\\/\"},\"wordCount\":893,\"commentCount\":3,\"publisher\":{\"@id\":\"https:\\\/\\\/aeeolica.org\\\/#organization\"},\"image\":{\"@id\":\"https:\\\/\\\/aeeolica.org\\\/ecoener-inaugura-el-mayor-complejo-de-generacion-de-energias-renovables-de-las-islas-canarias\\\/#primaryimage\"},\"thumbnailUrl\":\"https:\\\/\\\/aeeolica.org\\\/wp-content\\\/uploads\\\/2022\\\/10\\\/ECOENER-scaled.jpeg\",\"articleSection\":[\"Newsletter Octubre 2022\"],\"inLanguage\":\"en-US\",\"potentialAction\":[{\"@type\":\"CommentAction\",\"name\":\"Comment\",\"target\":[\"https:\\\/\\\/aeeolica.org\\\/ecoener-inaugura-el-mayor-complejo-de-generacion-de-energias-renovables-de-las-islas-canarias\\\/#respond\"]}]},{\"@type\":\"WebPage\",\"@id\":\"https:\\\/\\\/aeeolica.org\\\/ecoener-inaugura-el-mayor-complejo-de-generacion-de-energias-renovables-de-las-islas-canarias\\\/\",\"url\":\"https:\\\/\\\/aeeolica.org\\\/ecoener-inaugura-el-mayor-complejo-de-generacion-de-energias-renovables-de-las-islas-canarias\\\/\",\"name\":\"Ecoener inaugura el mayor complejo de generaci\u00f3n de energ\u00edas renovables de las islas Canarias - Asociaci\u00f3n Empresarial E\u00f3lica\",\"isPartOf\":{\"@id\":\"https:\\\/\\\/aeeolica.org\\\/#website\"},\"primaryImageOfPage\":{\"@id\":\"https:\\\/\\\/aeeolica.org\\\/ecoener-inaugura-el-mayor-complejo-de-generacion-de-energias-renovables-de-las-islas-canarias\\\/#primaryimage\"},\"image\":{\"@id\":\"https:\\\/\\\/aeeolica.org\\\/ecoener-inaugura-el-mayor-complejo-de-generacion-de-energias-renovables-de-las-islas-canarias\\\/#primaryimage\"},\"thumbnailUrl\":\"https:\\\/\\\/aeeolica.org\\\/wp-content\\\/uploads\\\/2022\\\/10\\\/ECOENER-scaled.jpeg\",\"datePublished\":\"2022-10-30T19:55:30+00:00\",\"dateModified\":\"2022-10-30T19:55:34+00:00\",\"breadcrumb\":{\"@id\":\"https:\\\/\\\/aeeolica.org\\\/ecoener-inaugura-el-mayor-complejo-de-generacion-de-energias-renovables-de-las-islas-canarias\\\/#breadcrumb\"},\"inLanguage\":\"en-US\",\"potentialAction\":[{\"@type\":\"ReadAction\",\"target\":[\"https:\\\/\\\/aeeolica.org\\\/ecoener-inaugura-el-mayor-complejo-de-generacion-de-energias-renovables-de-las-islas-canarias\\\/\"]}]},{\"@type\":\"ImageObject\",\"inLanguage\":\"en-US\",\"@id\":\"https:\\\/\\\/aeeolica.org\\\/ecoener-inaugura-el-mayor-complejo-de-generacion-de-energias-renovables-de-las-islas-canarias\\\/#primaryimage\",\"url\":\"https:\\\/\\\/aeeolica.org\\\/wp-content\\\/uploads\\\/2022\\\/10\\\/ECOENER-scaled.jpeg\",\"contentUrl\":\"https:\\\/\\\/aeeolica.org\\\/wp-content\\\/uploads\\\/2022\\\/10\\\/ECOENER-scaled.jpeg\",\"width\":2560,\"height\":1707},{\"@type\":\"BreadcrumbList\",\"@id\":\"https:\\\/\\\/aeeolica.org\\\/ecoener-inaugura-el-mayor-complejo-de-generacion-de-energias-renovables-de-las-islas-canarias\\\/#breadcrumb\",\"itemListElement\":[{\"@type\":\"ListItem\",\"position\":1,\"name\":\"Portada\",\"item\":\"https:\\\/\\\/aeeolica.org\\\/en\\\/inicio\\\/\"},{\"@type\":\"ListItem\",\"position\":2,\"name\":\"Ecoener inaugura el mayor complejo de generaci\u00f3n de energ\u00edas renovables de las islas Canarias\"}]},{\"@type\":\"WebSite\",\"@id\":\"https:\\\/\\\/aeeolica.org\\\/#website\",\"url\":\"https:\\\/\\\/aeeolica.org\\\/\",\"name\":\"Asociaci\u00f3n Empresarial E\u00f3lica\",\"description\":\"AEE Asociaci\u00f3n Empresarial E\u00f3lica\",\"publisher\":{\"@id\":\"https:\\\/\\\/aeeolica.org\\\/#organization\"},\"potentialAction\":[{\"@type\":\"SearchAction\",\"target\":{\"@type\":\"EntryPoint\",\"urlTemplate\":\"https:\\\/\\\/aeeolica.org\\\/?s={search_term_string}\"},\"query-input\":{\"@type\":\"PropertyValueSpecification\",\"valueRequired\":true,\"valueName\":\"search_term_string\"}}],\"inLanguage\":\"en-US\"},{\"@type\":\"Organization\",\"@id\":\"https:\\\/\\\/aeeolica.org\\\/#organization\",\"name\":\"Asociaci\u00f3n Empresarial E\u00f3lica\",\"url\":\"https:\\\/\\\/aeeolica.org\\\/\",\"logo\":{\"@type\":\"ImageObject\",\"inLanguage\":\"en-US\",\"@id\":\"https:\\\/\\\/aeeolica.org\\\/#\\\/schema\\\/logo\\\/image\\\/\",\"url\":\"https:\\\/\\\/aeeolica.org\\\/wp-content\\\/uploads\\\/2021\\\/08\\\/logo-aee.png\",\"contentUrl\":\"https:\\\/\\\/aeeolica.org\\\/wp-content\\\/uploads\\\/2021\\\/08\\\/logo-aee.png\",\"width\":180,\"height\":78,\"caption\":\"Asociaci\u00f3n Empresarial E\u00f3lica\"},\"image\":{\"@id\":\"https:\\\/\\\/aeeolica.org\\\/#\\\/schema\\\/logo\\\/image\\\/\"},\"sameAs\":[\"https:\\\/\\\/www.facebook.com\\\/aeeolica\",\"https:\\\/\\\/x.com\\\/aeeolica\",\"https:\\\/\\\/www.instagram.com\\\/aeeolica\\\/\",\"https:\\\/\\\/www.linkedin.com\\\/in\\\/aee-asociaci\u00f3n-empresarial-e\u00f3lica-6830946b\\\/\",\"https:\\\/\\\/www.youtube.com\\\/user\\\/AEEolica\"]},{\"@type\":\"Person\",\"@id\":\"https:\\\/\\\/aeeolica.org\\\/#\\\/schema\\\/person\\\/064b26f21f7ed52e0b3854e6b52f9772\",\"name\":\"Morante D\u00edaz, Mar\u00eda del Mar\",\"image\":{\"@type\":\"ImageObject\",\"inLanguage\":\"en-US\",\"@id\":\"https:\\\/\\\/secure.gravatar.com\\\/avatar\\\/8bfd23e1c4bf5aa0b9314f1c5c9d644e62672831e6a512513954c3f15dffdd5a?s=96&d=mm&r=g\",\"url\":\"https:\\\/\\\/secure.gravatar.com\\\/avatar\\\/8bfd23e1c4bf5aa0b9314f1c5c9d644e62672831e6a512513954c3f15dffdd5a?s=96&d=mm&r=g\",\"contentUrl\":\"https:\\\/\\\/secure.gravatar.com\\\/avatar\\\/8bfd23e1c4bf5aa0b9314f1c5c9d644e62672831e6a512513954c3f15dffdd5a?s=96&d=mm&r=g\",\"caption\":\"Morante D\u00edaz, Mar\u00eda del Mar\"},\"url\":\"https:\\\/\\\/aeeolica.org\\\/en\\\/author\\\/mar\\\/\"}]}<\/script>\n<!-- \/ Yoast SEO plugin. -->","yoast_head_json":{"title":"Ecoener inaugura el mayor complejo de generaci\u00f3n de energ\u00edas renovables de las islas Canarias - Asociaci\u00f3n Empresarial E\u00f3lica","robots":{"index":"index","follow":"follow","max-snippet":"max-snippet:-1","max-image-preview":"max-image-preview:large","max-video-preview":"max-video-preview:-1"},"canonical":"https:\/\/aeeolica.org\/ecoener-inaugura-el-mayor-complejo-de-generacion-de-energias-renovables-de-las-islas-canarias\/","og_locale":"en_US","og_type":"article","og_title":"Ecoener inaugura el mayor complejo de generaci\u00f3n de energ\u00edas renovables de las islas Canarias - Asociaci\u00f3n Empresarial E\u00f3lica","og_description":"El complejo de Gran Canaria cuenta con 100 MW de potencia instalada y ha supuesto una inversi\u00f3n de 125 millones de euros. Se han instalado mejoras ambientales pioneras como casi [&hellip;]","og_url":"https:\/\/aeeolica.org\/ecoener-inaugura-el-mayor-complejo-de-generacion-de-energias-renovables-de-las-islas-canarias\/","og_site_name":"Asociaci\u00f3n Empresarial E\u00f3lica","article_publisher":"https:\/\/www.facebook.com\/aeeolica","article_published_time":"2022-10-30T19:55:30+00:00","article_modified_time":"2022-10-30T19:55:34+00:00","og_image":[{"width":2560,"height":1707,"url":"https:\/\/aeeolica.org\/wp-content\/uploads\/2022\/10\/ECOENER-scaled.jpeg","type":"image\/jpeg"}],"author":"Morante D\u00edaz, Mar\u00eda del Mar","twitter_card":"summary_large_image","twitter_creator":"@aeeolica","twitter_site":"@aeeolica","twitter_misc":{"Written by":"Morante D\u00edaz, Mar\u00eda del Mar","Est. reading time":"4 minutes"},"schema":{"@context":"https:\/\/schema.org","@graph":[{"@type":"Article","@id":"https:\/\/aeeolica.org\/ecoener-inaugura-el-mayor-complejo-de-generacion-de-energias-renovables-de-las-islas-canarias\/#article","isPartOf":{"@id":"https:\/\/aeeolica.org\/ecoener-inaugura-el-mayor-complejo-de-generacion-de-energias-renovables-de-las-islas-canarias\/"},"author":{"name":"Morante D\u00edaz, Mar\u00eda del Mar","@id":"https:\/\/aeeolica.org\/#\/schema\/person\/064b26f21f7ed52e0b3854e6b52f9772"},"headline":"Ecoener inaugura el mayor complejo de generaci\u00f3n de energ\u00edas renovables de las islas Canarias","datePublished":"2022-10-30T19:55:30+00:00","dateModified":"2022-10-30T19:55:34+00:00","mainEntityOfPage":{"@id":"https:\/\/aeeolica.org\/ecoener-inaugura-el-mayor-complejo-de-generacion-de-energias-renovables-de-las-islas-canarias\/"},"wordCount":893,"commentCount":3,"publisher":{"@id":"https:\/\/aeeolica.org\/#organization"},"image":{"@id":"https:\/\/aeeolica.org\/ecoener-inaugura-el-mayor-complejo-de-generacion-de-energias-renovables-de-las-islas-canarias\/#primaryimage"},"thumbnailUrl":"https:\/\/aeeolica.org\/wp-content\/uploads\/2022\/10\/ECOENER-scaled.jpeg","articleSection":["Newsletter Octubre 2022"],"inLanguage":"en-US","potentialAction":[{"@type":"CommentAction","name":"Comment","target":["https:\/\/aeeolica.org\/ecoener-inaugura-el-mayor-complejo-de-generacion-de-energias-renovables-de-las-islas-canarias\/#respond"]}]},{"@type":"WebPage","@id":"https:\/\/aeeolica.org\/ecoener-inaugura-el-mayor-complejo-de-generacion-de-energias-renovables-de-las-islas-canarias\/","url":"https:\/\/aeeolica.org\/ecoener-inaugura-el-mayor-complejo-de-generacion-de-energias-renovables-de-las-islas-canarias\/","name":"Ecoener inaugura el mayor complejo de generaci\u00f3n de energ\u00edas renovables de las islas Canarias - Asociaci\u00f3n Empresarial E\u00f3lica","isPartOf":{"@id":"https:\/\/aeeolica.org\/#website"},"primaryImageOfPage":{"@id":"https:\/\/aeeolica.org\/ecoener-inaugura-el-mayor-complejo-de-generacion-de-energias-renovables-de-las-islas-canarias\/#primaryimage"},"image":{"@id":"https:\/\/aeeolica.org\/ecoener-inaugura-el-mayor-complejo-de-generacion-de-energias-renovables-de-las-islas-canarias\/#primaryimage"},"thumbnailUrl":"https:\/\/aeeolica.org\/wp-content\/uploads\/2022\/10\/ECOENER-scaled.jpeg","datePublished":"2022-10-30T19:55:30+00:00","dateModified":"2022-10-30T19:55:34+00:00","breadcrumb":{"@id":"https:\/\/aeeolica.org\/ecoener-inaugura-el-mayor-complejo-de-generacion-de-energias-renovables-de-las-islas-canarias\/#breadcrumb"},"inLanguage":"en-US","potentialAction":[{"@type":"ReadAction","target":["https:\/\/aeeolica.org\/ecoener-inaugura-el-mayor-complejo-de-generacion-de-energias-renovables-de-las-islas-canarias\/"]}]},{"@type":"ImageObject","inLanguage":"en-US","@id":"https:\/\/aeeolica.org\/ecoener-inaugura-el-mayor-complejo-de-generacion-de-energias-renovables-de-las-islas-canarias\/#primaryimage","url":"https:\/\/aeeolica.org\/wp-content\/uploads\/2022\/10\/ECOENER-scaled.jpeg","contentUrl":"https:\/\/aeeolica.org\/wp-content\/uploads\/2022\/10\/ECOENER-scaled.jpeg","width":2560,"height":1707},{"@type":"BreadcrumbList","@id":"https:\/\/aeeolica.org\/ecoener-inaugura-el-mayor-complejo-de-generacion-de-energias-renovables-de-las-islas-canarias\/#breadcrumb","itemListElement":[{"@type":"ListItem","position":1,"name":"Portada","item":"https:\/\/aeeolica.org\/en\/inicio\/"},{"@type":"ListItem","position":2,"name":"Ecoener inaugura el mayor complejo de generaci\u00f3n de energ\u00edas renovables de las islas Canarias"}]},{"@type":"WebSite","@id":"https:\/\/aeeolica.org\/#website","url":"https:\/\/aeeolica.org\/","name":"Asociaci\u00f3n Empresarial E\u00f3lica","description":"AEE Asociaci\u00f3n Empresarial E\u00f3lica","publisher":{"@id":"https:\/\/aeeolica.org\/#organization"},"potentialAction":[{"@type":"SearchAction","target":{"@type":"EntryPoint","urlTemplate":"https:\/\/aeeolica.org\/?s={search_term_string}"},"query-input":{"@type":"PropertyValueSpecification","valueRequired":true,"valueName":"search_term_string"}}],"inLanguage":"en-US"},{"@type":"Organization","@id":"https:\/\/aeeolica.org\/#organization","name":"Asociaci\u00f3n Empresarial E\u00f3lica","url":"https:\/\/aeeolica.org\/","logo":{"@type":"ImageObject","inLanguage":"en-US","@id":"https:\/\/aeeolica.org\/#\/schema\/logo\/image\/","url":"https:\/\/aeeolica.org\/wp-content\/uploads\/2021\/08\/logo-aee.png","contentUrl":"https:\/\/aeeolica.org\/wp-content\/uploads\/2021\/08\/logo-aee.png","width":180,"height":78,"caption":"Asociaci\u00f3n Empresarial E\u00f3lica"},"image":{"@id":"https:\/\/aeeolica.org\/#\/schema\/logo\/image\/"},"sameAs":["https:\/\/www.facebook.com\/aeeolica","https:\/\/x.com\/aeeolica","https:\/\/www.instagram.com\/aeeolica\/","https:\/\/www.linkedin.com\/in\/aee-asociaci\u00f3n-empresarial-e\u00f3lica-6830946b\/","https:\/\/www.youtube.com\/user\/AEEolica"]},{"@type":"Person","@id":"https:\/\/aeeolica.org\/#\/schema\/person\/064b26f21f7ed52e0b3854e6b52f9772","name":"Morante D\u00edaz, Mar\u00eda del Mar","image":{"@type":"ImageObject","inLanguage":"en-US","@id":"https:\/\/secure.gravatar.com\/avatar\/8bfd23e1c4bf5aa0b9314f1c5c9d644e62672831e6a512513954c3f15dffdd5a?s=96&d=mm&r=g","url":"https:\/\/secure.gravatar.com\/avatar\/8bfd23e1c4bf5aa0b9314f1c5c9d644e62672831e6a512513954c3f15dffdd5a?s=96&d=mm&r=g","contentUrl":"https:\/\/secure.gravatar.com\/avatar\/8bfd23e1c4bf5aa0b9314f1c5c9d644e62672831e6a512513954c3f15dffdd5a?s=96&d=mm&r=g","caption":"Morante D\u00edaz, Mar\u00eda del Mar"},"url":"https:\/\/aeeolica.org\/en\/author\/mar\/"}]}},"_links":{"self":[{"href":"https:\/\/aeeolica.org\/en\/wp-json\/wp\/v2\/posts\/73006","targetHints":{"allow":["GET"]}}],"collection":[{"href":"https:\/\/aeeolica.org\/en\/wp-json\/wp\/v2\/posts"}],"about":[{"href":"https:\/\/aeeolica.org\/en\/wp-json\/wp\/v2\/types\/post"}],"author":[{"embeddable":true,"href":"https:\/\/aeeolica.org\/en\/wp-json\/wp\/v2\/users\/2"}],"replies":[{"embeddable":true,"href":"https:\/\/aeeolica.org\/en\/wp-json\/wp\/v2\/comments?post=73006"}],"version-history":[{"count":0,"href":"https:\/\/aeeolica.org\/en\/wp-json\/wp\/v2\/posts\/73006\/revisions"}],"wp:featuredmedia":[{"embeddable":true,"href":"https:\/\/aeeolica.org\/en\/wp-json\/wp\/v2\/media\/73004"}],"wp:attachment":[{"href":"https:\/\/aeeolica.org\/en\/wp-json\/wp\/v2\/media?parent=73006"}],"wp:term":[{"taxonomy":"category","embeddable":true,"href":"https:\/\/aeeolica.org\/en\/wp-json\/wp\/v2\/categories?post=73006"},{"taxonomy":"post_tag","embeddable":true,"href":"https:\/\/aeeolica.org\/en\/wp-json\/wp\/v2\/tags?post=73006"}],"curies":[{"name":"wp","href":"https:\/\/api.w.org\/{rel}","templated":true}]}}