{"id":73018,"date":"2022-10-30T21:04:25","date_gmt":"2022-10-30T20:04:25","guid":{"rendered":"https:\/\/aeeolica.org\/?p=73018"},"modified":"2022-10-30T21:04:28","modified_gmt":"2022-10-30T20:04:28","slug":"baywa-r-e-presenta-la-licencia-para-el-primer-proyecto-comercial-de-energia-eolica-marina-flotante-sin-subvenciones-en-la-costa-portuguesa","status":"publish","type":"post","link":"https:\/\/aeeolica.org\/en\/baywa-r-e-presenta-la-licencia-para-el-primer-proyecto-comercial-de-energia-eolica-marina-flotante-sin-subvenciones-en-la-costa-portuguesa\/","title":{"rendered":"BayWa r.e. presenta la licencia para el primer proyecto comercial de energ\u00eda e\u00f3lica marina flotante sin subvenciones en la costa portuguesa"},"content":{"rendered":"\n<p><a href=\"https:\/\/www.baywa-re.com\/en\/?gclid=CjwKCAjw7p6aBhBiEiwA83fGuscOAS1iMQtI3307bphZhX_b6AwlPPfgGoSo7owTEUPSQWdHr9yVERoC7PoQAvD_BwE\">BayWa r.e.<\/a> entra en la fase decisiva del proceso de autorizaci\u00f3n oficial para el primer proyecto de energ\u00eda e\u00f3lica flotante offshore a escala comercial en Portugal. Se trata del primer proyecto de estas caracter\u00edsticas sin subvenciones del mundo, y llega tras las primeras conversaciones y fases de consulta previa con el Gobierno portugu\u00e9s y todas las partes locales interesadas.<\/p>\n\n\n\n<p>La empresa ha solicitado oficialmente los derechos de uso exclusivo del fondo marino para desarrollar un parque e\u00f3lico flotante que contar\u00e1 con 30 turbinas y una potencia total de hasta 600 MW. El espacio se ubica enfrente de la costa de Viana do Castelo, en el norte de Portugal.<\/p>\n\n\n\n<p>El proyecto es compatible con las licitaciones de energ\u00eda e\u00f3lica marina recientemente anunciadas y que se llevar\u00e1n a cabo pr\u00f3ximamente. Adem\u00e1s, puede servir de modelo para futuros proyectos de licitaci\u00f3n<a>.<\/a> BayWa r.e. quiere apoyar la creaci\u00f3n de una cadena global de suministro de energ\u00eda e\u00f3lica marina flotante en Portugal, utilizando la infraestructura local existente de manera que sirva para otros proyectos de concurso en el pa\u00eds. Por otro lado, el proyecto se realizar\u00e1 sin ninguna subvenci\u00f3n p\u00fablica, gracias a \u00a0un acuerdo de compra de energ\u00eda (PPA).<\/p>\n\n\n\n<p>El proyecto tambi\u00e9n supone un gran apoyo para Portugal, contribuyendo a que el pa\u00eds logre sus objetivos clim\u00e1ticos y alcance las cero emisiones en las pr\u00f3ximas d\u00e9cadas. Concretamente, el pa\u00eds luso tiene la intenci\u00f3n de aumentar la participaci\u00f3n de la energ\u00eda renovable en el mix energ\u00e9tico hasta el 80% en 2026.<\/p>\n\n\n\n<p>Ricardo Rocha, director t\u00e9cnico de energ\u00eda e\u00f3lica marina de BayWa r.e., ha manifestado: &#8220;<em>Nuestro proyecto ser\u00e1 un verdadero hito para la industria offshore portuguesa. Hemos trabajado duro con nuestros socios industriales y todas las partes interesadas durante el proceso de desarrollo. Ahora es el momento de pasar al siguiente nivel. Deseamos seguir colaborando con el Gobierno y las autoridades locales para hacer de este proyecto, no s\u00f3lo un proyecto en Portugal, sino dise\u00f1ado especialmente, para Portugal<\/em>.&#8221;<\/p>\n\n\n\n<p>Por su parte, Lorenzo Palombi, director global de proyectos e\u00f3licos de BayWa r.e, ha declarado: &#8220;<em>Nuestro proyecto est\u00e1 muy en l\u00ednea con los ambiciosos objetivos de Portugal en cuanto a e\u00f3lica marina. La zona donde se construir\u00e1 nuestro parque e\u00f3lico flotante forma parte del plan de espacio marino del Gobierno portugu\u00e9s, por lo que ya cuenta con una zona espec\u00edfica. En BayWa r.e. estamos entusiasmados, no s\u00f3lo por impulsar la transici\u00f3n energ\u00e9tica con este proyecto, sino tambi\u00e9n por aportar beneficios socioecon\u00f3micos, como nuevos puestos de trabajo e infraestructuras locales, a la comunidad de Viana do Castelo<\/em>&#8220;.<\/p>\n\n\n\n<p>BayWa r.e. ya ha tenido \u00e9xito con proyectos similares. Esto incluye los derechos para desarrollar el proyecto de 960 MW de Buchan, en la costa noreste de Escocia. Adem\u00e1s, BayWa r.e. tambi\u00e9n se ha precalificado para dos licitaciones de energ\u00eda e\u00f3lica marina flotante en Francia, incluyendo un proyecto de 250 MW en el sur de Breta\u00f1a, as\u00ed como otros dos proyectos con una capacidad total de 500 MW en el Mar Mediterr\u00e1neo.<\/p>\n\n\n\n<p><strong>Sobre BayWa r.e. AG (BayWa r.e.)<\/strong><\/p>\n\n\n\n<p>En BayWa r.e. nos replanteamos c\u00f3mo producir, almacenar y utilizar la energ\u00eda del mejor modo posible para permitir la transici\u00f3n global a la energ\u00eda renovable, tan esencial para el futuro de nuestro planeta.<\/p>\n\n\n\n<p>Somos l\u00edderes en el desarrollo, distribuci\u00f3n y oferta de servicios y soluciones de energ\u00eda renovable; hemos superado los 4,5 GW de energ\u00eda conectada a la red y gestionamos m\u00e1s de 10 GW en activos. Tambi\u00e9n somos productores independientes de energ\u00eda con un \u00e1rea de comercializaci\u00f3n de energ\u00eda en expansi\u00f3n.<\/p>\n\n\n\n<p>En Espa\u00f1a, BayWa r.e lleva presente desde 2010, desarrollando proyectos de energ\u00edas renovables, tanto fotovoltaica como e\u00f3lica. Ya cuenta con una cartera de proyectos de en torno a los 2 GW y ha construido m\u00e1s de 600 MW de proyectos e\u00f3licos y fotovoltaicos. Hasta la fecha, la compa\u00f1\u00eda ha firmado 600 MW de PPAs en el pa\u00eds.<\/p>\n\n\n\n<p>Adem\u00e1s, ofrece servicios de Operaci\u00f3n y Mantenimiento y gesti\u00f3n de activos, cuenta con m\u00e1s de 29 plantas e\u00f3licas y fotovoltaicas en mantenimiento, 600 MW en cartera y un pipeline de 2,25 GW para 2025. En 2021, esta divisi\u00f3n contin\u00faa enfocando sus esfuerzos en la operaci\u00f3n y el mantenimiento t\u00e9cnico y comercial, el revamping, la digitalizaci\u00f3n y un completo Asset Management.<\/p>\n\n\n\n<p>BayWa r.e. trabaja con empresas en todo el mundo para entregar soluciones personalizadas de energ\u00eda renovable. Con unas operaciones 100 % neutras en carbono, hemos emprendido tambi\u00e9n nuestro propio viaje hacia la sostenibilidad.<\/p>\n\n\n\n<p>Cada d\u00eda, nos esforzamos por contribuir activamente a trazar el futuro de la energ\u00eda en un entorno de trabajo diverso, equitativo e inclusivo.<\/p>\n\n\n\n<p>Nuestros accionistas son BayWa AG, empresa global que factura 19,8 mil millones de euros, y Energy Infrastructure Partners, l\u00edder en inversi\u00f3n en infraestructura energ\u00e9tica.&nbsp; <strong><\/strong><\/p>\n","protected":false},"excerpt":{"rendered":"<p>BayWa r.e. entra en la fase decisiva del proceso de autorizaci\u00f3n oficial para el primer proyecto de energ\u00eda e\u00f3lica flotante offshore a escala comercial en Portugal. Se trata del primer [&hellip;]<\/p>\n","protected":false},"author":2,"featured_media":73016,"comment_status":"open","ping_status":"open","sticky":false,"template":"","format":"standard","meta":{"_acf_changed":false,"_bbp_topic_count":0,"_bbp_reply_count":0,"_bbp_total_topic_count":0,"_bbp_total_reply_count":0,"_bbp_voice_count":0,"_bbp_anonymous_reply_count":0,"_bbp_topic_count_hidden":0,"_bbp_reply_count_hidden":0,"_bbp_forum_subforum_count":0,"_et_pb_use_builder":"","_et_pb_old_content":"","_et_gb_content_width":"","footnotes":""},"categories":[439],"tags":[],"class_list":["post-73018","post","type-post","status-publish","format-standard","has-post-thumbnail","hentry","category-newsletter-octubre-2022"],"acf":[],"yoast_head":"<!-- This site is optimized with the Yoast SEO plugin v27.4 - https:\/\/yoast.com\/product\/yoast-seo-wordpress\/ -->\n<title>BayWa r.e. presenta la licencia para el primer proyecto comercial de energ\u00eda e\u00f3lica marina flotante sin subvenciones en la costa portuguesa - Asociaci\u00f3n Empresarial E\u00f3lica<\/title>\n<meta name=\"robots\" content=\"index, follow, max-snippet:-1, max-image-preview:large, max-video-preview:-1\" \/>\n<link rel=\"canonical\" href=\"https:\/\/aeeolica.org\/baywa-r-e-presenta-la-licencia-para-el-primer-proyecto-comercial-de-energia-eolica-marina-flotante-sin-subvenciones-en-la-costa-portuguesa\/\" \/>\n<meta property=\"og:locale\" content=\"en_US\" \/>\n<meta property=\"og:type\" content=\"article\" \/>\n<meta property=\"og:title\" content=\"BayWa r.e. presenta la licencia para el primer proyecto comercial de energ\u00eda e\u00f3lica marina flotante sin subvenciones en la costa portuguesa - Asociaci\u00f3n Empresarial E\u00f3lica\" \/>\n<meta property=\"og:description\" content=\"BayWa r.e. entra en la fase decisiva del proceso de autorizaci\u00f3n oficial para el primer proyecto de energ\u00eda e\u00f3lica flotante offshore a escala comercial en Portugal. Se trata del primer [&hellip;]\" \/>\n<meta property=\"og:url\" content=\"https:\/\/aeeolica.org\/baywa-r-e-presenta-la-licencia-para-el-primer-proyecto-comercial-de-energia-eolica-marina-flotante-sin-subvenciones-en-la-costa-portuguesa\/\" \/>\n<meta property=\"og:site_name\" content=\"Asociaci\u00f3n Empresarial E\u00f3lica\" \/>\n<meta property=\"article:publisher\" content=\"https:\/\/www.facebook.com\/aeeolica\" \/>\n<meta property=\"article:published_time\" content=\"2022-10-30T20:04:25+00:00\" \/>\n<meta property=\"article:modified_time\" content=\"2022-10-30T20:04:28+00:00\" \/>\n<meta property=\"og:image\" content=\"https:\/\/aeeolica.org\/wp-content\/uploads\/2022\/10\/Viana-Offshore-Wind-Project-BayWa_skaliert.jpg\" \/>\n\t<meta property=\"og:image:width\" content=\"1920\" \/>\n\t<meta property=\"og:image:height\" content=\"1080\" \/>\n\t<meta property=\"og:image:type\" content=\"image\/jpeg\" \/>\n<meta name=\"author\" content=\"Morante D\u00edaz, Mar\u00eda del Mar\" \/>\n<meta name=\"twitter:card\" content=\"summary_large_image\" \/>\n<meta name=\"twitter:creator\" content=\"@aeeolica\" \/>\n<meta name=\"twitter:site\" content=\"@aeeolica\" \/>\n<meta name=\"twitter:label1\" content=\"Written by\" \/>\n\t<meta name=\"twitter:data1\" content=\"Morante D\u00edaz, Mar\u00eda del Mar\" \/>\n\t<meta name=\"twitter:label2\" content=\"Est. reading time\" \/>\n\t<meta name=\"twitter:data2\" content=\"4 minutes\" \/>\n<script type=\"application\/ld+json\" class=\"yoast-schema-graph\">{\"@context\":\"https:\\\/\\\/schema.org\",\"@graph\":[{\"@type\":\"Article\",\"@id\":\"https:\\\/\\\/aeeolica.org\\\/baywa-r-e-presenta-la-licencia-para-el-primer-proyecto-comercial-de-energia-eolica-marina-flotante-sin-subvenciones-en-la-costa-portuguesa\\\/#article\",\"isPartOf\":{\"@id\":\"https:\\\/\\\/aeeolica.org\\\/baywa-r-e-presenta-la-licencia-para-el-primer-proyecto-comercial-de-energia-eolica-marina-flotante-sin-subvenciones-en-la-costa-portuguesa\\\/\"},\"author\":{\"name\":\"Morante D\u00edaz, Mar\u00eda del Mar\",\"@id\":\"https:\\\/\\\/aeeolica.org\\\/#\\\/schema\\\/person\\\/064b26f21f7ed52e0b3854e6b52f9772\"},\"headline\":\"BayWa r.e. presenta la licencia para el primer proyecto comercial de energ\u00eda e\u00f3lica marina flotante sin subvenciones en la costa portuguesa\",\"datePublished\":\"2022-10-30T20:04:25+00:00\",\"dateModified\":\"2022-10-30T20:04:28+00:00\",\"mainEntityOfPage\":{\"@id\":\"https:\\\/\\\/aeeolica.org\\\/baywa-r-e-presenta-la-licencia-para-el-primer-proyecto-comercial-de-energia-eolica-marina-flotante-sin-subvenciones-en-la-costa-portuguesa\\\/\"},\"wordCount\":879,\"commentCount\":1,\"publisher\":{\"@id\":\"https:\\\/\\\/aeeolica.org\\\/#organization\"},\"image\":{\"@id\":\"https:\\\/\\\/aeeolica.org\\\/baywa-r-e-presenta-la-licencia-para-el-primer-proyecto-comercial-de-energia-eolica-marina-flotante-sin-subvenciones-en-la-costa-portuguesa\\\/#primaryimage\"},\"thumbnailUrl\":\"https:\\\/\\\/aeeolica.org\\\/wp-content\\\/uploads\\\/2022\\\/10\\\/Viana-Offshore-Wind-Project-BayWa_skaliert.jpg\",\"articleSection\":[\"Newsletter Octubre 2022\"],\"inLanguage\":\"en-US\",\"potentialAction\":[{\"@type\":\"CommentAction\",\"name\":\"Comment\",\"target\":[\"https:\\\/\\\/aeeolica.org\\\/baywa-r-e-presenta-la-licencia-para-el-primer-proyecto-comercial-de-energia-eolica-marina-flotante-sin-subvenciones-en-la-costa-portuguesa\\\/#respond\"]}]},{\"@type\":\"WebPage\",\"@id\":\"https:\\\/\\\/aeeolica.org\\\/baywa-r-e-presenta-la-licencia-para-el-primer-proyecto-comercial-de-energia-eolica-marina-flotante-sin-subvenciones-en-la-costa-portuguesa\\\/\",\"url\":\"https:\\\/\\\/aeeolica.org\\\/baywa-r-e-presenta-la-licencia-para-el-primer-proyecto-comercial-de-energia-eolica-marina-flotante-sin-subvenciones-en-la-costa-portuguesa\\\/\",\"name\":\"BayWa r.e. presenta la licencia para el primer proyecto comercial de energ\u00eda e\u00f3lica marina flotante sin subvenciones en la costa portuguesa - Asociaci\u00f3n Empresarial E\u00f3lica\",\"isPartOf\":{\"@id\":\"https:\\\/\\\/aeeolica.org\\\/#website\"},\"primaryImageOfPage\":{\"@id\":\"https:\\\/\\\/aeeolica.org\\\/baywa-r-e-presenta-la-licencia-para-el-primer-proyecto-comercial-de-energia-eolica-marina-flotante-sin-subvenciones-en-la-costa-portuguesa\\\/#primaryimage\"},\"image\":{\"@id\":\"https:\\\/\\\/aeeolica.org\\\/baywa-r-e-presenta-la-licencia-para-el-primer-proyecto-comercial-de-energia-eolica-marina-flotante-sin-subvenciones-en-la-costa-portuguesa\\\/#primaryimage\"},\"thumbnailUrl\":\"https:\\\/\\\/aeeolica.org\\\/wp-content\\\/uploads\\\/2022\\\/10\\\/Viana-Offshore-Wind-Project-BayWa_skaliert.jpg\",\"datePublished\":\"2022-10-30T20:04:25+00:00\",\"dateModified\":\"2022-10-30T20:04:28+00:00\",\"breadcrumb\":{\"@id\":\"https:\\\/\\\/aeeolica.org\\\/baywa-r-e-presenta-la-licencia-para-el-primer-proyecto-comercial-de-energia-eolica-marina-flotante-sin-subvenciones-en-la-costa-portuguesa\\\/#breadcrumb\"},\"inLanguage\":\"en-US\",\"potentialAction\":[{\"@type\":\"ReadAction\",\"target\":[\"https:\\\/\\\/aeeolica.org\\\/baywa-r-e-presenta-la-licencia-para-el-primer-proyecto-comercial-de-energia-eolica-marina-flotante-sin-subvenciones-en-la-costa-portuguesa\\\/\"]}]},{\"@type\":\"ImageObject\",\"inLanguage\":\"en-US\",\"@id\":\"https:\\\/\\\/aeeolica.org\\\/baywa-r-e-presenta-la-licencia-para-el-primer-proyecto-comercial-de-energia-eolica-marina-flotante-sin-subvenciones-en-la-costa-portuguesa\\\/#primaryimage\",\"url\":\"https:\\\/\\\/aeeolica.org\\\/wp-content\\\/uploads\\\/2022\\\/10\\\/Viana-Offshore-Wind-Project-BayWa_skaliert.jpg\",\"contentUrl\":\"https:\\\/\\\/aeeolica.org\\\/wp-content\\\/uploads\\\/2022\\\/10\\\/Viana-Offshore-Wind-Project-BayWa_skaliert.jpg\",\"width\":1920,\"height\":1080},{\"@type\":\"BreadcrumbList\",\"@id\":\"https:\\\/\\\/aeeolica.org\\\/baywa-r-e-presenta-la-licencia-para-el-primer-proyecto-comercial-de-energia-eolica-marina-flotante-sin-subvenciones-en-la-costa-portuguesa\\\/#breadcrumb\",\"itemListElement\":[{\"@type\":\"ListItem\",\"position\":1,\"name\":\"Portada\",\"item\":\"https:\\\/\\\/aeeolica.org\\\/en\\\/inicio\\\/\"},{\"@type\":\"ListItem\",\"position\":2,\"name\":\"BayWa r.e. presenta la licencia para el primer proyecto comercial de energ\u00eda e\u00f3lica marina flotante sin subvenciones en la costa portuguesa\"}]},{\"@type\":\"WebSite\",\"@id\":\"https:\\\/\\\/aeeolica.org\\\/#website\",\"url\":\"https:\\\/\\\/aeeolica.org\\\/\",\"name\":\"Asociaci\u00f3n Empresarial E\u00f3lica\",\"description\":\"AEE Asociaci\u00f3n Empresarial E\u00f3lica\",\"publisher\":{\"@id\":\"https:\\\/\\\/aeeolica.org\\\/#organization\"},\"potentialAction\":[{\"@type\":\"SearchAction\",\"target\":{\"@type\":\"EntryPoint\",\"urlTemplate\":\"https:\\\/\\\/aeeolica.org\\\/?s={search_term_string}\"},\"query-input\":{\"@type\":\"PropertyValueSpecification\",\"valueRequired\":true,\"valueName\":\"search_term_string\"}}],\"inLanguage\":\"en-US\"},{\"@type\":\"Organization\",\"@id\":\"https:\\\/\\\/aeeolica.org\\\/#organization\",\"name\":\"Asociaci\u00f3n Empresarial E\u00f3lica\",\"url\":\"https:\\\/\\\/aeeolica.org\\\/\",\"logo\":{\"@type\":\"ImageObject\",\"inLanguage\":\"en-US\",\"@id\":\"https:\\\/\\\/aeeolica.org\\\/#\\\/schema\\\/logo\\\/image\\\/\",\"url\":\"https:\\\/\\\/aeeolica.org\\\/wp-content\\\/uploads\\\/2021\\\/08\\\/logo-aee.png\",\"contentUrl\":\"https:\\\/\\\/aeeolica.org\\\/wp-content\\\/uploads\\\/2021\\\/08\\\/logo-aee.png\",\"width\":180,\"height\":78,\"caption\":\"Asociaci\u00f3n Empresarial E\u00f3lica\"},\"image\":{\"@id\":\"https:\\\/\\\/aeeolica.org\\\/#\\\/schema\\\/logo\\\/image\\\/\"},\"sameAs\":[\"https:\\\/\\\/www.facebook.com\\\/aeeolica\",\"https:\\\/\\\/x.com\\\/aeeolica\",\"https:\\\/\\\/www.instagram.com\\\/aeeolica\\\/\",\"https:\\\/\\\/www.linkedin.com\\\/in\\\/aee-asociaci\u00f3n-empresarial-e\u00f3lica-6830946b\\\/\",\"https:\\\/\\\/www.youtube.com\\\/user\\\/AEEolica\"]},{\"@type\":\"Person\",\"@id\":\"https:\\\/\\\/aeeolica.org\\\/#\\\/schema\\\/person\\\/064b26f21f7ed52e0b3854e6b52f9772\",\"name\":\"Morante D\u00edaz, Mar\u00eda del Mar\",\"image\":{\"@type\":\"ImageObject\",\"inLanguage\":\"en-US\",\"@id\":\"https:\\\/\\\/secure.gravatar.com\\\/avatar\\\/8bfd23e1c4bf5aa0b9314f1c5c9d644e62672831e6a512513954c3f15dffdd5a?s=96&d=mm&r=g\",\"url\":\"https:\\\/\\\/secure.gravatar.com\\\/avatar\\\/8bfd23e1c4bf5aa0b9314f1c5c9d644e62672831e6a512513954c3f15dffdd5a?s=96&d=mm&r=g\",\"contentUrl\":\"https:\\\/\\\/secure.gravatar.com\\\/avatar\\\/8bfd23e1c4bf5aa0b9314f1c5c9d644e62672831e6a512513954c3f15dffdd5a?s=96&d=mm&r=g\",\"caption\":\"Morante D\u00edaz, Mar\u00eda del Mar\"},\"url\":\"https:\\\/\\\/aeeolica.org\\\/en\\\/author\\\/mar\\\/\"}]}<\/script>\n<!-- \/ Yoast SEO plugin. -->","yoast_head_json":{"title":"BayWa r.e. presenta la licencia para el primer proyecto comercial de energ\u00eda e\u00f3lica marina flotante sin subvenciones en la costa portuguesa - Asociaci\u00f3n Empresarial E\u00f3lica","robots":{"index":"index","follow":"follow","max-snippet":"max-snippet:-1","max-image-preview":"max-image-preview:large","max-video-preview":"max-video-preview:-1"},"canonical":"https:\/\/aeeolica.org\/baywa-r-e-presenta-la-licencia-para-el-primer-proyecto-comercial-de-energia-eolica-marina-flotante-sin-subvenciones-en-la-costa-portuguesa\/","og_locale":"en_US","og_type":"article","og_title":"BayWa r.e. presenta la licencia para el primer proyecto comercial de energ\u00eda e\u00f3lica marina flotante sin subvenciones en la costa portuguesa - Asociaci\u00f3n Empresarial E\u00f3lica","og_description":"BayWa r.e. entra en la fase decisiva del proceso de autorizaci\u00f3n oficial para el primer proyecto de energ\u00eda e\u00f3lica flotante offshore a escala comercial en Portugal. Se trata del primer [&hellip;]","og_url":"https:\/\/aeeolica.org\/baywa-r-e-presenta-la-licencia-para-el-primer-proyecto-comercial-de-energia-eolica-marina-flotante-sin-subvenciones-en-la-costa-portuguesa\/","og_site_name":"Asociaci\u00f3n Empresarial E\u00f3lica","article_publisher":"https:\/\/www.facebook.com\/aeeolica","article_published_time":"2022-10-30T20:04:25+00:00","article_modified_time":"2022-10-30T20:04:28+00:00","og_image":[{"width":1920,"height":1080,"url":"https:\/\/aeeolica.org\/wp-content\/uploads\/2022\/10\/Viana-Offshore-Wind-Project-BayWa_skaliert.jpg","type":"image\/jpeg"}],"author":"Morante D\u00edaz, Mar\u00eda del Mar","twitter_card":"summary_large_image","twitter_creator":"@aeeolica","twitter_site":"@aeeolica","twitter_misc":{"Written by":"Morante D\u00edaz, Mar\u00eda del Mar","Est. reading time":"4 minutes"},"schema":{"@context":"https:\/\/schema.org","@graph":[{"@type":"Article","@id":"https:\/\/aeeolica.org\/baywa-r-e-presenta-la-licencia-para-el-primer-proyecto-comercial-de-energia-eolica-marina-flotante-sin-subvenciones-en-la-costa-portuguesa\/#article","isPartOf":{"@id":"https:\/\/aeeolica.org\/baywa-r-e-presenta-la-licencia-para-el-primer-proyecto-comercial-de-energia-eolica-marina-flotante-sin-subvenciones-en-la-costa-portuguesa\/"},"author":{"name":"Morante D\u00edaz, Mar\u00eda del Mar","@id":"https:\/\/aeeolica.org\/#\/schema\/person\/064b26f21f7ed52e0b3854e6b52f9772"},"headline":"BayWa r.e. presenta la licencia para el primer proyecto comercial de energ\u00eda e\u00f3lica marina flotante sin subvenciones en la costa portuguesa","datePublished":"2022-10-30T20:04:25+00:00","dateModified":"2022-10-30T20:04:28+00:00","mainEntityOfPage":{"@id":"https:\/\/aeeolica.org\/baywa-r-e-presenta-la-licencia-para-el-primer-proyecto-comercial-de-energia-eolica-marina-flotante-sin-subvenciones-en-la-costa-portuguesa\/"},"wordCount":879,"commentCount":1,"publisher":{"@id":"https:\/\/aeeolica.org\/#organization"},"image":{"@id":"https:\/\/aeeolica.org\/baywa-r-e-presenta-la-licencia-para-el-primer-proyecto-comercial-de-energia-eolica-marina-flotante-sin-subvenciones-en-la-costa-portuguesa\/#primaryimage"},"thumbnailUrl":"https:\/\/aeeolica.org\/wp-content\/uploads\/2022\/10\/Viana-Offshore-Wind-Project-BayWa_skaliert.jpg","articleSection":["Newsletter Octubre 2022"],"inLanguage":"en-US","potentialAction":[{"@type":"CommentAction","name":"Comment","target":["https:\/\/aeeolica.org\/baywa-r-e-presenta-la-licencia-para-el-primer-proyecto-comercial-de-energia-eolica-marina-flotante-sin-subvenciones-en-la-costa-portuguesa\/#respond"]}]},{"@type":"WebPage","@id":"https:\/\/aeeolica.org\/baywa-r-e-presenta-la-licencia-para-el-primer-proyecto-comercial-de-energia-eolica-marina-flotante-sin-subvenciones-en-la-costa-portuguesa\/","url":"https:\/\/aeeolica.org\/baywa-r-e-presenta-la-licencia-para-el-primer-proyecto-comercial-de-energia-eolica-marina-flotante-sin-subvenciones-en-la-costa-portuguesa\/","name":"BayWa r.e. presenta la licencia para el primer proyecto comercial de energ\u00eda e\u00f3lica marina flotante sin subvenciones en la costa portuguesa - Asociaci\u00f3n Empresarial E\u00f3lica","isPartOf":{"@id":"https:\/\/aeeolica.org\/#website"},"primaryImageOfPage":{"@id":"https:\/\/aeeolica.org\/baywa-r-e-presenta-la-licencia-para-el-primer-proyecto-comercial-de-energia-eolica-marina-flotante-sin-subvenciones-en-la-costa-portuguesa\/#primaryimage"},"image":{"@id":"https:\/\/aeeolica.org\/baywa-r-e-presenta-la-licencia-para-el-primer-proyecto-comercial-de-energia-eolica-marina-flotante-sin-subvenciones-en-la-costa-portuguesa\/#primaryimage"},"thumbnailUrl":"https:\/\/aeeolica.org\/wp-content\/uploads\/2022\/10\/Viana-Offshore-Wind-Project-BayWa_skaliert.jpg","datePublished":"2022-10-30T20:04:25+00:00","dateModified":"2022-10-30T20:04:28+00:00","breadcrumb":{"@id":"https:\/\/aeeolica.org\/baywa-r-e-presenta-la-licencia-para-el-primer-proyecto-comercial-de-energia-eolica-marina-flotante-sin-subvenciones-en-la-costa-portuguesa\/#breadcrumb"},"inLanguage":"en-US","potentialAction":[{"@type":"ReadAction","target":["https:\/\/aeeolica.org\/baywa-r-e-presenta-la-licencia-para-el-primer-proyecto-comercial-de-energia-eolica-marina-flotante-sin-subvenciones-en-la-costa-portuguesa\/"]}]},{"@type":"ImageObject","inLanguage":"en-US","@id":"https:\/\/aeeolica.org\/baywa-r-e-presenta-la-licencia-para-el-primer-proyecto-comercial-de-energia-eolica-marina-flotante-sin-subvenciones-en-la-costa-portuguesa\/#primaryimage","url":"https:\/\/aeeolica.org\/wp-content\/uploads\/2022\/10\/Viana-Offshore-Wind-Project-BayWa_skaliert.jpg","contentUrl":"https:\/\/aeeolica.org\/wp-content\/uploads\/2022\/10\/Viana-Offshore-Wind-Project-BayWa_skaliert.jpg","width":1920,"height":1080},{"@type":"BreadcrumbList","@id":"https:\/\/aeeolica.org\/baywa-r-e-presenta-la-licencia-para-el-primer-proyecto-comercial-de-energia-eolica-marina-flotante-sin-subvenciones-en-la-costa-portuguesa\/#breadcrumb","itemListElement":[{"@type":"ListItem","position":1,"name":"Portada","item":"https:\/\/aeeolica.org\/en\/inicio\/"},{"@type":"ListItem","position":2,"name":"BayWa r.e. presenta la licencia para el primer proyecto comercial de energ\u00eda e\u00f3lica marina flotante sin subvenciones en la costa portuguesa"}]},{"@type":"WebSite","@id":"https:\/\/aeeolica.org\/#website","url":"https:\/\/aeeolica.org\/","name":"Asociaci\u00f3n Empresarial E\u00f3lica","description":"AEE Asociaci\u00f3n Empresarial E\u00f3lica","publisher":{"@id":"https:\/\/aeeolica.org\/#organization"},"potentialAction":[{"@type":"SearchAction","target":{"@type":"EntryPoint","urlTemplate":"https:\/\/aeeolica.org\/?s={search_term_string}"},"query-input":{"@type":"PropertyValueSpecification","valueRequired":true,"valueName":"search_term_string"}}],"inLanguage":"en-US"},{"@type":"Organization","@id":"https:\/\/aeeolica.org\/#organization","name":"Asociaci\u00f3n Empresarial E\u00f3lica","url":"https:\/\/aeeolica.org\/","logo":{"@type":"ImageObject","inLanguage":"en-US","@id":"https:\/\/aeeolica.org\/#\/schema\/logo\/image\/","url":"https:\/\/aeeolica.org\/wp-content\/uploads\/2021\/08\/logo-aee.png","contentUrl":"https:\/\/aeeolica.org\/wp-content\/uploads\/2021\/08\/logo-aee.png","width":180,"height":78,"caption":"Asociaci\u00f3n Empresarial E\u00f3lica"},"image":{"@id":"https:\/\/aeeolica.org\/#\/schema\/logo\/image\/"},"sameAs":["https:\/\/www.facebook.com\/aeeolica","https:\/\/x.com\/aeeolica","https:\/\/www.instagram.com\/aeeolica\/","https:\/\/www.linkedin.com\/in\/aee-asociaci\u00f3n-empresarial-e\u00f3lica-6830946b\/","https:\/\/www.youtube.com\/user\/AEEolica"]},{"@type":"Person","@id":"https:\/\/aeeolica.org\/#\/schema\/person\/064b26f21f7ed52e0b3854e6b52f9772","name":"Morante D\u00edaz, Mar\u00eda del Mar","image":{"@type":"ImageObject","inLanguage":"en-US","@id":"https:\/\/secure.gravatar.com\/avatar\/8bfd23e1c4bf5aa0b9314f1c5c9d644e62672831e6a512513954c3f15dffdd5a?s=96&d=mm&r=g","url":"https:\/\/secure.gravatar.com\/avatar\/8bfd23e1c4bf5aa0b9314f1c5c9d644e62672831e6a512513954c3f15dffdd5a?s=96&d=mm&r=g","contentUrl":"https:\/\/secure.gravatar.com\/avatar\/8bfd23e1c4bf5aa0b9314f1c5c9d644e62672831e6a512513954c3f15dffdd5a?s=96&d=mm&r=g","caption":"Morante D\u00edaz, Mar\u00eda del Mar"},"url":"https:\/\/aeeolica.org\/en\/author\/mar\/"}]}},"_links":{"self":[{"href":"https:\/\/aeeolica.org\/en\/wp-json\/wp\/v2\/posts\/73018","targetHints":{"allow":["GET"]}}],"collection":[{"href":"https:\/\/aeeolica.org\/en\/wp-json\/wp\/v2\/posts"}],"about":[{"href":"https:\/\/aeeolica.org\/en\/wp-json\/wp\/v2\/types\/post"}],"author":[{"embeddable":true,"href":"https:\/\/aeeolica.org\/en\/wp-json\/wp\/v2\/users\/2"}],"replies":[{"embeddable":true,"href":"https:\/\/aeeolica.org\/en\/wp-json\/wp\/v2\/comments?post=73018"}],"version-history":[{"count":0,"href":"https:\/\/aeeolica.org\/en\/wp-json\/wp\/v2\/posts\/73018\/revisions"}],"wp:featuredmedia":[{"embeddable":true,"href":"https:\/\/aeeolica.org\/en\/wp-json\/wp\/v2\/media\/73016"}],"wp:attachment":[{"href":"https:\/\/aeeolica.org\/en\/wp-json\/wp\/v2\/media?parent=73018"}],"wp:term":[{"taxonomy":"category","embeddable":true,"href":"https:\/\/aeeolica.org\/en\/wp-json\/wp\/v2\/categories?post=73018"},{"taxonomy":"post_tag","embeddable":true,"href":"https:\/\/aeeolica.org\/en\/wp-json\/wp\/v2\/tags?post=73018"}],"curies":[{"name":"wp","href":"https:\/\/api.w.org\/{rel}","templated":true}]}}